{"id":69,"date":"2024-06-12T13:21:27","date_gmt":"2024-06-12T13:21:27","guid":{"rendered":"https:\/\/sanlien.com.br\/blog\/?p=69"},"modified":"2024-06-12T13:21:28","modified_gmt":"2024-06-12T13:21:28","slug":"gerenciamento-de-residuos-entenda-sobre-esse-servico","status":"publish","type":"post","link":"https:\/\/www.sanlien.com.br\/blog\/gerenciamento-de-residuos-entenda-sobre-esse-servico\/","title":{"rendered":"Gerenciamento de res\u00edduos: entenda sobre esse servi\u00e7o\u00a0"},"content":{"rendered":"<span class=\"rt-reading-time\" style=\"display: block;\"><span class=\"rt-label rt-prefix\">Tempo de leitura: <\/span> <span class=\"rt-time\">4<\/span> <span class=\"rt-label rt-postfix\">minutos<\/span><\/span>\n<p class=\"has-medium-font-size\"><em><strong>Descubra a import\u00e2ncia do gerenciamento de res\u00edduos e como a San Lien lidera no tratamento <\/strong><\/em><strong><em>de materiais el<\/em><\/strong><em><strong>etr\u00f4nicos. Entenda o processo e os benef\u00edcios de escolher uma gest\u00e3o de res\u00edduos respons\u00e1vel.<\/strong><\/em><\/p>\n\n\n\n<p>Na era contempor\u00e2nea, a quest\u00e3o do <strong>gerenciamento de res\u00edduos<\/strong> se tornou mais crucial do que nunca.&nbsp;<\/p>\n\n\n\n<p>Com o aumento exponencial do consumo e da produ\u00e7\u00e3o industrial, a gera\u00e7\u00e3o de res\u00edduos tem crescido de forma alarmante, desafiando a capacidade do nosso planeta de absorver e reciclar tais volumes.&nbsp;<\/p>\n\n\n\n<p>Neste contexto, surge a import\u00e2ncia do gerenciamento de res\u00edduos, um servi\u00e7o essencial para a manuten\u00e7\u00e3o do equil\u00edbrio ambiental e da sa\u00fade p\u00fablica.<\/p>\n\n\n\n<ul>\n<li><a href=\"https:\/\/sanlien.com.br\/blog\/servico-de-manufatura-reversa-em-sao-paulo-onde-contratar\/\">Servi\u00e7o de manufatura reversa em S\u00e3o Paulo: onde contratar?<\/a><\/li>\n<\/ul>\n\n\n\n<div id=\"ez-toc-container\" class=\"ez-toc-v2_0_62 counter-hierarchy ez-toc-counter ez-toc-grey ez-toc-container-direction\">\n<div class=\"ez-toc-title-container\">\n<p class=\"ez-toc-title \" >T&oacute;picos do artigo<\/p>\n<span class=\"ez-toc-title-toggle\"><a href=\"#\" class=\"ez-toc-pull-right ez-toc-btn ez-toc-btn-xs ez-toc-btn-default ez-toc-toggle\" aria-label=\"Toggle Table of Content\"><span class=\"ez-toc-js-icon-con\"><span class=\"\"><span class=\"eztoc-hide\" style=\"display:none;\">Toggle<\/span><span class=\"ez-toc-icon-toggle-span\"><svg style=\"fill: #999;color:#999\" xmlns=\"http:\/\/www.w3.org\/2000\/svg\" class=\"list-377408\" width=\"20px\" height=\"20px\" viewBox=\"0 0 24 24\" fill=\"none\"><path d=\"M6 6H4v2h2V6zm14 0H8v2h12V6zM4 11h2v2H4v-2zm16 0H8v2h12v-2zM4 16h2v2H4v-2zm16 0H8v2h12v-2z\" fill=\"currentColor\"><\/path><\/svg><svg style=\"fill: #999;color:#999\" class=\"arrow-unsorted-368013\" xmlns=\"http:\/\/www.w3.org\/2000\/svg\" width=\"10px\" height=\"10px\" viewBox=\"0 0 24 24\" version=\"1.2\" baseProfile=\"tiny\"><path d=\"M18.2 9.3l-6.2-6.3-6.2 6.3c-.2.2-.3.4-.3.7s.1.5.3.7c.2.2.4.3.7.3h11c.3 0 .5-.1.7-.3.2-.2.3-.5.3-.7s-.1-.5-.3-.7zM5.8 14.7l6.2 6.3 6.2-6.3c.2-.2.3-.5.3-.7s-.1-.5-.3-.7c-.2-.2-.4-.3-.7-.3h-11c-.3 0-.5.1-.7.3-.2.2-.3.5-.3.7s.1.5.3.7z\"\/><\/svg><\/span><\/span><\/span><\/a><\/span><\/div>\n<nav><ul class='ez-toc-list ez-toc-list-level-1 ' ><li class='ez-toc-page-1 ez-toc-heading-level-2'><a class=\"ez-toc-link ez-toc-heading-1\" href=\"https:\/\/www.sanlien.com.br\/blog\/gerenciamento-de-residuos-entenda-sobre-esse-servico\/#O_que_e_o_gerenciamento_de_residuos\" title=\"O que \u00e9 o gerenciamento de res\u00edduos?\">O que \u00e9 o gerenciamento de res\u00edduos?<\/a><\/li><li class='ez-toc-page-1 ez-toc-heading-level-2'><a class=\"ez-toc-link ez-toc-heading-2\" href=\"https:\/\/www.sanlien.com.br\/blog\/gerenciamento-de-residuos-entenda-sobre-esse-servico\/#Qual_a_importancia\" title=\"Qual a import\u00e2ncia?\">Qual a import\u00e2ncia?<\/a><\/li><li class='ez-toc-page-1 ez-toc-heading-level-2'><a class=\"ez-toc-link ez-toc-heading-3\" href=\"https:\/\/www.sanlien.com.br\/blog\/gerenciamento-de-residuos-entenda-sobre-esse-servico\/#Como_funciona_um_gerenciamento_de_residuos\" title=\"Como funciona um gerenciamento de res\u00edduos?\">Como funciona um gerenciamento de res\u00edduos?<\/a><\/li><li class='ez-toc-page-1 ez-toc-heading-level-2'><a class=\"ez-toc-link ez-toc-heading-4\" href=\"https:\/\/www.sanlien.com.br\/blog\/gerenciamento-de-residuos-entenda-sobre-esse-servico\/#Onde_contratar\" title=\"Onde contratar?&nbsp;\">Onde contratar?&nbsp;<\/a><\/li><li class='ez-toc-page-1 ez-toc-heading-level-2'><a class=\"ez-toc-link ez-toc-heading-5\" href=\"https:\/\/www.sanlien.com.br\/blog\/gerenciamento-de-residuos-entenda-sobre-esse-servico\/#Por_que_escolher_a_San_Lien\" title=\"Por que escolher a San Lien?\">Por que escolher a San Lien?<\/a><\/li><\/ul><\/nav><\/div>\n<h2 class=\"wp-block-heading\"><span class=\"ez-toc-section\" id=\"O_que_e_o_gerenciamento_de_residuos\"><\/span>O que \u00e9 o gerenciamento de res\u00edduos?<span class=\"ez-toc-section-end\"><\/span><\/h2>\n\n\n\n<p>O gerenciamento de res\u00edduos \u00e9 um processo crucial que envolve <strong>coleta, transporte, processamento, reciclagem ou descarte de materiais de res\u00edduos.&nbsp;<\/strong><\/p>\n\n\n\n<p>Este processo \u00e9 essencial para a manuten\u00e7\u00e3o da sa\u00fade p\u00fablica e para a preserva\u00e7\u00e3o do meio ambiente.&nbsp;<\/p>\n\n\n\n<p>Atrav\u00e9s de m\u00e9todos eficientes de gerenciamento de res\u00edduos, \u00e9 poss\u00edvel minimizar os impactos negativos no ecossistema e melhorar a qualidade de vida das pessoas.<\/p>\n\n\n\n<ul>\n<li><a href=\"https:\/\/sanlien.com.br\/blog\/coleta-de-sucata-de-equipamento-eletronico-em-sao-paulo-onde-encontrar\/\">Coleta de sucata de equipamento eletr\u00f4nico em S\u00e3o Paulo: onde encontrar?<\/a><\/li>\n<\/ul>\n\n\n\n<h2 class=\"wp-block-heading\"><span class=\"ez-toc-section\" id=\"Qual_a_importancia\"><\/span>Qual a import\u00e2ncia?<span class=\"ez-toc-section-end\"><\/span><\/h2>\n\n\n\n<p>A gest\u00e3o eficiente de res\u00edduos \u00e9 fundamental para promover a sustentabilidade ambiental. Aqui est\u00e3o os principais motivos que destacam sua import\u00e2ncia:<\/p>\n\n\n\n<ol>\n<li><strong>Redu\u00e7\u00e3o da polui\u00e7\u00e3o<\/strong>: o gerenciamento adequado de res\u00edduos minimiza a contamina\u00e7\u00e3o do solo, da \u00e1gua e do ar, prevenindo que grandes quantidades de dejetos se acumulem em aterros sanit\u00e1rios ou sejam descartados em locais impr\u00f3prios.<\/li>\n\n\n\n<li><strong>Promo\u00e7\u00e3o da reciclagem e reutiliza\u00e7\u00e3o<\/strong>: um sistema de gerenciamento de res\u00edduos bem estruturado n\u00e3o apenas facilita, mas tamb\u00e9m incentiva a reciclagem e a reutiliza\u00e7\u00e3o de materiais. Isso contribui significativamente para a economia circular, um modelo econ\u00f4mico que busca a maximiza\u00e7\u00e3o do uso dos recursos.<\/li>\n\n\n\n<li><strong>Conserva\u00e7\u00e3o de recursos naturais<\/strong>: ao reciclar e reutilizar materiais, reduz-se a necessidade de extrair novos recursos naturais, preservando-os para gera\u00e7\u00f5es futuras.<\/li>\n<\/ol>\n\n\n\n<p>Esses aspectos sublinham como um gerenciamento eficaz de res\u00edduos n\u00e3o s\u00f3 protege o ambiente, mas tamb\u00e9m apoia uma economia mais sustent\u00e1vel e respons\u00e1vel.<\/p>\n\n\n\n<h2 class=\"wp-block-heading\"><span class=\"ez-toc-section\" id=\"Como_funciona_um_gerenciamento_de_residuos\"><\/span>Como funciona um gerenciamento de res\u00edduos?<span class=\"ez-toc-section-end\"><\/span><\/h2>\n\n\n\n<p>O gerenciamento de res\u00edduos \u00e9 um processo fundamental para a sustentabilidade ambiental e envolve diversas etapas cr\u00edticas. Aqui est\u00e1 uma vis\u00e3o detalhada de como isso funciona, apresentada em formato de lista para facilitar a compreens\u00e3o:<\/p>\n\n\n<div class=\"wp-block-image is-style-rounded\">\n<figure class=\"alignright size-full is-resized\"><img decoding=\"async\" loading=\"lazy\" width=\"1000\" height=\"667\" src=\"https:\/\/sanlien.com.br\/blog\/wp-content\/uploads\/2023\/12\/variedade-de-objetos-despejados-sujos-2-1.jpg\" alt=\"\" class=\"wp-image-71\" style=\"aspect-ratio:1.4992503748125936;width:318px;height:auto\"\/><\/figure><\/div>\n\n\n<ol>\n<li><strong>Coleta de res\u00edduos<\/strong>:\n<ul>\n<li>Os res\u00edduos s\u00e3o coletados de diversos locais, incluindo resid\u00eancias, ind\u00fastrias, com\u00e9rcios e outras instala\u00e7\u00f5es.<\/li>\n<\/ul>\n<\/li>\n\n\n\n<li><strong>Transporte<\/strong>:\n<ul>\n<li>Ap\u00f3s a coleta, os res\u00edduos s\u00e3o transportados para instala\u00e7\u00f5es de tratamento apropriadas, onde ser\u00e3o processados na pr\u00f3xima etapa.<\/li>\n<\/ul>\n<\/li>\n\n\n\n<li><strong>Separa\u00e7\u00e3o<\/strong>:\n<ul>\n<li>Nas instala\u00e7\u00f5es de tratamento, os res\u00edduos s\u00e3o cuidadosamente separados de acordo com a sua natureza. Este processo \u00e9 essencial para direcionar cada tipo de res\u00edduo para o destino correto de tratamento ou reciclagem.<\/li>\n<\/ul>\n<\/li>\n\n\n\n<li><strong>Reciclagem<\/strong>:\n<ul>\n<li>Materiais recicl\u00e1veis s\u00e3o enviados para processos de reciclagem, onde s\u00e3o transformados em novos produtos, reduzindo a necessidade de extrair novos recursos naturais.<\/li>\n<\/ul>\n<\/li>\n\n\n\n<li><strong>Compostagem<\/strong>:\n<ul>\n<li>Res\u00edduos org\u00e2nicos, como restos de comida e material vegetal, s\u00e3o direcionados para a compostagem, um processo que os converte em adubo org\u00e2nico, \u00fatil para agricultura e jardinagem.<\/li>\n<\/ul>\n<\/li>\n\n\n\n<li><strong>Tratamento de res\u00edduos perigosos<\/strong>:\n<ul>\n<li>Res\u00edduos perigosos recebem tratamentos especiais para neutralizar seus riscos ao meio ambiente e \u00e0 sa\u00fade p\u00fablica. Este processo garante que subst\u00e2ncias perigosas sejam manuseadas de forma segura e respons\u00e1vel.<\/li>\n<\/ul>\n<\/li>\n<\/ol>\n\n\n\n<p>Essas etapas ajudam a minimizar o impacto ambiental dos res\u00edduos gerados pela sociedade, promovendo um ciclo de vida mais sustent\u00e1vel para os materiais usados no nosso dia a dia.<\/p>\n\n\n\n<ul>\n<li><a href=\"https:\/\/sanlien.com.br\/blog\/saiba-a-importancia-da-reciclagem-para-sua-empresa\/\">Saiba a import\u00e2ncia da reciclagem para sua empresa<\/a><\/li>\n<\/ul>\n\n\n\n<h2 class=\"wp-block-heading\"><span class=\"ez-toc-section\" id=\"Onde_contratar\"><\/span>Onde contratar?&nbsp;<span class=\"ez-toc-section-end\"><\/span><\/h2>\n\n\n\n<p>Quando se trata de gerenciamento de res\u00edduos eletr\u00f4nicos, a empresa <a href=\"https:\/\/www.sanlien.com.br\/\"><strong>San Lien<\/strong><\/a> se destaca como uma refer\u00eancia no mercado.&nbsp;<\/p>\n\n\n\n<p>Com uma equipe altamente especializada, garante que todos os materiais sejam processados \u200b\u200bde forma segura e sustent\u00e1vel.&nbsp;<\/p>\n\n\n\n<p>A empresa possui um sistema eficiente para <strong>coletar, separar e reciclar componentes eletr\u00f4nicos<\/strong>, contribuindo significativamente para a redu\u00e7\u00e3o do impacto ambiental e promovendo a responsabilidade social corporativa.<\/p>\n\n\n\n<ul>\n<li><a href=\"https:\/\/sanlien.com.br\/blog\/conheca-a-importancia-da-coleta-de-materiais-ferrosos\/\">Conhe\u00e7a a import\u00e2ncia da coleta de materiais ferrosos<\/a><\/li>\n<\/ul>\n\n\n\n<h2 class=\"wp-block-heading\"><span class=\"ez-toc-section\" id=\"Por_que_escolher_a_San_Lien\"><\/span>Por que escolher a San Lien?<span class=\"ez-toc-section-end\"><\/span><\/h2>\n\n\n\n<p>A San Lien destaca-se pelo seu compromisso com a inova\u00e7\u00e3o e sustentabilidade.&nbsp;<\/p>\n\n\n\n<p>A empresa segue todas as normativas ambientais, e tamb\u00e9m trabalha continuamente para aprimorar suas pr\u00e1ticas, promovendo uma <strong>gest\u00e3o de res\u00edduos mais eficaz e menos prejudicial ao meio ambiente.&nbsp;<\/strong><\/p>\n\n\n\n<p>Al\u00e9m disso, a San Lien oferece <strong>servi\u00e7os personalizados<\/strong>, adaptando-se \u00e0s necessidades espec\u00edficas de cada cliente, sejam eles pequenos neg\u00f3cios ou grandes corpora\u00e7\u00f5es.<\/p>\n\n\n\n<p>O <strong>gerenciamento de res\u00edduos<\/strong> \u00e9 um tema de extrema import\u00e2ncia para a <strong>sustentabilidade ambiental e a sa\u00fade p\u00fablica<\/strong>.&nbsp;<\/p>\n\n\n\n<p>Empresas como a San Lien desempenham um papel fundamental neste processo, especialmente no que tange ao tratamento de res\u00edduos eletr\u00f4nicos.&nbsp;<\/p>\n\n\n\n<p>Ao escolher servi\u00e7os respons\u00e1veis \u200b\u200be sustent\u00e1veis, as empresas n\u00e3o apenas cumprem com suas obriga\u00e7\u00f5es legais, mas tamb\u00e9m significativas para um futuro mais verde e saud\u00e1vel.<\/p>\n\n\n\n<p>Escolha a <a href=\"https:\/\/www.sanlien.com.br\/\">San Lien<\/a> e entre em <a href=\"https:\/\/www.sanlien.com.br\/contato\">contato<\/a>!<\/p>\n\n\n<div class=\"wp-block-image\">\n<figure class=\"aligncenter size-full\"><a href=\"https:\/\/www.sanlien.com.br\/contato\"><img decoding=\"async\" loading=\"lazy\" width=\"750\" height=\"200\" src=\"https:\/\/sanlien.com.br\/blog\/wp-content\/uploads\/2023\/11\/WhatsApp-Image-2023-11-13-at-14.09.53-2-3.jpeg\" alt=\"Gerenciamento de res\u00edduos: entenda sobre esse servi\u00e7o\u00a0\" class=\"wp-image-46\"\/><\/a><\/figure><\/div>\n\n\n<p>O que achou do conte\u00fado? Caso tenha gostado, continue acompanhando o <a href=\"https:\/\/sanlien.com.br\/blog\/\">blog da San Lien<\/a> e saiba mais informa\u00e7\u00f5es sobre gerenciamento de res\u00edduos!<\/p>\n\n\n\n<p>At\u00e9 a pr\u00f3xima!<\/p>\n","protected":false},"excerpt":{"rendered":"<p><span class=\"rt-reading-time\" style=\"display: block;\"><span class=\"rt-label rt-prefix\">Tempo de leitura: <\/span> <span class=\"rt-time\">4<\/span> <span class=\"rt-label rt-postfix\">minutos<\/span><\/span> Descubra a import\u00e2ncia do gerenciamento de res\u00edduos e como a San Lien lidera no tratamento de materiais eletr\u00f4nicos. Entenda o processo e os benef\u00edcios de escolher uma gest\u00e3o de res\u00edduos respons\u00e1vel. Na era contempor\u00e2nea, a quest\u00e3o do gerenciamento de res\u00edduos se tornou mais crucial do que nunca.&nbsp; Com o aumento exponencial do consumo e da &hellip; <\/p>\n","protected":false},"author":1,"featured_media":70,"comment_status":"open","ping_status":"open","sticky":false,"template":"","format":"standard","meta":{"footnotes":""},"categories":[424],"tags":[433,440,442,441,443,444,446,445,447,425,476,478,474,462,458,494,506,466,502,470,498,486,454,490,472,460,456,492,504,464,500,468,496,484,452,488,7,477,479,475,463,459,495,507,467,503,471,499,487,455,491,473,461,457,493,505,465,501,469,497,485,453,489,448,450,449,451,430,431,434,436,438,437,439,435,432,426,428,414,429,480,482,481,483,268,427],"yoast_head":"<!-- This site is optimized with the Yoast SEO plugin v21.5 - https:\/\/yoast.com\/wordpress\/plugins\/seo\/ -->\n<title>Gerenciamento de res\u00edduos: entenda sobre esse servi\u00e7o\u00a0 - San Lien<\/title>\n<meta name=\"description\" content=\"Descubra a import\u00e2ncia do gerenciamento de res\u00edduos e como a San Lien lidera no tratamento de res\u00edduos eletr\u00f4nicos.\" \/>\n<meta name=\"robots\" content=\"index, follow, max-snippet:-1, max-image-preview:large, max-video-preview:-1\" \/>\n<link rel=\"canonical\" href=\"https:\/\/www.sanlien.com.br\/blog\/gerenciamento-de-residuos-entenda-sobre-esse-servico\/\" \/>\n<meta property=\"og:locale\" content=\"pt_BR\" \/>\n<meta property=\"og:type\" content=\"article\" \/>\n<meta property=\"og:title\" content=\"Gerenciamento de res\u00edduos: entenda sobre esse servi\u00e7o\u00a0 - San Lien\" \/>\n<meta property=\"og:description\" content=\"Descubra a import\u00e2ncia do gerenciamento de res\u00edduos e como a San Lien lidera no tratamento de res\u00edduos eletr\u00f4nicos.\" \/>\n<meta property=\"og:url\" content=\"https:\/\/www.sanlien.com.br\/blog\/gerenciamento-de-residuos-entenda-sobre-esse-servico\/\" \/>\n<meta property=\"og:site_name\" content=\"San Lien\" \/>\n<meta property=\"article:published_time\" content=\"2024-06-12T13:21:27+00:00\" \/>\n<meta property=\"article:modified_time\" content=\"2024-06-12T13:21:28+00:00\" \/>\n<meta property=\"og:image\" content=\"https:\/\/www.sanlien.com.br\/blog\/wp-content\/uploads\/2023\/12\/lixo-plastico-em-uma-correia-transportadora-na-fabrica-de-reciclagem-de-residuos-trabalhadores-em-segundo-plano-1.jpg\" \/>\n\t<meta property=\"og:image:width\" content=\"1000\" \/>\n\t<meta property=\"og:image:height\" content=\"563\" \/>\n\t<meta property=\"og:image:type\" content=\"image\/jpeg\" \/>\n<meta name=\"author\" content=\"admin\" \/>\n<meta name=\"twitter:card\" content=\"summary_large_image\" \/>\n<meta name=\"twitter:label1\" content=\"Escrito por\" \/>\n\t<meta name=\"twitter:data1\" content=\"admin\" \/>\n\t<meta name=\"twitter:label2\" content=\"Est. tempo de leitura\" \/>\n\t<meta name=\"twitter:data2\" content=\"5 minutos\" \/>\n<script type=\"application\/ld+json\" class=\"yoast-schema-graph\">{\"@context\":\"https:\/\/schema.org\",\"@graph\":[{\"@type\":\"Article\",\"@id\":\"https:\/\/www.sanlien.com.br\/blog\/gerenciamento-de-residuos-entenda-sobre-esse-servico\/#article\",\"isPartOf\":{\"@id\":\"https:\/\/www.sanlien.com.br\/blog\/gerenciamento-de-residuos-entenda-sobre-esse-servico\/\"},\"author\":{\"name\":\"admin\",\"@id\":\"https:\/\/www.sanlien.com.br\/blog\/#\/schema\/person\/85eb4a356aebbc1679ec5e4b8dac034a\"},\"headline\":\"Gerenciamento de res\u00edduos: entenda sobre esse servi\u00e7o\u00a0\",\"datePublished\":\"2024-06-12T13:21:27+00:00\",\"dateModified\":\"2024-06-12T13:21:28+00:00\",\"mainEntityOfPage\":{\"@id\":\"https:\/\/www.sanlien.com.br\/blog\/gerenciamento-de-residuos-entenda-sobre-esse-servico\/\"},\"wordCount\":952,\"commentCount\":0,\"publisher\":{\"@id\":\"https:\/\/www.sanlien.com.br\/blog\/#organization\"},\"keywords\":[\"Como funciona um gerenciamento de res\u00edduos?\",\"comprar Gerenciamento de res\u00edduos\",\"comprar Gerenciamento de res\u00edduos eletr\u00f4nicos\",\"comprar Gest\u00e3o de res\u00edduos\",\"comprar Gest\u00e3o de res\u00edduos eletr\u00f4nicos\",\"empresa de Gerenciamento de res\u00edduos\",\"empresa de Gerenciamento de res\u00edduos eletr\u00f4nicos\",\"empresa de Gest\u00e3o de res\u00edduos\",\"empresa de Gest\u00e3o de res\u00edduos eletr\u00f4nicos\",\"gerenciamento de res\u00edduos\",\"Gerenciamento de res\u00edduos direto da fabrica\",\"Gerenciamento de res\u00edduos eletr\u00f4nicos direto da fabrica\",\"Gerenciamento de res\u00edduos eletr\u00f4nicos em promo\u00e7\u00e3o\",\"Gerenciamento de res\u00edduos eletr\u00f4nicos em s\u00e3o paulo\",\"Gerenciamento de res\u00edduos eletr\u00f4nicos em sp\",\"Gerenciamento de res\u00edduos eletr\u00f4nicos na Penha\",\"Gerenciamento de res\u00edduos eletr\u00f4nicos na Vila Maria\",\"Gerenciamento de res\u00edduos eletr\u00f4nicos na zona leste\",\"Gerenciamento de res\u00edduos eletr\u00f4nicos no Br\u00e1s\",\"Gerenciamento de res\u00edduos eletr\u00f4nicos no Carr\u00e3o\",\"Gerenciamento de res\u00edduos eletr\u00f4nicos no Tatuap\u00e9\",\"Gerenciamento de res\u00edduos eletr\u00f4nicos perto de mim\",\"Gerenciamento de res\u00edduos eletr\u00f4nicos pre\u00e7o\",\"Gerenciamento de res\u00edduos eletr\u00f4nicos pr\u00f3ximo a mim\",\"Gerenciamento de res\u00edduos em promo\u00e7\u00e3o\",\"Gerenciamento de res\u00edduos em s\u00e3o paulo\",\"Gerenciamento de res\u00edduos em sp\",\"Gerenciamento de res\u00edduos na Penha\",\"Gerenciamento de res\u00edduos na Vila Maria\",\"Gerenciamento de res\u00edduos na zona leste\",\"Gerenciamento de res\u00edduos no Br\u00e1s\",\"Gerenciamento de res\u00edduos no Carr\u00e3o\",\"Gerenciamento de res\u00edduos no Tatuap\u00e9\",\"Gerenciamento de res\u00edduos perto de mim\",\"Gerenciamento de res\u00edduos pre\u00e7o\",\"Gerenciamento de res\u00edduos pr\u00f3ximo a mim\",\"Gest\u00e3o de Res\u00edduos\",\"Gest\u00e3o de res\u00edduos direto da fabrica\",\"Gest\u00e3o de res\u00edduos eletr\u00f4nicos direto da fabrica\",\"Gest\u00e3o de res\u00edduos eletr\u00f4nicos em promo\u00e7\u00e3o\",\"Gest\u00e3o de res\u00edduos eletr\u00f4nicos em s\u00e3o paulo\",\"Gest\u00e3o de res\u00edduos eletr\u00f4nicos em sp\",\"Gest\u00e3o de res\u00edduos eletr\u00f4nicos na Penha\",\"Gest\u00e3o de res\u00edduos eletr\u00f4nicos na Vila Maria\",\"Gest\u00e3o de res\u00edduos eletr\u00f4nicos na zona leste\",\"Gest\u00e3o de res\u00edduos eletr\u00f4nicos no Br\u00e1s\",\"Gest\u00e3o de res\u00edduos eletr\u00f4nicos no Carr\u00e3o\",\"Gest\u00e3o de res\u00edduos eletr\u00f4nicos no Tatuap\u00e9\",\"Gest\u00e3o de res\u00edduos eletr\u00f4nicos perto de mim\",\"Gest\u00e3o de res\u00edduos eletr\u00f4nicos pre\u00e7o\",\"Gest\u00e3o de res\u00edduos eletr\u00f4nicos pr\u00f3ximo a mim\",\"Gest\u00e3o de res\u00edduos em promo\u00e7\u00e3o\",\"Gest\u00e3o de res\u00edduos em s\u00e3o paulo\",\"Gest\u00e3o de res\u00edduos em sp\",\"Gest\u00e3o de res\u00edduos na Penha\",\"Gest\u00e3o de res\u00edduos na Vila Maria\",\"Gest\u00e3o de res\u00edduos na zona leste\",\"Gest\u00e3o de res\u00edduos no Br\u00e1s\",\"Gest\u00e3o de res\u00edduos no Carr\u00e3o\",\"Gest\u00e3o de res\u00edduos no Tatuap\u00e9\",\"Gest\u00e3o de res\u00edduos perto de mim\",\"Gest\u00e3o de res\u00edduos pre\u00e7o\",\"Gest\u00e3o de res\u00edduos pr\u00f3ximo a mim\",\"loja de Gerenciamento de res\u00edduos\",\"loja de Gerenciamento de res\u00edduos eletr\u00f4nicos\",\"loja de Gest\u00e3o de res\u00edduos\",\"loja de Gest\u00e3o de res\u00edduos eletr\u00f4nicos\",\"meio ambiente.\",\"O que \u00e9 o gerenciamento de res\u00edduos?\",\"Onde contratar?\",\"onde encontrar Gerenciamento de res\u00edduos\",\"onde encontrar Gerenciamento de res\u00edduos eletr\u00f4nicos\",\"onde encontrar Gest\u00e3o de res\u00edduos\",\"onde encontrar Gest\u00e3o de res\u00edduos eletr\u00f4nicos\",\"Por que escolher a San Lien?\",\"Qual a import\u00e2ncia?\",\"reciclagem de eletr\u00f4nicos\",\"responsabilidade social\",\"San Lien\",\"sa\u00fade p\u00fablica\",\"servi\u00e7o de Gerenciamento de res\u00edduos\",\"servi\u00e7o de Gerenciamento de res\u00edduos eletr\u00f4nicos\",\"servi\u00e7o de Gest\u00e3o de res\u00edduos\",\"servi\u00e7o de Gest\u00e3o de res\u00edduos eletr\u00f4nicos\",\"Sustentabilidade ambiental\",\"tratamento de res\u00edduos eletr\u00f4nicos\"],\"articleSection\":[\"Gerenciamento de res\u00edduos\"],\"inLanguage\":\"pt-BR\",\"potentialAction\":[{\"@type\":\"CommentAction\",\"name\":\"Comment\",\"target\":[\"https:\/\/www.sanlien.com.br\/blog\/gerenciamento-de-residuos-entenda-sobre-esse-servico\/#respond\"]}]},{\"@type\":\"WebPage\",\"@id\":\"https:\/\/www.sanlien.com.br\/blog\/gerenciamento-de-residuos-entenda-sobre-esse-servico\/\",\"url\":\"https:\/\/www.sanlien.com.br\/blog\/gerenciamento-de-residuos-entenda-sobre-esse-servico\/\",\"name\":\"Gerenciamento de res\u00edduos: entenda sobre esse servi\u00e7o\u00a0 - San Lien\",\"isPartOf\":{\"@id\":\"https:\/\/www.sanlien.com.br\/blog\/#website\"},\"datePublished\":\"2024-06-12T13:21:27+00:00\",\"dateModified\":\"2024-06-12T13:21:28+00:00\",\"description\":\"Descubra a import\u00e2ncia do gerenciamento de res\u00edduos e como a San Lien lidera no tratamento de res\u00edduos eletr\u00f4nicos.\",\"breadcrumb\":{\"@id\":\"https:\/\/www.sanlien.com.br\/blog\/gerenciamento-de-residuos-entenda-sobre-esse-servico\/#breadcrumb\"},\"inLanguage\":\"pt-BR\",\"potentialAction\":[{\"@type\":\"ReadAction\",\"target\":[\"https:\/\/www.sanlien.com.br\/blog\/gerenciamento-de-residuos-entenda-sobre-esse-servico\/\"]}]},{\"@type\":\"BreadcrumbList\",\"@id\":\"https:\/\/www.sanlien.com.br\/blog\/gerenciamento-de-residuos-entenda-sobre-esse-servico\/#breadcrumb\",\"itemListElement\":[{\"@type\":\"ListItem\",\"position\":1,\"name\":\"In\u00edcio\",\"item\":\"https:\/\/www.sanlien.com.br\/blog\/\"},{\"@type\":\"ListItem\",\"position\":2,\"name\":\"Gerenciamento de res\u00edduos: entenda sobre esse servi\u00e7o\u00a0\"}]},{\"@type\":\"WebSite\",\"@id\":\"https:\/\/www.sanlien.com.br\/blog\/#website\",\"url\":\"https:\/\/www.sanlien.com.br\/blog\/\",\"name\":\"San Lien\",\"description\":\"Blog - San Lien\",\"publisher\":{\"@id\":\"https:\/\/www.sanlien.com.br\/blog\/#organization\"},\"potentialAction\":[{\"@type\":\"SearchAction\",\"target\":{\"@type\":\"EntryPoint\",\"urlTemplate\":\"https:\/\/www.sanlien.com.br\/blog\/?s={search_term_string}\"},\"query-input\":\"required name=search_term_string\"}],\"inLanguage\":\"pt-BR\"},{\"@type\":\"Organization\",\"@id\":\"https:\/\/www.sanlien.com.br\/blog\/#organization\",\"name\":\"San Lien\",\"url\":\"https:\/\/www.sanlien.com.br\/blog\/\",\"logo\":{\"@type\":\"ImageObject\",\"inLanguage\":\"pt-BR\",\"@id\":\"https:\/\/www.sanlien.com.br\/blog\/#\/schema\/logo\/image\/\",\"url\":\"https:\/\/www.sanlien.com.br\/blog\/wp-content\/uploads\/2023\/11\/logo.png\",\"contentUrl\":\"https:\/\/www.sanlien.com.br\/blog\/wp-content\/uploads\/2023\/11\/logo.png\",\"width\":500,\"height\":300,\"caption\":\"San Lien\"},\"image\":{\"@id\":\"https:\/\/www.sanlien.com.br\/blog\/#\/schema\/logo\/image\/\"}},{\"@type\":\"Person\",\"@id\":\"https:\/\/www.sanlien.com.br\/blog\/#\/schema\/person\/85eb4a356aebbc1679ec5e4b8dac034a\",\"name\":\"admin\",\"image\":{\"@type\":\"ImageObject\",\"inLanguage\":\"pt-BR\",\"@id\":\"https:\/\/www.sanlien.com.br\/blog\/#\/schema\/person\/image\/\",\"url\":\"https:\/\/secure.gravatar.com\/avatar\/bd8125b24775f217cdea35dcfa839469?s=96&d=mm&r=g\",\"contentUrl\":\"https:\/\/secure.gravatar.com\/avatar\/bd8125b24775f217cdea35dcfa839469?s=96&d=mm&r=g\",\"caption\":\"admin\"},\"sameAs\":[\"https:\/\/sanlien.com.br\/blog\"],\"url\":\"https:\/\/www.sanlien.com.br\/blog\/author\/admin\/\"}]}<\/script>\n<!-- \/ Yoast SEO plugin. -->","yoast_head_json":{"title":"Gerenciamento de res\u00edduos: entenda sobre esse servi\u00e7o\u00a0 - San Lien","description":"Descubra a import\u00e2ncia do gerenciamento de res\u00edduos e como a San Lien lidera no tratamento de res\u00edduos eletr\u00f4nicos.","robots":{"index":"index","follow":"follow","max-snippet":"max-snippet:-1","max-image-preview":"max-image-preview:large","max-video-preview":"max-video-preview:-1"},"canonical":"https:\/\/www.sanlien.com.br\/blog\/gerenciamento-de-residuos-entenda-sobre-esse-servico\/","og_locale":"pt_BR","og_type":"article","og_title":"Gerenciamento de res\u00edduos: entenda sobre esse servi\u00e7o\u00a0 - San Lien","og_description":"Descubra a import\u00e2ncia do gerenciamento de res\u00edduos e como a San Lien lidera no tratamento de res\u00edduos eletr\u00f4nicos.","og_url":"https:\/\/www.sanlien.com.br\/blog\/gerenciamento-de-residuos-entenda-sobre-esse-servico\/","og_site_name":"San Lien","article_published_time":"2024-06-12T13:21:27+00:00","article_modified_time":"2024-06-12T13:21:28+00:00","og_image":[{"width":1000,"height":563,"url":"https:\/\/www.sanlien.com.br\/blog\/wp-content\/uploads\/2023\/12\/lixo-plastico-em-uma-correia-transportadora-na-fabrica-de-reciclagem-de-residuos-trabalhadores-em-segundo-plano-1.jpg","type":"image\/jpeg"}],"author":"admin","twitter_card":"summary_large_image","twitter_misc":{"Escrito por":"admin","Est. tempo de leitura":"5 minutos"},"schema":{"@context":"https:\/\/schema.org","@graph":[{"@type":"Article","@id":"https:\/\/www.sanlien.com.br\/blog\/gerenciamento-de-residuos-entenda-sobre-esse-servico\/#article","isPartOf":{"@id":"https:\/\/www.sanlien.com.br\/blog\/gerenciamento-de-residuos-entenda-sobre-esse-servico\/"},"author":{"name":"admin","@id":"https:\/\/www.sanlien.com.br\/blog\/#\/schema\/person\/85eb4a356aebbc1679ec5e4b8dac034a"},"headline":"Gerenciamento de res\u00edduos: entenda sobre esse servi\u00e7o\u00a0","datePublished":"2024-06-12T13:21:27+00:00","dateModified":"2024-06-12T13:21:28+00:00","mainEntityOfPage":{"@id":"https:\/\/www.sanlien.com.br\/blog\/gerenciamento-de-residuos-entenda-sobre-esse-servico\/"},"wordCount":952,"commentCount":0,"publisher":{"@id":"https:\/\/www.sanlien.com.br\/blog\/#organization"},"keywords":["Como funciona um gerenciamento de res\u00edduos?","comprar Gerenciamento de res\u00edduos","comprar Gerenciamento de res\u00edduos eletr\u00f4nicos","comprar Gest\u00e3o de res\u00edduos","comprar Gest\u00e3o de res\u00edduos eletr\u00f4nicos","empresa de Gerenciamento de res\u00edduos","empresa de Gerenciamento de res\u00edduos eletr\u00f4nicos","empresa de Gest\u00e3o de res\u00edduos","empresa de Gest\u00e3o de res\u00edduos eletr\u00f4nicos","gerenciamento de res\u00edduos","Gerenciamento de res\u00edduos direto da fabrica","Gerenciamento de res\u00edduos eletr\u00f4nicos direto da fabrica","Gerenciamento de res\u00edduos eletr\u00f4nicos em promo\u00e7\u00e3o","Gerenciamento de res\u00edduos eletr\u00f4nicos em s\u00e3o paulo","Gerenciamento de res\u00edduos eletr\u00f4nicos em sp","Gerenciamento de res\u00edduos eletr\u00f4nicos na Penha","Gerenciamento de res\u00edduos eletr\u00f4nicos na Vila Maria","Gerenciamento de res\u00edduos eletr\u00f4nicos na zona leste","Gerenciamento de res\u00edduos eletr\u00f4nicos no Br\u00e1s","Gerenciamento de res\u00edduos eletr\u00f4nicos no Carr\u00e3o","Gerenciamento de res\u00edduos eletr\u00f4nicos no Tatuap\u00e9","Gerenciamento de res\u00edduos eletr\u00f4nicos perto de mim","Gerenciamento de res\u00edduos eletr\u00f4nicos pre\u00e7o","Gerenciamento de res\u00edduos eletr\u00f4nicos pr\u00f3ximo a mim","Gerenciamento de res\u00edduos em promo\u00e7\u00e3o","Gerenciamento de res\u00edduos em s\u00e3o paulo","Gerenciamento de res\u00edduos em sp","Gerenciamento de res\u00edduos na Penha","Gerenciamento de res\u00edduos na Vila Maria","Gerenciamento de res\u00edduos na zona leste","Gerenciamento de res\u00edduos no Br\u00e1s","Gerenciamento de res\u00edduos no Carr\u00e3o","Gerenciamento de res\u00edduos no Tatuap\u00e9","Gerenciamento de res\u00edduos perto de mim","Gerenciamento de res\u00edduos pre\u00e7o","Gerenciamento de res\u00edduos pr\u00f3ximo a mim","Gest\u00e3o de Res\u00edduos","Gest\u00e3o de res\u00edduos direto da fabrica","Gest\u00e3o de res\u00edduos eletr\u00f4nicos direto da fabrica","Gest\u00e3o de res\u00edduos eletr\u00f4nicos em promo\u00e7\u00e3o","Gest\u00e3o de res\u00edduos eletr\u00f4nicos em s\u00e3o paulo","Gest\u00e3o de res\u00edduos eletr\u00f4nicos em sp","Gest\u00e3o de res\u00edduos eletr\u00f4nicos na Penha","Gest\u00e3o de res\u00edduos eletr\u00f4nicos na Vila Maria","Gest\u00e3o de res\u00edduos eletr\u00f4nicos na zona leste","Gest\u00e3o de res\u00edduos eletr\u00f4nicos no Br\u00e1s","Gest\u00e3o de res\u00edduos eletr\u00f4nicos no Carr\u00e3o","Gest\u00e3o de res\u00edduos eletr\u00f4nicos no Tatuap\u00e9","Gest\u00e3o de res\u00edduos eletr\u00f4nicos perto de mim","Gest\u00e3o de res\u00edduos eletr\u00f4nicos pre\u00e7o","Gest\u00e3o de res\u00edduos eletr\u00f4nicos pr\u00f3ximo a mim","Gest\u00e3o de res\u00edduos em promo\u00e7\u00e3o","Gest\u00e3o de res\u00edduos em s\u00e3o paulo","Gest\u00e3o de res\u00edduos em sp","Gest\u00e3o de res\u00edduos na Penha","Gest\u00e3o de res\u00edduos na Vila Maria","Gest\u00e3o de res\u00edduos na zona leste","Gest\u00e3o de res\u00edduos no Br\u00e1s","Gest\u00e3o de res\u00edduos no Carr\u00e3o","Gest\u00e3o de res\u00edduos no Tatuap\u00e9","Gest\u00e3o de res\u00edduos perto de mim","Gest\u00e3o de res\u00edduos pre\u00e7o","Gest\u00e3o de res\u00edduos pr\u00f3ximo a mim","loja de Gerenciamento de res\u00edduos","loja de Gerenciamento de res\u00edduos eletr\u00f4nicos","loja de Gest\u00e3o de res\u00edduos","loja de Gest\u00e3o de res\u00edduos eletr\u00f4nicos","meio ambiente.","O que \u00e9 o gerenciamento de res\u00edduos?","Onde contratar?","onde encontrar Gerenciamento de res\u00edduos","onde encontrar Gerenciamento de res\u00edduos eletr\u00f4nicos","onde encontrar Gest\u00e3o de res\u00edduos","onde encontrar Gest\u00e3o de res\u00edduos eletr\u00f4nicos","Por que escolher a San Lien?","Qual a import\u00e2ncia?","reciclagem de eletr\u00f4nicos","responsabilidade social","San Lien","sa\u00fade p\u00fablica","servi\u00e7o de Gerenciamento de res\u00edduos","servi\u00e7o de Gerenciamento de res\u00edduos eletr\u00f4nicos","servi\u00e7o de Gest\u00e3o de res\u00edduos","servi\u00e7o de Gest\u00e3o de res\u00edduos eletr\u00f4nicos","Sustentabilidade ambiental","tratamento de res\u00edduos eletr\u00f4nicos"],"articleSection":["Gerenciamento de res\u00edduos"],"inLanguage":"pt-BR","potentialAction":[{"@type":"CommentAction","name":"Comment","target":["https:\/\/www.sanlien.com.br\/blog\/gerenciamento-de-residuos-entenda-sobre-esse-servico\/#respond"]}]},{"@type":"WebPage","@id":"https:\/\/www.sanlien.com.br\/blog\/gerenciamento-de-residuos-entenda-sobre-esse-servico\/","url":"https:\/\/www.sanlien.com.br\/blog\/gerenciamento-de-residuos-entenda-sobre-esse-servico\/","name":"Gerenciamento de res\u00edduos: entenda sobre esse servi\u00e7o\u00a0 - San Lien","isPartOf":{"@id":"https:\/\/www.sanlien.com.br\/blog\/#website"},"datePublished":"2024-06-12T13:21:27+00:00","dateModified":"2024-06-12T13:21:28+00:00","description":"Descubra a import\u00e2ncia do gerenciamento de res\u00edduos e como a San Lien lidera no tratamento de res\u00edduos eletr\u00f4nicos.","breadcrumb":{"@id":"https:\/\/www.sanlien.com.br\/blog\/gerenciamento-de-residuos-entenda-sobre-esse-servico\/#breadcrumb"},"inLanguage":"pt-BR","potentialAction":[{"@type":"ReadAction","target":["https:\/\/www.sanlien.com.br\/blog\/gerenciamento-de-residuos-entenda-sobre-esse-servico\/"]}]},{"@type":"BreadcrumbList","@id":"https:\/\/www.sanlien.com.br\/blog\/gerenciamento-de-residuos-entenda-sobre-esse-servico\/#breadcrumb","itemListElement":[{"@type":"ListItem","position":1,"name":"In\u00edcio","item":"https:\/\/www.sanlien.com.br\/blog\/"},{"@type":"ListItem","position":2,"name":"Gerenciamento de res\u00edduos: entenda sobre esse servi\u00e7o\u00a0"}]},{"@type":"WebSite","@id":"https:\/\/www.sanlien.com.br\/blog\/#website","url":"https:\/\/www.sanlien.com.br\/blog\/","name":"San Lien","description":"Blog - San Lien","publisher":{"@id":"https:\/\/www.sanlien.com.br\/blog\/#organization"},"potentialAction":[{"@type":"SearchAction","target":{"@type":"EntryPoint","urlTemplate":"https:\/\/www.sanlien.com.br\/blog\/?s={search_term_string}"},"query-input":"required name=search_term_string"}],"inLanguage":"pt-BR"},{"@type":"Organization","@id":"https:\/\/www.sanlien.com.br\/blog\/#organization","name":"San Lien","url":"https:\/\/www.sanlien.com.br\/blog\/","logo":{"@type":"ImageObject","inLanguage":"pt-BR","@id":"https:\/\/www.sanlien.com.br\/blog\/#\/schema\/logo\/image\/","url":"https:\/\/www.sanlien.com.br\/blog\/wp-content\/uploads\/2023\/11\/logo.png","contentUrl":"https:\/\/www.sanlien.com.br\/blog\/wp-content\/uploads\/2023\/11\/logo.png","width":500,"height":300,"caption":"San Lien"},"image":{"@id":"https:\/\/www.sanlien.com.br\/blog\/#\/schema\/logo\/image\/"}},{"@type":"Person","@id":"https:\/\/www.sanlien.com.br\/blog\/#\/schema\/person\/85eb4a356aebbc1679ec5e4b8dac034a","name":"admin","image":{"@type":"ImageObject","inLanguage":"pt-BR","@id":"https:\/\/www.sanlien.com.br\/blog\/#\/schema\/person\/image\/","url":"https:\/\/secure.gravatar.com\/avatar\/bd8125b24775f217cdea35dcfa839469?s=96&d=mm&r=g","contentUrl":"https:\/\/secure.gravatar.com\/avatar\/bd8125b24775f217cdea35dcfa839469?s=96&d=mm&r=g","caption":"admin"},"sameAs":["https:\/\/sanlien.com.br\/blog"],"url":"https:\/\/www.sanlien.com.br\/blog\/author\/admin\/"}]}},"_links":{"self":[{"href":"https:\/\/www.sanlien.com.br\/blog\/wp-json\/wp\/v2\/posts\/69"}],"collection":[{"href":"https:\/\/www.sanlien.com.br\/blog\/wp-json\/wp\/v2\/posts"}],"about":[{"href":"https:\/\/www.sanlien.com.br\/blog\/wp-json\/wp\/v2\/types\/post"}],"author":[{"embeddable":true,"href":"https:\/\/www.sanlien.com.br\/blog\/wp-json\/wp\/v2\/users\/1"}],"replies":[{"embeddable":true,"href":"https:\/\/www.sanlien.com.br\/blog\/wp-json\/wp\/v2\/comments?post=69"}],"version-history":[{"count":3,"href":"https:\/\/www.sanlien.com.br\/blog\/wp-json\/wp\/v2\/posts\/69\/revisions"}],"predecessor-version":[{"id":173,"href":"https:\/\/www.sanlien.com.br\/blog\/wp-json\/wp\/v2\/posts\/69\/revisions\/173"}],"wp:featuredmedia":[{"embeddable":true,"href":"https:\/\/www.sanlien.com.br\/blog\/wp-json\/wp\/v2\/media\/70"}],"wp:attachment":[{"href":"https:\/\/www.sanlien.com.br\/blog\/wp-json\/wp\/v2\/media?parent=69"}],"wp:term":[{"taxonomy":"category","embeddable":true,"href":"https:\/\/www.sanlien.com.br\/blog\/wp-json\/wp\/v2\/categories?post=69"},{"taxonomy":"post_tag","embeddable":true,"href":"https:\/\/www.sanlien.com.br\/blog\/wp-json\/wp\/v2\/tags?post=69"}],"curies":[{"name":"wp","href":"https:\/\/api.w.org\/{rel}","templated":true}]}}