{"id":56,"date":"2025-01-17T16:44:30","date_gmt":"2025-01-17T16:44:30","guid":{"rendered":"https:\/\/sanlien.com.br\/blog\/?p=56"},"modified":"2025-01-17T16:44:32","modified_gmt":"2025-01-17T16:44:32","slug":"coleta-de-sucata-de-equipamento-eletronico-em-sao-paulo-onde-encontrar","status":"publish","type":"post","link":"https:\/\/www.sanlien.com.br\/blog\/coleta-de-sucata-de-equipamento-eletronico-em-sao-paulo-onde-encontrar\/","title":{"rendered":"Coleta de sucata de equipamento eletr\u00f4nico em S\u00e3o Paulo: onde encontrar?"},"content":{"rendered":"<span class=\"rt-reading-time\" style=\"display: block;\"><span class=\"rt-label rt-prefix\">Tempo de leitura: <\/span> <span class=\"rt-time\">4<\/span> <span class=\"rt-label rt-postfix\">minutos<\/span><\/span>\n<p class=\"has-medium-font-size\"><strong><em>Descubra a import\u00e2ncia da coleta de sucata de equipamento eletr\u00f4nico em S\u00e3o Paulo e saiba onde encontrar os melhores servi\u00e7os, com destaque para a San Lien, l\u00edder na gest\u00e3o respons\u00e1vel de res\u00edduos eletr\u00f4nicos.<\/em><\/strong><\/p>\n\n\n\n<p>A coleta de sucata de equipamento eletr\u00f4nico \u00e9 um <strong>servi\u00e7o de extrema import\u00e2ncia <\/strong>nos dias de hoje, n\u00e3o apenas em S\u00e3o Paulo, mas em todo o mundo.&nbsp;<\/p>\n\n\n\n<p>Com o avan\u00e7o da tecnologia e o ritmo acelerado das atualiza\u00e7\u00f5es de dispositivos eletr\u00f4nicos, o descarte adequado desses equipamentos se tornou uma <strong>preocupa\u00e7\u00e3o ambiental.&nbsp;<\/strong><\/p>\n\n\n\n<p>Neste artigo, vamos explorar o que \u00e9 a coleta de sucata de equipamento eletr\u00f4nico, destacando sua import\u00e2ncia e indicando onde encontrar esse servi\u00e7o em S\u00e3o Paulo, com destaque para a empresa San Lien, uma refer\u00eancia na coleta de sucata de eletr\u00f4nicos na regi\u00e3o.<\/p>\n\n\n\n<ul>\n<li><a href=\"https:\/\/sanlien.com.br\/blog\/saiba-a-importancia-da-reciclagem-para-sua-empresa\/\">Saiba a import\u00e2ncia da reciclagem para sua empresa<\/a><\/li>\n<\/ul>\n\n\n\n<div id=\"ez-toc-container\" class=\"ez-toc-v2_0_62 counter-hierarchy ez-toc-counter ez-toc-grey ez-toc-container-direction\">\n<div class=\"ez-toc-title-container\">\n<p class=\"ez-toc-title \" >T&oacute;picos do artigo<\/p>\n<span class=\"ez-toc-title-toggle\"><a href=\"#\" class=\"ez-toc-pull-right ez-toc-btn ez-toc-btn-xs ez-toc-btn-default ez-toc-toggle\" aria-label=\"Toggle Table of Content\"><span class=\"ez-toc-js-icon-con\"><span class=\"\"><span class=\"eztoc-hide\" style=\"display:none;\">Toggle<\/span><span class=\"ez-toc-icon-toggle-span\"><svg style=\"fill: #999;color:#999\" xmlns=\"http:\/\/www.w3.org\/2000\/svg\" class=\"list-377408\" width=\"20px\" height=\"20px\" viewBox=\"0 0 24 24\" fill=\"none\"><path d=\"M6 6H4v2h2V6zm14 0H8v2h12V6zM4 11h2v2H4v-2zm16 0H8v2h12v-2zM4 16h2v2H4v-2zm16 0H8v2h12v-2z\" fill=\"currentColor\"><\/path><\/svg><svg style=\"fill: #999;color:#999\" class=\"arrow-unsorted-368013\" xmlns=\"http:\/\/www.w3.org\/2000\/svg\" width=\"10px\" height=\"10px\" viewBox=\"0 0 24 24\" version=\"1.2\" baseProfile=\"tiny\"><path d=\"M18.2 9.3l-6.2-6.3-6.2 6.3c-.2.2-.3.4-.3.7s.1.5.3.7c.2.2.4.3.7.3h11c.3 0 .5-.1.7-.3.2-.2.3-.5.3-.7s-.1-.5-.3-.7zM5.8 14.7l6.2 6.3 6.2-6.3c.2-.2.3-.5.3-.7s-.1-.5-.3-.7c-.2-.2-.4-.3-.7-.3h-11c-.3 0-.5.1-.7.3-.2.2-.3.5-.3.7s.1.5.3.7z\"\/><\/svg><\/span><\/span><\/span><\/a><\/span><\/div>\n<nav><ul class='ez-toc-list ez-toc-list-level-1 ' ><li class='ez-toc-page-1 ez-toc-heading-level-2'><a class=\"ez-toc-link ez-toc-heading-1\" href=\"https:\/\/www.sanlien.com.br\/blog\/coleta-de-sucata-de-equipamento-eletronico-em-sao-paulo-onde-encontrar\/#O_que_e_coleta_de_sucata_de_equipamento_eletronico\" title=\"O que \u00e9 coleta de sucata de equipamento eletr\u00f4nico?\">O que \u00e9 coleta de sucata de equipamento eletr\u00f4nico?<\/a><\/li><li class='ez-toc-page-1 ez-toc-heading-level-2'><a class=\"ez-toc-link ez-toc-heading-2\" href=\"https:\/\/www.sanlien.com.br\/blog\/coleta-de-sucata-de-equipamento-eletronico-em-sao-paulo-onde-encontrar\/#A_importancia_da_coleta_de_sucata_de_eletronicos\" title=\"A import\u00e2ncia da coleta de sucata de eletr\u00f4nicos\">A import\u00e2ncia da coleta de sucata de eletr\u00f4nicos<\/a><\/li><li class='ez-toc-page-1 ez-toc-heading-level-2'><a class=\"ez-toc-link ez-toc-heading-3\" href=\"https:\/\/www.sanlien.com.br\/blog\/coleta-de-sucata-de-equipamento-eletronico-em-sao-paulo-onde-encontrar\/#Qual_a_legislacao_da_coleta_de_sucata_de_equipamento_eletronico_em_Sao_Paulo\" title=\"Qual a legisla\u00e7\u00e3o da coleta de sucata de equipamento eletr\u00f4nico em S\u00e3o Paulo\">Qual a legisla\u00e7\u00e3o da coleta de sucata de equipamento eletr\u00f4nico em S\u00e3o Paulo<\/a><\/li><li class='ez-toc-page-1 ez-toc-heading-level-2'><a class=\"ez-toc-link ez-toc-heading-4\" href=\"https:\/\/www.sanlien.com.br\/blog\/coleta-de-sucata-de-equipamento-eletronico-em-sao-paulo-onde-encontrar\/#Onde_encontrar_coleta_de_sucata_eletronica_em_Sao_Paulo\" title=\"Onde encontrar coleta de sucata eletr\u00f4nica em S\u00e3o Paulo?\">Onde encontrar coleta de sucata eletr\u00f4nica em S\u00e3o Paulo?<\/a><\/li><li class='ez-toc-page-1 ez-toc-heading-level-2'><a class=\"ez-toc-link ez-toc-heading-5\" href=\"https:\/\/www.sanlien.com.br\/blog\/coleta-de-sucata-de-equipamento-eletronico-em-sao-paulo-onde-encontrar\/#San_Lien_sua_melhor_opcao_para_coleta_de_sucata_eletronica_em_Sao_Paulo\" title=\"San Lien: sua melhor op\u00e7\u00e3o para coleta de sucata eletr\u00f4nica em S\u00e3o Paulo\">San Lien: sua melhor op\u00e7\u00e3o para coleta de sucata eletr\u00f4nica em S\u00e3o Paulo<\/a><\/li><li class='ez-toc-page-1 ez-toc-heading-level-2'><a class=\"ez-toc-link ez-toc-heading-6\" href=\"https:\/\/www.sanlien.com.br\/blog\/coleta-de-sucata-de-equipamento-eletronico-em-sao-paulo-onde-encontrar\/#Por_que_escolher_San_Lien\" title=\"Por que escolher San Lien?\">Por que escolher San Lien?<\/a><\/li><\/ul><\/nav><\/div>\n<h2 class=\"wp-block-heading\"><span class=\"ez-toc-section\" id=\"O_que_e_coleta_de_sucata_de_equipamento_eletronico\"><\/span>O que \u00e9 coleta de sucata de equipamento eletr\u00f4nico?<span class=\"ez-toc-section-end\"><\/span><\/h2>\n\n\n\n<p>A coleta de sucata de equipamento eletr\u00f4nico \u00e9 um processo pelo qual <strong>dispositivos eletr\u00f4nicos<\/strong> obsoletos, quebrados ou n\u00e3o utilizados s\u00e3o<strong> recolhidos<\/strong>, desmontados, <strong>e os materiais recicl\u00e1veis \u200b\u200bs\u00e3o separados<\/strong> e direcionados para uma reciclagem adequada.&nbsp;<\/p>\n\n\n\n<p>Isso \u00e9 essencial porque os eletr\u00f4nicos cont\u00eam uma variedade de <strong>subst\u00e2ncias t\u00f3xicas e metais pesados<\/strong>, como merc\u00fario, chumbo e c\u00e1dmio, que podem causar <strong>danos ambientais<\/strong> se n\u00e3o forem descartados corretamente.<\/p>\n\n\n\n<p>Al\u00e9m disso, a coleta de sucata de equipamentos eletr\u00f4nicos tamb\u00e9m contribui para a economia circular, permitindo a <strong>reutiliza\u00e7\u00e3o de componentes e a reciclagem de materiais valiosos<\/strong>, como ouro, prata e cobre, que est\u00e3o presentes em muitos dispositivos eletr\u00f4nicos.<\/p>\n\n\n\n<ul>\n<li><a href=\"https:\/\/sanlien.com.br\/blog\/conheca-a-importancia-da-coleta-de-materiais-ferrosos\/\">Conhe\u00e7a a import\u00e2ncia da coleta de materiais ferrosos<\/a><\/li>\n<\/ul>\n\n\n\n<h2 class=\"wp-block-heading\"><span class=\"ez-toc-section\" id=\"A_importancia_da_coleta_de_sucata_de_eletronicos\"><\/span>A import\u00e2ncia da coleta de sucata de eletr\u00f4nicos<span class=\"ez-toc-section-end\"><\/span><\/h2>\n\n\n<div class=\"wp-block-image is-style-rounded\">\n<figure class=\"alignright size-full is-resized\"><img decoding=\"async\" loading=\"lazy\" width=\"1000\" height=\"667\" src=\"https:\/\/sanlien.com.br\/blog\/wp-content\/uploads\/2023\/12\/variedade-de-objetos-despejados-sujos-1.jpg\" alt=\"\" class=\"wp-image-59\" style=\"aspect-ratio:1.4992503748125936;width:301px;height:auto\"\/><\/figure><\/div>\n\n\n<p>A import\u00e2ncia desse servi\u00e7o n\u00e3o pode ser subestimada.&nbsp;<\/p>\n\n\n\n<p>Primeiramente, a coleta adequada de suco eletr\u00f4nico <strong>reduz o impacto negativo no meio ambiente<\/strong>, impedindo que subst\u00e2ncias nocivas entrem no solo e na \u00e1gua.&nbsp;<\/p>\n\n\n\n<p>Isso ajuda a preservar ecossistemas fr\u00e1geis e a proteger a sa\u00fade p\u00fablica.<\/p>\n\n\n\n<p>Al\u00e9m disso, a coleta de sucata de equipamento eletr\u00f4nico contribui para a conserva\u00e7\u00e3o de recursos naturais, uma vez que a reciclagem de materiais eletr\u00f4nicos <strong>economiza energia e recursos<\/strong> em compara\u00e7\u00e3o com a remo\u00e7\u00e3o de mat\u00e9ria-prima virgem.&nbsp;<\/p>\n\n\n\n<p>Isso tamb\u00e9m tem implica\u00e7\u00f5es positivas no que diz respeito \u00e0<strong> redu\u00e7\u00e3o das emiss\u00f5es de gases de efeito estufa.<\/strong><\/p>\n\n\n\n<ul>\n<li><a href=\"https:\/\/sanlien.com.br\/blog\/coleta-de-sucata-ferrosa-onde-encontrar-esse-servico\/\">Coleta de sucata ferrosa: onde encontrar esse servi\u00e7o?<\/a><\/li>\n<\/ul>\n\n\n\n<h2 class=\"wp-block-heading\"><span class=\"ez-toc-section\" id=\"Qual_a_legislacao_da_coleta_de_sucata_de_equipamento_eletronico_em_Sao_Paulo\"><\/span>Qual a legisla\u00e7\u00e3o da coleta de sucata de equipamento eletr\u00f4nico em S\u00e3o Paulo<span class=\"ez-toc-section-end\"><\/span><\/h2>\n\n\n\n<p>A coleta de sucata de equipamentos eletr\u00f4nicos em S\u00e3o Paulo \u00e9 regulamentada por uma s\u00e9rie de legisla\u00e7\u00f5es, tanto em n\u00edvel nacional quanto municipal:<\/p>\n\n\n\n<ol>\n<li><strong>Lei n\u00ba 12.305\/2010 (Pol\u00edtica Nacional de Res\u00edduos S\u00f3lidos)<\/strong>: estabelece a log\u00edstica reversa, obrigando fabricantes e importadores a se responsabilizarem pela coleta e reciclagem de produtos eletr\u00f4nicos ap\u00f3s o fim de sua vida \u00fatil.<\/li>\n\n\n\n<li><strong>Lei Estadual n\u00ba 15.356\/2014<\/strong>: obriga as empresas de equipamentos eletr\u00f4nicos no Estado de S\u00e3o Paulo a promoverem a log\u00edstica reversa e a destina\u00e7\u00e3o adequada dos res\u00edduos eletr\u00f4nicos.<\/li>\n\n\n\n<li><strong>Decreto Municipal n\u00ba 56.819\/2016<\/strong>: regula a gest\u00e3o de res\u00edduos s\u00f3lidos na cidade de S\u00e3o Paulo e inclui a coleta seletiva e o descarte adequado de eletr\u00f4nicos, al\u00e9m de incentivos a campanhas educativas.<\/li>\n\n\n\n<li><strong>Resolu\u00e7\u00e3o Conama n\u00ba 401\/2008<\/strong>: define diretrizes para o manejo de res\u00edduos s\u00f3lidos, incluindo equipamentos eletr\u00f4nicos, com foco na reciclagem e destina\u00e7\u00e3o ambientalmente adequada.<\/li>\n<\/ol>\n\n\n\n<p>Essas normas visam garantir que os res\u00edduos eletr\u00f4nicos sejam reciclados corretamente, minimizando o impacto ambiental e incentivando a responsabilidade compartilhada entre governo, empresas e consumidores.<\/p>\n\n\n\n<h2 class=\"wp-block-heading\"><span class=\"ez-toc-section\" id=\"Onde_encontrar_coleta_de_sucata_eletronica_em_Sao_Paulo\"><\/span>Onde encontrar coleta de sucata eletr\u00f4nica em S\u00e3o Paulo?<span class=\"ez-toc-section-end\"><\/span><\/h2>\n\n\n\n<p>A cidade de S\u00e3o Paulo oferece v\u00e1rias op\u00e7\u00f5es para o descarte respons\u00e1vel de sucata eletr\u00f4nica.&nbsp;<\/p>\n\n\n\n<p>No entanto, \u00e9 essencial escolher um <strong>servi\u00e7o confi\u00e1vel e comprometido <\/strong>com a reciclagem adequada desses materiais.&nbsp;<\/p>\n\n\n\n<p>Nesse sentido, a empresa San Lien se destaca como uma refer\u00eancia na coleta de sucata de eletr\u00f4nicos em S\u00e3o Paulo.<\/p>\n\n\n\n<h2 class=\"wp-block-heading\"><span class=\"ez-toc-section\" id=\"San_Lien_sua_melhor_opcao_para_coleta_de_sucata_eletronica_em_Sao_Paulo\"><\/span>San Lien: sua melhor op\u00e7\u00e3o para coleta de sucata eletr\u00f4nica em S\u00e3o Paulo<span class=\"ez-toc-section-end\"><\/span><\/h2>\n\n\n\n<p>A <a href=\"https:\/\/www.sanlien.com.br\/\">San Lien<\/a> \u00e9 uma empresa renomada na \u00e1rea de gerenciamento de res\u00edduos eletr\u00f4nicos em S\u00e3o Paulo.&nbsp;<\/p>\n\n\n\n<p>Com anos de experi\u00eancia e um compromisso s\u00f3lido com a sustentabilidade ambiental, eles oferecem uma ampla gama de servi\u00e7os relacionados \u00e0 coleta de suc\u00e7\u00e3o de equipamento eletr\u00f4nico.<\/p>\n\n\n\n<ul>\n<li><a href=\"https:\/\/sanlien.com.br\/blog\/empresa-de-coleta-de-sucata-de-equipamento-eletronico-conheca-a-san-lien\/\">Empresa de coleta de sucata de equipamento eletr\u00f4nico: conhe\u00e7a a San Lien<\/a><\/li>\n<\/ul>\n\n\n\n<h2 class=\"wp-block-heading\"><span class=\"ez-toc-section\" id=\"Por_que_escolher_San_Lien\"><\/span>Por que escolher San Lien?<span class=\"ez-toc-section-end\"><\/span><\/h2>\n\n\n\n<ul>\n<li><strong>Experi\u00eancia: <\/strong>a San Lien atua h\u00e1 anos no mercado de coleta de sucata eletr\u00f4nica, adquirindo conhecimento e expertise na gest\u00e3o desses materiais.<\/li>\n\n\n\n<li><strong>Compromisso ambiental:<\/strong> a empresa est\u00e1 comprometida com pr\u00e1ticas sustent\u00e1veis \u200b\u200be o descarte ambiental correto de res\u00edduos eletr\u00f4nicos, contribuindo para um planeta mais limpo e saud\u00e1vel.<\/li>\n\n\n\n<li><strong>Tecnologia avan\u00e7ada: <\/strong>a San Lien utiliza tecnologia de ponta para o processamento de sucata eletr\u00f4nica, garantindo a reciclagem eficiente e segura desses materiais.<\/li>\n\n\n\n<li><strong>Conformidade regulat\u00f3ria: <\/strong>a empresa segue todas as regulamenta\u00e7\u00f5es e normas ambientais, garantindo que o descarte seja realizado dentro dos padr\u00f5es legais.<\/li>\n\n\n\n<li><strong>Atendimento personalizado :<\/strong> a San Lien oferece solu\u00e7\u00f5es sob medida para atender \u00e0s necessidades espec\u00edficas de empresas e indiv\u00edduos que buscam a coleta de sucata eletr\u00f4nica em S\u00e3o Paulo.<\/li>\n<\/ul>\n\n\n\n<p>Na coleta de sucata de material eletr\u00f4nico em S\u00e3o Paulo, a <a href=\"https:\/\/www.sanlien.com.br\/\">San Lien<\/a> \u00e9 sua melhor escolha!<\/p>\n\n\n\n<p>Entre em <a href=\"https:\/\/www.sanlien.com.br\/contato\">contato<\/a> conosco!<\/p>\n\n\n<div class=\"wp-block-image\">\n<figure class=\"aligncenter size-full\"><img decoding=\"async\" loading=\"lazy\" width=\"750\" height=\"200\" src=\"https:\/\/sanlien.com.br\/blog\/wp-content\/uploads\/2023\/12\/WhatsApp-Image-2023-11-13-at-14.09.53-1-1.jpeg\" alt=\"confira nossos servi\u00e7os\" class=\"wp-image-57\"\/><\/figure><\/div>\n\n\n<p>Gostou do conte\u00fado? Caso tenha gostado, acompanhe o <a href=\"https:\/\/sanlien.com.br\/blog\/\">blog da San Lien<\/a> para mais informa\u00e7\u00f5es sobre gest\u00e3o de res\u00edduos.<\/p>\n\n\n\n<p>At\u00e9 a pr\u00f3xima<\/p>\n","protected":false},"excerpt":{"rendered":"<p><span class=\"rt-reading-time\" style=\"display: block;\"><span class=\"rt-label rt-prefix\">Tempo de leitura: <\/span> <span class=\"rt-time\">4<\/span> <span class=\"rt-label rt-postfix\">minutos<\/span><\/span> Descubra a import\u00e2ncia da coleta de sucata de equipamento eletr\u00f4nico em S\u00e3o Paulo e saiba onde encontrar os melhores servi\u00e7os, com destaque para a San Lien, l\u00edder na gest\u00e3o respons\u00e1vel de res\u00edduos eletr\u00f4nicos. A coleta de sucata de equipamento eletr\u00f4nico \u00e9 um servi\u00e7o de extrema import\u00e2ncia nos dias de hoje, n\u00e3o apenas em S\u00e3o Paulo, &hellip; <\/p>\n","protected":false},"author":1,"featured_media":58,"comment_status":"open","ping_status":"open","sticky":false,"template":"","format":"standard","meta":{"footnotes":""},"categories":[61],"tags":[337,408,374,370,391,362,358,399,404,366,395,383,354,387,375,79,89,73,71,400,77,75,93,83,69,85,373,369,390,361,357,398,403,365,394,382,353,386,372,368,389,360,410,356,397,402,364,393,381,352,385,329,341,65,340,339,338,332,345,67,344,343,342,333,349,350,348,347,346,409,63,336,335,407,334,405,330,406,331,328,379,81,378,377,376,371,367,388,359,355,396,401,363,392,380,351,384],"yoast_head":"<!-- This site is optimized with the Yoast SEO plugin v21.5 - https:\/\/yoast.com\/wordpress\/plugins\/seo\/ -->\n<title>Coleta de sucata de equipamento eletr\u00f4nico em S\u00e3o Paulo: onde encontrar? - San Lien<\/title>\n<meta name=\"description\" content=\"Descubra a import\u00e2ncia da coleta de sucata de equipamento eletr\u00f4nico em S\u00e3o Paulo e saiba onde encontrar os melhores servi\u00e7os, com a San Lien,\" \/>\n<meta name=\"robots\" content=\"index, follow, max-snippet:-1, max-image-preview:large, max-video-preview:-1\" \/>\n<link rel=\"canonical\" href=\"https:\/\/www.sanlien.com.br\/blog\/coleta-de-sucata-de-equipamento-eletronico-em-sao-paulo-onde-encontrar\/\" \/>\n<meta property=\"og:locale\" content=\"pt_BR\" \/>\n<meta property=\"og:type\" content=\"article\" \/>\n<meta property=\"og:title\" content=\"Coleta de sucata de equipamento eletr\u00f4nico em S\u00e3o Paulo: onde encontrar? - San Lien\" \/>\n<meta property=\"og:description\" content=\"Descubra a import\u00e2ncia da coleta de sucata de equipamento eletr\u00f4nico em S\u00e3o Paulo e saiba onde encontrar os melhores servi\u00e7os, com a San Lien,\" \/>\n<meta property=\"og:url\" content=\"https:\/\/www.sanlien.com.br\/blog\/coleta-de-sucata-de-equipamento-eletronico-em-sao-paulo-onde-encontrar\/\" \/>\n<meta property=\"og:site_name\" content=\"San Lien\" \/>\n<meta property=\"article:published_time\" content=\"2025-01-17T16:44:30+00:00\" \/>\n<meta property=\"article:modified_time\" content=\"2025-01-17T16:44:32+00:00\" \/>\n<meta property=\"og:image\" content=\"https:\/\/www.sanlien.com.br\/blog\/wp-content\/uploads\/2023\/12\/computador-abandonado-1.jpg\" \/>\n\t<meta property=\"og:image:width\" content=\"1000\" \/>\n\t<meta property=\"og:image:height\" content=\"667\" \/>\n\t<meta property=\"og:image:type\" content=\"image\/jpeg\" \/>\n<meta name=\"author\" content=\"admin\" \/>\n<meta name=\"twitter:card\" content=\"summary_large_image\" \/>\n<meta name=\"twitter:label1\" content=\"Escrito por\" \/>\n\t<meta name=\"twitter:data1\" content=\"admin\" \/>\n\t<meta name=\"twitter:label2\" content=\"Est. tempo de leitura\" \/>\n\t<meta name=\"twitter:data2\" content=\"6 minutos\" \/>\n<script type=\"application\/ld+json\" class=\"yoast-schema-graph\">{\"@context\":\"https:\/\/schema.org\",\"@graph\":[{\"@type\":\"Article\",\"@id\":\"https:\/\/www.sanlien.com.br\/blog\/coleta-de-sucata-de-equipamento-eletronico-em-sao-paulo-onde-encontrar\/#article\",\"isPartOf\":{\"@id\":\"https:\/\/www.sanlien.com.br\/blog\/coleta-de-sucata-de-equipamento-eletronico-em-sao-paulo-onde-encontrar\/\"},\"author\":{\"name\":\"admin\",\"@id\":\"https:\/\/www.sanlien.com.br\/blog\/#\/schema\/person\/85eb4a356aebbc1679ec5e4b8dac034a\"},\"headline\":\"Coleta de sucata de equipamento eletr\u00f4nico em S\u00e3o Paulo: onde encontrar?\",\"datePublished\":\"2025-01-17T16:44:30+00:00\",\"dateModified\":\"2025-01-17T16:44:32+00:00\",\"mainEntityOfPage\":{\"@id\":\"https:\/\/www.sanlien.com.br\/blog\/coleta-de-sucata-de-equipamento-eletronico-em-sao-paulo-onde-encontrar\/\"},\"wordCount\":1000,\"commentCount\":0,\"publisher\":{\"@id\":\"https:\/\/www.sanlien.com.br\/blog\/#organization\"},\"keywords\":[\"#REF! onde encontrar Coleta de eletr\u00f4nicos\",\"A import\u00e2ncia da coleta de sucata de eletr\u00f4nicos\",\"Coleta de eletr\u00f4nicos direto da fabrica\",\"Coleta de eletr\u00f4nicos em promo\u00e7\u00e3o\",\"Coleta de eletr\u00f4nicos em Santana\",\"Coleta de eletr\u00f4nicos em s\u00e3o paulo\",\"Coleta de eletr\u00f4nicos em sp\",\"Coleta de eletr\u00f4nicos na Vila Guilherme\",\"Coleta de eletr\u00f4nicos na Vila Maria\",\"Coleta de eletr\u00f4nicos na zona norte\",\"Coleta de eletr\u00f4nicos no Tatuap\u00e9\",\"Coleta de eletr\u00f4nicos perto de mim\",\"Coleta de eletr\u00f4nicos pre\u00e7o\",\"Coleta de eletr\u00f4nicos pr\u00f3ximo a mim\",\"Coleta de equipamento eletr\u00f4nico direto da fabrica\",\"Coleta de equipamento eletr\u00f4nico em promo\u00e7\u00e3o\",\"Coleta de equipamento eletr\u00f4nico em Santana\",\"Coleta de equipamento eletr\u00f4nico em s\u00e3o paulo\",\"Coleta de equipamento eletr\u00f4nico em sp\",\"Coleta de equipamento eletr\u00f4nico na Vila Guilherme\",\"Coleta de equipamento eletr\u00f4nico na Vila Maria\",\"Coleta de equipamento eletr\u00f4nico na zona norte\",\"Coleta de equipamento eletr\u00f4nico no Tatuap\u00e9\",\"Coleta de equipamento eletr\u00f4nico perto de mim\",\"Coleta de equipamento eletr\u00f4nico pre\u00e7o\",\"Coleta de equipamento eletr\u00f4nico pr\u00f3ximo a mim\",\"Coleta de sucata de eletr\u00f4nicos direto da fabrica\",\"Coleta de sucata de eletr\u00f4nicos em promo\u00e7\u00e3o\",\"Coleta de sucata de eletr\u00f4nicos em Santana\",\"Coleta de sucata de eletr\u00f4nicos em s\u00e3o paulo\",\"Coleta de sucata de eletr\u00f4nicos em sp\",\"Coleta de sucata de eletr\u00f4nicos na Vila Guilherme\",\"Coleta de sucata de eletr\u00f4nicos na Vila Maria\",\"Coleta de sucata de eletr\u00f4nicos na zona norte\",\"Coleta de sucata de eletr\u00f4nicos no Tatuap\u00e9\",\"Coleta de sucata de eletr\u00f4nicos perto de mim\",\"Coleta de sucata de eletr\u00f4nicos pre\u00e7o\",\"Coleta de sucata de eletr\u00f4nicos pr\u00f3ximo a mim\",\"Coleta de sucata de equipamento eletr\u00f4nico direto da fabrica\",\"Coleta de sucata de equipamento eletr\u00f4nico em promo\u00e7\u00e3o\",\"Coleta de sucata de equipamento eletr\u00f4nico em Santana\",\"Coleta de sucata de equipamento eletr\u00f4nico em s\u00e3o paulo\",\"Coleta de sucata de equipamento eletr\u00f4nico em S\u00e3o Paulo: onde encontrar?\",\"Coleta de sucata de equipamento eletr\u00f4nico em sp\",\"Coleta de sucata de equipamento eletr\u00f4nico na Vila Guilherme\",\"Coleta de sucata de equipamento eletr\u00f4nico na Vila Maria\",\"Coleta de sucata de equipamento eletr\u00f4nico na zona norte\",\"Coleta de sucata de equipamento eletr\u00f4nico no Tatuap\u00e9\",\"Coleta de sucata de equipamento eletr\u00f4nico perto de mim\",\"Coleta de sucata de equipamento eletr\u00f4nico pre\u00e7o\",\"Coleta de sucata de equipamento eletr\u00f4nico pr\u00f3ximo a mim\",\"coleta de sucata eletr\u00f4nica\",\"comprar Coleta de eletr\u00f4nicos\",\"comprar Coleta de equipamento eletr\u00f4nico\",\"comprar Coleta de sucata de eletr\u00f4nicos\",\"comprar Coleta de sucata de equipamento eletr\u00f4nico\",\"comprar sucata de equipamento eletr\u00f4nico\",\"descarte respons\u00e1vel\",\"empresa de Coleta de eletr\u00f4nicos\",\"empresa de Coleta de equipamento eletr\u00f4nico\",\"empresa de Coleta de sucata de eletr\u00f4nicos\",\"empresa de Coleta de sucata de equipamento eletr\u00f4nico\",\"empresa de sucata de equipamento eletr\u00f4nico\",\"equipamento eletr\u00f4nico\",\"loja de Coleta de eletr\u00f4nicos\",\"loja de Coleta de equipamento eletr\u00f4nico\",\"loja de Coleta de sucata de eletr\u00f4nicos\",\"loja de Coleta de sucata de equipamento eletr\u00f4nico\",\"loja de sucata de equipamento eletr\u00f4nico\",\"O que \u00e9 coleta de sucata de equipamento eletr\u00f4nico?\",\"onde encontrar Coleta de equipamento eletr\u00f4nico\",\"onde encontrar Coleta de sucata de eletr\u00f4nicos\",\"onde encontrar Coleta de sucata de equipamento eletr\u00f4nico\",\"Onde encontrar coleta de sucata eletr\u00f4nica em S\u00e3o Paulo?\",\"onde encontrar sucata de equipamento eletr\u00f4nico\",\"Por que escolher San Lien?\",\"reciclagem\",\"San Lien: sua melhor op\u00e7\u00e3o para coleta de sucata eletr\u00f4nica em S\u00e3o Paulo\",\"San Lien.\",\"S\u00e3o Paulo\",\"servi\u00e7o de Coleta de eletr\u00f4nicos\",\"servi\u00e7o de Coleta de equipamento eletr\u00f4nico\",\"servi\u00e7o de Coleta de sucata de eletr\u00f4nicos\",\"servi\u00e7o de Coleta de sucata de equipamento eletr\u00f4nico\",\"servi\u00e7o de sucata de equipamento eletr\u00f4nico\",\"sucata de equipamento eletr\u00f4nico direto da fabrica\",\"sucata de equipamento eletr\u00f4nico em promo\u00e7\u00e3o\",\"sucata de equipamento eletr\u00f4nico em Santana\",\"sucata de equipamento eletr\u00f4nico em s\u00e3o paulo\",\"sucata de equipamento eletr\u00f4nico em sp\",\"sucata de equipamento eletr\u00f4nico na Vila Guilherme\",\"sucata de equipamento eletr\u00f4nico na Vila Maria\",\"sucata de equipamento eletr\u00f4nico na zona norte\",\"sucata de equipamento eletr\u00f4nico no Tatuap\u00e9\",\"sucata de equipamento eletr\u00f4nico perto de mim\",\"sucata de equipamento eletr\u00f4nico pre\u00e7o\",\"sucata de equipamento eletr\u00f4nico pr\u00f3ximo a mim\"],\"articleSection\":[\"Sucata de equipamento eletr\u00f4nico\"],\"inLanguage\":\"pt-BR\",\"potentialAction\":[{\"@type\":\"CommentAction\",\"name\":\"Comment\",\"target\":[\"https:\/\/www.sanlien.com.br\/blog\/coleta-de-sucata-de-equipamento-eletronico-em-sao-paulo-onde-encontrar\/#respond\"]}]},{\"@type\":\"WebPage\",\"@id\":\"https:\/\/www.sanlien.com.br\/blog\/coleta-de-sucata-de-equipamento-eletronico-em-sao-paulo-onde-encontrar\/\",\"url\":\"https:\/\/www.sanlien.com.br\/blog\/coleta-de-sucata-de-equipamento-eletronico-em-sao-paulo-onde-encontrar\/\",\"name\":\"Coleta de sucata de equipamento eletr\u00f4nico em S\u00e3o Paulo: onde encontrar? - San Lien\",\"isPartOf\":{\"@id\":\"https:\/\/www.sanlien.com.br\/blog\/#website\"},\"datePublished\":\"2025-01-17T16:44:30+00:00\",\"dateModified\":\"2025-01-17T16:44:32+00:00\",\"description\":\"Descubra a import\u00e2ncia da coleta de sucata de equipamento eletr\u00f4nico em S\u00e3o Paulo e saiba onde encontrar os melhores servi\u00e7os, com a San Lien,\",\"breadcrumb\":{\"@id\":\"https:\/\/www.sanlien.com.br\/blog\/coleta-de-sucata-de-equipamento-eletronico-em-sao-paulo-onde-encontrar\/#breadcrumb\"},\"inLanguage\":\"pt-BR\",\"potentialAction\":[{\"@type\":\"ReadAction\",\"target\":[\"https:\/\/www.sanlien.com.br\/blog\/coleta-de-sucata-de-equipamento-eletronico-em-sao-paulo-onde-encontrar\/\"]}]},{\"@type\":\"BreadcrumbList\",\"@id\":\"https:\/\/www.sanlien.com.br\/blog\/coleta-de-sucata-de-equipamento-eletronico-em-sao-paulo-onde-encontrar\/#breadcrumb\",\"itemListElement\":[{\"@type\":\"ListItem\",\"position\":1,\"name\":\"In\u00edcio\",\"item\":\"https:\/\/www.sanlien.com.br\/blog\/\"},{\"@type\":\"ListItem\",\"position\":2,\"name\":\"Coleta de sucata de equipamento eletr\u00f4nico em S\u00e3o Paulo: onde encontrar?\"}]},{\"@type\":\"WebSite\",\"@id\":\"https:\/\/www.sanlien.com.br\/blog\/#website\",\"url\":\"https:\/\/www.sanlien.com.br\/blog\/\",\"name\":\"San Lien\",\"description\":\"Blog - San Lien\",\"publisher\":{\"@id\":\"https:\/\/www.sanlien.com.br\/blog\/#organization\"},\"potentialAction\":[{\"@type\":\"SearchAction\",\"target\":{\"@type\":\"EntryPoint\",\"urlTemplate\":\"https:\/\/www.sanlien.com.br\/blog\/?s={search_term_string}\"},\"query-input\":\"required name=search_term_string\"}],\"inLanguage\":\"pt-BR\"},{\"@type\":\"Organization\",\"@id\":\"https:\/\/www.sanlien.com.br\/blog\/#organization\",\"name\":\"San Lien\",\"url\":\"https:\/\/www.sanlien.com.br\/blog\/\",\"logo\":{\"@type\":\"ImageObject\",\"inLanguage\":\"pt-BR\",\"@id\":\"https:\/\/www.sanlien.com.br\/blog\/#\/schema\/logo\/image\/\",\"url\":\"https:\/\/www.sanlien.com.br\/blog\/wp-content\/uploads\/2023\/11\/logo.png\",\"contentUrl\":\"https:\/\/www.sanlien.com.br\/blog\/wp-content\/uploads\/2023\/11\/logo.png\",\"width\":500,\"height\":300,\"caption\":\"San Lien\"},\"image\":{\"@id\":\"https:\/\/www.sanlien.com.br\/blog\/#\/schema\/logo\/image\/\"}},{\"@type\":\"Person\",\"@id\":\"https:\/\/www.sanlien.com.br\/blog\/#\/schema\/person\/85eb4a356aebbc1679ec5e4b8dac034a\",\"name\":\"admin\",\"image\":{\"@type\":\"ImageObject\",\"inLanguage\":\"pt-BR\",\"@id\":\"https:\/\/www.sanlien.com.br\/blog\/#\/schema\/person\/image\/\",\"url\":\"https:\/\/secure.gravatar.com\/avatar\/bd8125b24775f217cdea35dcfa839469?s=96&d=mm&r=g\",\"contentUrl\":\"https:\/\/secure.gravatar.com\/avatar\/bd8125b24775f217cdea35dcfa839469?s=96&d=mm&r=g\",\"caption\":\"admin\"},\"sameAs\":[\"https:\/\/sanlien.com.br\/blog\"],\"url\":\"https:\/\/www.sanlien.com.br\/blog\/author\/admin\/\"}]}<\/script>\n<!-- \/ Yoast SEO plugin. -->","yoast_head_json":{"title":"Coleta de sucata de equipamento eletr\u00f4nico em S\u00e3o Paulo: onde encontrar? - San Lien","description":"Descubra a import\u00e2ncia da coleta de sucata de equipamento eletr\u00f4nico em S\u00e3o Paulo e saiba onde encontrar os melhores servi\u00e7os, com a San Lien,","robots":{"index":"index","follow":"follow","max-snippet":"max-snippet:-1","max-image-preview":"max-image-preview:large","max-video-preview":"max-video-preview:-1"},"canonical":"https:\/\/www.sanlien.com.br\/blog\/coleta-de-sucata-de-equipamento-eletronico-em-sao-paulo-onde-encontrar\/","og_locale":"pt_BR","og_type":"article","og_title":"Coleta de sucata de equipamento eletr\u00f4nico em S\u00e3o Paulo: onde encontrar? - San Lien","og_description":"Descubra a import\u00e2ncia da coleta de sucata de equipamento eletr\u00f4nico em S\u00e3o Paulo e saiba onde encontrar os melhores servi\u00e7os, com a San Lien,","og_url":"https:\/\/www.sanlien.com.br\/blog\/coleta-de-sucata-de-equipamento-eletronico-em-sao-paulo-onde-encontrar\/","og_site_name":"San Lien","article_published_time":"2025-01-17T16:44:30+00:00","article_modified_time":"2025-01-17T16:44:32+00:00","og_image":[{"width":1000,"height":667,"url":"https:\/\/www.sanlien.com.br\/blog\/wp-content\/uploads\/2023\/12\/computador-abandonado-1.jpg","type":"image\/jpeg"}],"author":"admin","twitter_card":"summary_large_image","twitter_misc":{"Escrito por":"admin","Est. tempo de leitura":"6 minutos"},"schema":{"@context":"https:\/\/schema.org","@graph":[{"@type":"Article","@id":"https:\/\/www.sanlien.com.br\/blog\/coleta-de-sucata-de-equipamento-eletronico-em-sao-paulo-onde-encontrar\/#article","isPartOf":{"@id":"https:\/\/www.sanlien.com.br\/blog\/coleta-de-sucata-de-equipamento-eletronico-em-sao-paulo-onde-encontrar\/"},"author":{"name":"admin","@id":"https:\/\/www.sanlien.com.br\/blog\/#\/schema\/person\/85eb4a356aebbc1679ec5e4b8dac034a"},"headline":"Coleta de sucata de equipamento eletr\u00f4nico em S\u00e3o Paulo: onde encontrar?","datePublished":"2025-01-17T16:44:30+00:00","dateModified":"2025-01-17T16:44:32+00:00","mainEntityOfPage":{"@id":"https:\/\/www.sanlien.com.br\/blog\/coleta-de-sucata-de-equipamento-eletronico-em-sao-paulo-onde-encontrar\/"},"wordCount":1000,"commentCount":0,"publisher":{"@id":"https:\/\/www.sanlien.com.br\/blog\/#organization"},"keywords":["#REF! onde encontrar Coleta de eletr\u00f4nicos","A import\u00e2ncia da coleta de sucata de eletr\u00f4nicos","Coleta de eletr\u00f4nicos direto da fabrica","Coleta de eletr\u00f4nicos em promo\u00e7\u00e3o","Coleta de eletr\u00f4nicos em Santana","Coleta de eletr\u00f4nicos em s\u00e3o paulo","Coleta de eletr\u00f4nicos em sp","Coleta de eletr\u00f4nicos na Vila Guilherme","Coleta de eletr\u00f4nicos na Vila Maria","Coleta de eletr\u00f4nicos na zona norte","Coleta de eletr\u00f4nicos no Tatuap\u00e9","Coleta de eletr\u00f4nicos perto de mim","Coleta de eletr\u00f4nicos pre\u00e7o","Coleta de eletr\u00f4nicos pr\u00f3ximo a mim","Coleta de equipamento eletr\u00f4nico direto da fabrica","Coleta de equipamento eletr\u00f4nico em promo\u00e7\u00e3o","Coleta de equipamento eletr\u00f4nico em Santana","Coleta de equipamento eletr\u00f4nico em s\u00e3o paulo","Coleta de equipamento eletr\u00f4nico em sp","Coleta de equipamento eletr\u00f4nico na Vila Guilherme","Coleta de equipamento eletr\u00f4nico na Vila Maria","Coleta de equipamento eletr\u00f4nico na zona norte","Coleta de equipamento eletr\u00f4nico no Tatuap\u00e9","Coleta de equipamento eletr\u00f4nico perto de mim","Coleta de equipamento eletr\u00f4nico pre\u00e7o","Coleta de equipamento eletr\u00f4nico pr\u00f3ximo a mim","Coleta de sucata de eletr\u00f4nicos direto da fabrica","Coleta de sucata de eletr\u00f4nicos em promo\u00e7\u00e3o","Coleta de sucata de eletr\u00f4nicos em Santana","Coleta de sucata de eletr\u00f4nicos em s\u00e3o paulo","Coleta de sucata de eletr\u00f4nicos em sp","Coleta de sucata de eletr\u00f4nicos na Vila Guilherme","Coleta de sucata de eletr\u00f4nicos na Vila Maria","Coleta de sucata de eletr\u00f4nicos na zona norte","Coleta de sucata de eletr\u00f4nicos no Tatuap\u00e9","Coleta de sucata de eletr\u00f4nicos perto de mim","Coleta de sucata de eletr\u00f4nicos pre\u00e7o","Coleta de sucata de eletr\u00f4nicos pr\u00f3ximo a mim","Coleta de sucata de equipamento eletr\u00f4nico direto da fabrica","Coleta de sucata de equipamento eletr\u00f4nico em promo\u00e7\u00e3o","Coleta de sucata de equipamento eletr\u00f4nico em Santana","Coleta de sucata de equipamento eletr\u00f4nico em s\u00e3o paulo","Coleta de sucata de equipamento eletr\u00f4nico em S\u00e3o Paulo: onde encontrar?","Coleta de sucata de equipamento eletr\u00f4nico em sp","Coleta de sucata de equipamento eletr\u00f4nico na Vila Guilherme","Coleta de sucata de equipamento eletr\u00f4nico na Vila Maria","Coleta de sucata de equipamento eletr\u00f4nico na zona norte","Coleta de sucata de equipamento eletr\u00f4nico no Tatuap\u00e9","Coleta de sucata de equipamento eletr\u00f4nico perto de mim","Coleta de sucata de equipamento eletr\u00f4nico pre\u00e7o","Coleta de sucata de equipamento eletr\u00f4nico pr\u00f3ximo a mim","coleta de sucata eletr\u00f4nica","comprar Coleta de eletr\u00f4nicos","comprar Coleta de equipamento eletr\u00f4nico","comprar Coleta de sucata de eletr\u00f4nicos","comprar Coleta de sucata de equipamento eletr\u00f4nico","comprar sucata de equipamento eletr\u00f4nico","descarte respons\u00e1vel","empresa de Coleta de eletr\u00f4nicos","empresa de Coleta de equipamento eletr\u00f4nico","empresa de Coleta de sucata de eletr\u00f4nicos","empresa de Coleta de sucata de equipamento eletr\u00f4nico","empresa de sucata de equipamento eletr\u00f4nico","equipamento eletr\u00f4nico","loja de Coleta de eletr\u00f4nicos","loja de Coleta de equipamento eletr\u00f4nico","loja de Coleta de sucata de eletr\u00f4nicos","loja de Coleta de sucata de equipamento eletr\u00f4nico","loja de sucata de equipamento eletr\u00f4nico","O que \u00e9 coleta de sucata de equipamento eletr\u00f4nico?","onde encontrar Coleta de equipamento eletr\u00f4nico","onde encontrar Coleta de sucata de eletr\u00f4nicos","onde encontrar Coleta de sucata de equipamento eletr\u00f4nico","Onde encontrar coleta de sucata eletr\u00f4nica em S\u00e3o Paulo?","onde encontrar sucata de equipamento eletr\u00f4nico","Por que escolher San Lien?","reciclagem","San Lien: sua melhor op\u00e7\u00e3o para coleta de sucata eletr\u00f4nica em S\u00e3o Paulo","San Lien.","S\u00e3o Paulo","servi\u00e7o de Coleta de eletr\u00f4nicos","servi\u00e7o de Coleta de equipamento eletr\u00f4nico","servi\u00e7o de Coleta de sucata de eletr\u00f4nicos","servi\u00e7o de Coleta de sucata de equipamento eletr\u00f4nico","servi\u00e7o de sucata de equipamento eletr\u00f4nico","sucata de equipamento eletr\u00f4nico direto da fabrica","sucata de equipamento eletr\u00f4nico em promo\u00e7\u00e3o","sucata de equipamento eletr\u00f4nico em Santana","sucata de equipamento eletr\u00f4nico em s\u00e3o paulo","sucata de equipamento eletr\u00f4nico em sp","sucata de equipamento eletr\u00f4nico na Vila Guilherme","sucata de equipamento eletr\u00f4nico na Vila Maria","sucata de equipamento eletr\u00f4nico na zona norte","sucata de equipamento eletr\u00f4nico no Tatuap\u00e9","sucata de equipamento eletr\u00f4nico perto de mim","sucata de equipamento eletr\u00f4nico pre\u00e7o","sucata de equipamento eletr\u00f4nico pr\u00f3ximo a mim"],"articleSection":["Sucata de equipamento eletr\u00f4nico"],"inLanguage":"pt-BR","potentialAction":[{"@type":"CommentAction","name":"Comment","target":["https:\/\/www.sanlien.com.br\/blog\/coleta-de-sucata-de-equipamento-eletronico-em-sao-paulo-onde-encontrar\/#respond"]}]},{"@type":"WebPage","@id":"https:\/\/www.sanlien.com.br\/blog\/coleta-de-sucata-de-equipamento-eletronico-em-sao-paulo-onde-encontrar\/","url":"https:\/\/www.sanlien.com.br\/blog\/coleta-de-sucata-de-equipamento-eletronico-em-sao-paulo-onde-encontrar\/","name":"Coleta de sucata de equipamento eletr\u00f4nico em S\u00e3o Paulo: onde encontrar? - San Lien","isPartOf":{"@id":"https:\/\/www.sanlien.com.br\/blog\/#website"},"datePublished":"2025-01-17T16:44:30+00:00","dateModified":"2025-01-17T16:44:32+00:00","description":"Descubra a import\u00e2ncia da coleta de sucata de equipamento eletr\u00f4nico em S\u00e3o Paulo e saiba onde encontrar os melhores servi\u00e7os, com a San Lien,","breadcrumb":{"@id":"https:\/\/www.sanlien.com.br\/blog\/coleta-de-sucata-de-equipamento-eletronico-em-sao-paulo-onde-encontrar\/#breadcrumb"},"inLanguage":"pt-BR","potentialAction":[{"@type":"ReadAction","target":["https:\/\/www.sanlien.com.br\/blog\/coleta-de-sucata-de-equipamento-eletronico-em-sao-paulo-onde-encontrar\/"]}]},{"@type":"BreadcrumbList","@id":"https:\/\/www.sanlien.com.br\/blog\/coleta-de-sucata-de-equipamento-eletronico-em-sao-paulo-onde-encontrar\/#breadcrumb","itemListElement":[{"@type":"ListItem","position":1,"name":"In\u00edcio","item":"https:\/\/www.sanlien.com.br\/blog\/"},{"@type":"ListItem","position":2,"name":"Coleta de sucata de equipamento eletr\u00f4nico em S\u00e3o Paulo: onde encontrar?"}]},{"@type":"WebSite","@id":"https:\/\/www.sanlien.com.br\/blog\/#website","url":"https:\/\/www.sanlien.com.br\/blog\/","name":"San Lien","description":"Blog - San Lien","publisher":{"@id":"https:\/\/www.sanlien.com.br\/blog\/#organization"},"potentialAction":[{"@type":"SearchAction","target":{"@type":"EntryPoint","urlTemplate":"https:\/\/www.sanlien.com.br\/blog\/?s={search_term_string}"},"query-input":"required name=search_term_string"}],"inLanguage":"pt-BR"},{"@type":"Organization","@id":"https:\/\/www.sanlien.com.br\/blog\/#organization","name":"San Lien","url":"https:\/\/www.sanlien.com.br\/blog\/","logo":{"@type":"ImageObject","inLanguage":"pt-BR","@id":"https:\/\/www.sanlien.com.br\/blog\/#\/schema\/logo\/image\/","url":"https:\/\/www.sanlien.com.br\/blog\/wp-content\/uploads\/2023\/11\/logo.png","contentUrl":"https:\/\/www.sanlien.com.br\/blog\/wp-content\/uploads\/2023\/11\/logo.png","width":500,"height":300,"caption":"San Lien"},"image":{"@id":"https:\/\/www.sanlien.com.br\/blog\/#\/schema\/logo\/image\/"}},{"@type":"Person","@id":"https:\/\/www.sanlien.com.br\/blog\/#\/schema\/person\/85eb4a356aebbc1679ec5e4b8dac034a","name":"admin","image":{"@type":"ImageObject","inLanguage":"pt-BR","@id":"https:\/\/www.sanlien.com.br\/blog\/#\/schema\/person\/image\/","url":"https:\/\/secure.gravatar.com\/avatar\/bd8125b24775f217cdea35dcfa839469?s=96&d=mm&r=g","contentUrl":"https:\/\/secure.gravatar.com\/avatar\/bd8125b24775f217cdea35dcfa839469?s=96&d=mm&r=g","caption":"admin"},"sameAs":["https:\/\/sanlien.com.br\/blog"],"url":"https:\/\/www.sanlien.com.br\/blog\/author\/admin\/"}]}},"_links":{"self":[{"href":"https:\/\/www.sanlien.com.br\/blog\/wp-json\/wp\/v2\/posts\/56"}],"collection":[{"href":"https:\/\/www.sanlien.com.br\/blog\/wp-json\/wp\/v2\/posts"}],"about":[{"href":"https:\/\/www.sanlien.com.br\/blog\/wp-json\/wp\/v2\/types\/post"}],"author":[{"embeddable":true,"href":"https:\/\/www.sanlien.com.br\/blog\/wp-json\/wp\/v2\/users\/1"}],"replies":[{"embeddable":true,"href":"https:\/\/www.sanlien.com.br\/blog\/wp-json\/wp\/v2\/comments?post=56"}],"version-history":[{"count":3,"href":"https:\/\/www.sanlien.com.br\/blog\/wp-json\/wp\/v2\/posts\/56\/revisions"}],"predecessor-version":[{"id":278,"href":"https:\/\/www.sanlien.com.br\/blog\/wp-json\/wp\/v2\/posts\/56\/revisions\/278"}],"wp:featuredmedia":[{"embeddable":true,"href":"https:\/\/www.sanlien.com.br\/blog\/wp-json\/wp\/v2\/media\/58"}],"wp:attachment":[{"href":"https:\/\/www.sanlien.com.br\/blog\/wp-json\/wp\/v2\/media?parent=56"}],"wp:term":[{"taxonomy":"category","embeddable":true,"href":"https:\/\/www.sanlien.com.br\/blog\/wp-json\/wp\/v2\/categories?post=56"},{"taxonomy":"post_tag","embeddable":true,"href":"https:\/\/www.sanlien.com.br\/blog\/wp-json\/wp\/v2\/tags?post=56"}],"curies":[{"name":"wp","href":"https:\/\/api.w.org\/{rel}","templated":true}]}}