{"id":495,"date":"2026-04-30T15:05:26","date_gmt":"2026-04-30T15:05:26","guid":{"rendered":"https:\/\/www.sanlien.com.br\/blog\/?p=495"},"modified":"2026-04-30T15:07:31","modified_gmt":"2026-04-30T15:07:31","slug":"descarte-de-materiais-eletronicos-onde-buscar-coleta-especializada","status":"publish","type":"post","link":"https:\/\/www.sanlien.com.br\/blog\/descarte-de-materiais-eletronicos-onde-buscar-coleta-especializada\/","title":{"rendered":"Descarte de materiais eletr\u00f4nicos: onde buscar coleta especializada"},"content":{"rendered":"<span class=\"rt-reading-time\" style=\"display: block;\"><span class=\"rt-label rt-prefix\">Tempo de leitura: <\/span> <span class=\"rt-time\">4<\/span> <span class=\"rt-label rt-postfix\">minutos<\/span><\/span>\n<p class=\"has-medium-font-size\"><strong><em>Saiba onde buscar coleta especializada para o descarte de materiais eletr\u00f4nicos com seguran\u00e7a, conformidade e menor impacto ambiental.&nbsp;<\/em><\/strong><\/p>\n\n\n\n<p>O <strong>descarte de materiais eletr\u00f4nicos<\/strong> deixou de ser uma preocupa\u00e7\u00e3o pontual e virou uma necessidade real para empresas e pessoas que acumulam equipamentos sem uso.&nbsp;<\/p>\n\n\n\n<p>Isso acontece porque o <strong>descarte de lixo eletr\u00f4nico<\/strong> envolve componentes que podem causar impactos ambientais e ainda desperdi\u00e7ar materiais com potencial de reaproveitamento.&nbsp;<\/p>\n\n\n\n<p>Em muitos casos, a d\u00favida n\u00e3o \u00e9 s\u00f3 como descartar, mas <strong>onde descartar eletr\u00f4nicos<\/strong> de forma segura e respons\u00e1vel.<\/p>\n\n\n\n<p>A boa not\u00edcia \u00e9 que existem caminhos mais confi\u00e1veis para isso. E, quando o volume \u00e9 maior ou o material exige cuidado t\u00e9cnico, <strong>buscar coleta especializada faz toda a diferen\u00e7a<\/strong>.<\/p>\n\n\n\n<div id=\"ez-toc-container\" class=\"ez-toc-v2_0_62 counter-hierarchy ez-toc-counter ez-toc-grey ez-toc-container-direction\">\n<div class=\"ez-toc-title-container\">\n<p class=\"ez-toc-title \" >T&oacute;picos do artigo<\/p>\n<span class=\"ez-toc-title-toggle\"><a href=\"#\" class=\"ez-toc-pull-right ez-toc-btn ez-toc-btn-xs ez-toc-btn-default ez-toc-toggle\" aria-label=\"Toggle Table of Content\"><span class=\"ez-toc-js-icon-con\"><span class=\"\"><span class=\"eztoc-hide\" style=\"display:none;\">Toggle<\/span><span class=\"ez-toc-icon-toggle-span\"><svg style=\"fill: #999;color:#999\" xmlns=\"http:\/\/www.w3.org\/2000\/svg\" class=\"list-377408\" width=\"20px\" height=\"20px\" viewBox=\"0 0 24 24\" fill=\"none\"><path d=\"M6 6H4v2h2V6zm14 0H8v2h12V6zM4 11h2v2H4v-2zm16 0H8v2h12v-2zM4 16h2v2H4v-2zm16 0H8v2h12v-2z\" fill=\"currentColor\"><\/path><\/svg><svg style=\"fill: #999;color:#999\" class=\"arrow-unsorted-368013\" xmlns=\"http:\/\/www.w3.org\/2000\/svg\" width=\"10px\" height=\"10px\" viewBox=\"0 0 24 24\" version=\"1.2\" baseProfile=\"tiny\"><path d=\"M18.2 9.3l-6.2-6.3-6.2 6.3c-.2.2-.3.4-.3.7s.1.5.3.7c.2.2.4.3.7.3h11c.3 0 .5-.1.7-.3.2-.2.3-.5.3-.7s-.1-.5-.3-.7zM5.8 14.7l6.2 6.3 6.2-6.3c.2-.2.3-.5.3-.7s-.1-.5-.3-.7c-.2-.2-.4-.3-.7-.3h-11c-.3 0-.5.1-.7.3-.2.2-.3.5-.3.7s.1.5.3.7z\"\/><\/svg><\/span><\/span><\/span><\/a><\/span><\/div>\n<nav><ul class='ez-toc-list ez-toc-list-level-1 ' ><li class='ez-toc-page-1 ez-toc-heading-level-2'><a class=\"ez-toc-link ez-toc-heading-1\" href=\"https:\/\/www.sanlien.com.br\/blog\/descarte-de-materiais-eletronicos-onde-buscar-coleta-especializada\/#Por_que_a_coleta_especializada_e_importante\" title=\"Por que a coleta especializada \u00e9 importante\">Por que a coleta especializada \u00e9 importante<\/a><\/li><li class='ez-toc-page-1 ez-toc-heading-level-2'><a class=\"ez-toc-link ez-toc-heading-2\" href=\"https:\/\/www.sanlien.com.br\/blog\/descarte-de-materiais-eletronicos-onde-buscar-coleta-especializada\/#Onde_descartar_eletronicos_com_mais_seguranca\" title=\"Onde descartar eletr\u00f4nicos com mais seguran\u00e7a\">Onde descartar eletr\u00f4nicos com mais seguran\u00e7a<\/a><\/li><li class='ez-toc-page-1 ez-toc-heading-level-2'><a class=\"ez-toc-link ez-toc-heading-3\" href=\"https:\/\/www.sanlien.com.br\/blog\/descarte-de-materiais-eletronicos-onde-buscar-coleta-especializada\/#Quando_vale_buscar_coleta_especializada\" title=\"Quando vale buscar coleta especializada\">Quando vale buscar coleta especializada<\/a><\/li><li class='ez-toc-page-1 ez-toc-heading-level-2'><a class=\"ez-toc-link ez-toc-heading-4\" href=\"https:\/\/www.sanlien.com.br\/blog\/descarte-de-materiais-eletronicos-onde-buscar-coleta-especializada\/#Como_avaliar_uma_empresa_de_coleta_de_sucata_eletronica\" title=\"Como avaliar uma empresa de coleta de sucata eletr\u00f4nica\">Como avaliar uma empresa de coleta de sucata eletr\u00f4nica<\/a><\/li><li class='ez-toc-page-1 ez-toc-heading-level-2'><a class=\"ez-toc-link ez-toc-heading-5\" href=\"https:\/\/www.sanlien.com.br\/blog\/descarte-de-materiais-eletronicos-onde-buscar-coleta-especializada\/#Descarte_de_lixo_eletronico_e_reciclagem_caminham_juntos\" title=\"Descarte de lixo eletr\u00f4nico e reciclagem caminham juntos\">Descarte de lixo eletr\u00f4nico e reciclagem caminham juntos<\/a><\/li><li class='ez-toc-page-1 ez-toc-heading-level-2'><a class=\"ez-toc-link ez-toc-heading-6\" href=\"https:\/\/www.sanlien.com.br\/blog\/descarte-de-materiais-eletronicos-onde-buscar-coleta-especializada\/#Coleta_de_sucata_eletronica_da_San_Lien\" title=\"Coleta de sucata eletr\u00f4nica da San Lien\">Coleta de sucata eletr\u00f4nica da San Lien<\/a><\/li><\/ul><\/nav><\/div>\n<h2 class=\"wp-block-heading\"><span class=\"ez-toc-section\" id=\"Por_que_a_coleta_especializada_e_importante\"><\/span><strong>Por que a coleta especializada \u00e9 importante<\/strong><span class=\"ez-toc-section-end\"><\/span><\/h2>\n\n\n\n<p>Quando falamos em <strong>descarte de materiais eletr\u00f4nicos<\/strong>, estamos falando de itens que misturam pl\u00e1stico, vidro, metais e componentes que exigem tratamento correto.&nbsp;<\/p>\n\n\n\n<p><strong>Improvisar nessa etapa pode gerar risco ambiental, problema operacional e at\u00e9 exposi\u00e7\u00e3o desnecess\u00e1ria da empresa<\/strong>.<\/p>\n\n\n\n<p>A coleta especializada entra justamente para organizar esse processo. Ela ajuda a separar, transportar e encaminhar os res\u00edduos para a destina\u00e7\u00e3o correta, dentro das exig\u00eancias ambientais e com mais controle ao longo da cadeia.<\/p>\n\n\n\n<p>Na pr\u00e1tica, isso traz um ganho claro. <strong>A empresa ou o gerador do res\u00edduo reduz passivos, melhora sua rotina de descarte e contribui para a reciclagem de material eletr\u00f4nico<\/strong>.<\/p>\n\n\n\n<ul>\n<li><a href=\"https:\/\/www.sanlien.com.br\/blog\/gestao-de-residuos-eletroeletronicos-o-guia-definitivo-que-empresas-sustentaveis-precisam-seguir\/\">Gest\u00e3o de res\u00edduos eletroeletr\u00f4nicos: o guia definitivo que empresas sustent\u00e1veis \u200b\u200bprecisam seguir!<\/a><\/li>\n<\/ul>\n\n\n\n<h2 class=\"wp-block-heading\"><span class=\"ez-toc-section\" id=\"Onde_descartar_eletronicos_com_mais_seguranca\"><\/span><strong>Onde descartar eletr\u00f4nicos com mais seguran\u00e7a<\/strong><span class=\"ez-toc-section-end\"><\/span><\/h2>\n\n\n\n<p>Quem procura <strong>onde descartar eletr\u00f4nicos<\/strong> geralmente encontra op\u00e7\u00f5es variadas, mas nem todas atendem da mesma forma. Para pequenos volumes, alguns pontos de coleta e programas de log\u00edstica reversa podem resolver.&nbsp;<\/p>\n\n\n\n<p>J\u00e1 para empresas, ind\u00fastrias, escrit\u00f3rios, escolas e opera\u00e7\u00f5es com maior volume, a coleta especializada costuma ser o caminho mais seguro.<\/p>\n\n\n\n<p>Entre os principais canais, vale considerar:<\/p>\n\n\n\n<ul>\n<li><strong>Empresas especializadas em coleta de sucata eletr\u00f4nica<\/strong>, que fazem retirada e encaminhamento adequado dos res\u00edduos;<br><br><\/li>\n\n\n\n<li><strong>Programas de log\u00edstica reversa<\/strong>, quando o fabricante ou revendedor recebe determinados equipamentos;<br><br><\/li>\n\n\n\n<li><strong>Ecopontos e pontos municipais de coleta<\/strong>, mais comuns para descarte dom\u00e9stico e pequenos volumes;<br><br><\/li>\n\n\n\n<li><strong>Opera\u00e7\u00f5es personalizadas para empresas<\/strong>, indicadas quando h\u00e1 descarte recorrente, necessidade de rastreabilidade ou res\u00edduos diversos.<\/li>\n<\/ul>\n\n\n\n<h2 class=\"wp-block-heading\"><span class=\"ez-toc-section\" id=\"Quando_vale_buscar_coleta_especializada\"><\/span><strong>Quando vale buscar coleta especializada<\/strong><span class=\"ez-toc-section-end\"><\/span><\/h2>\n\n\n\n<p>Existem situa\u00e7\u00f5es em que a coleta especializada deixa de ser uma conveni\u00eancia e passa a ser praticamente uma exig\u00eancia operacional.&nbsp;<\/p>\n\n\n\n<p>Isso vale, por exemplo, para empresas que renovam parque tecnol\u00f3gico, encerram unidades, fazem trocas frequentes de equipamentos ou acumulam sucata eletr\u00f4nica em estoque.<\/p>\n\n\n\n<p>Tamb\u00e9m faz sentido quando o descarte envolve<strong> variedade de itens<\/strong>. Um lote com CPUs, nobreaks, cabos, placas, roteadores, perif\u00e9ricos e impressoras exige uma triagem mais cuidadosa.&nbsp;<\/p>\n\n\n\n<p>Outro ponto relevante \u00e9 a seguran\u00e7a do processo. <strong>A coleta de sucata eletr\u00f4nica feita por empresa especializada reduz falhas no manuseio, melhora a organiza\u00e7\u00e3o do descarte e favorece a reciclagem de material eletr\u00f4nico<\/strong> com crit\u00e9rios mais consistentes.&nbsp;<\/p>\n\n\n\n<ul>\n<li><a href=\"https:\/\/www.sanlien.com.br\/blog\/coleta-de-sucata-onde-realizar-esse-servico\/\">Coleta de sucata: onde realizar esse servi\u00e7o?<\/a><\/li>\n<\/ul>\n\n\n\n<h2 class=\"wp-block-heading\"><span class=\"ez-toc-section\" id=\"Como_avaliar_uma_empresa_de_coleta_de_sucata_eletronica\"><\/span><strong>Como avaliar uma empresa de coleta de sucata eletr\u00f4nica<\/strong><span class=\"ez-toc-section-end\"><\/span><\/h2>\n\n\n\n<p>Na hora de escolher quem vai apoiar o <strong>descarte de materiais eletr\u00f4nicos<\/strong>, vale observar alguns crit\u00e9rios objetivos. Isso evita decis\u00f5es apressadas e ajuda a encontrar uma solu\u00e7\u00e3o realmente confi\u00e1vel.<\/p>\n\n\n\n<ul>\n<li><strong>Experi\u00eancia no mercado<\/strong>, porque isso costuma refletir conhecimento t\u00e9cnico e capacidade operacional;<br><br><\/li>\n\n\n\n<li><strong>Atua\u00e7\u00e3o em gest\u00e3o de res\u00edduos<\/strong>, n\u00e3o apenas coleta pontual;<br><br><\/li>\n\n\n\n<li><strong>Compromisso com normas de sustentabilidade<\/strong>, o que mostra alinhamento com pr\u00e1ticas respons\u00e1veis;<br><br><\/li>\n\n\n\n<li><strong>Capacidade de atender diferentes volumes e perfis de res\u00edduos<\/strong>, do descarte eventual ao fluxo cont\u00ednuo;<br><br><\/li>\n\n\n\n<li><strong>Qualidade no atendimento e na opera\u00e7\u00e3o<\/strong>, j\u00e1 que o processo precisa ser claro do in\u00edcio ao fim.<\/li>\n<\/ul>\n\n\n\n<p>Esses pontos pesam porque o servi\u00e7o n\u00e3o termina na retirada do material. <strong>O valor est\u00e1 na destina\u00e7\u00e3o adequada, na redu\u00e7\u00e3o do impacto ambiental e no aproveitamento de materiais que ainda podem retornar \u00e0 cadeia produtiva<\/strong>.<\/p>\n\n\n\n<h2 class=\"wp-block-heading\"><span class=\"ez-toc-section\" id=\"Descarte_de_lixo_eletronico_e_reciclagem_caminham_juntos\"><\/span><strong>Descarte de lixo eletr\u00f4nico e reciclagem caminham juntos<\/strong><span class=\"ez-toc-section-end\"><\/span><\/h2>\n\n\n\n<p>Muita gente encara o <strong>descarte de lixo eletr\u00f4nico<\/strong> apenas como uma etapa de elimina\u00e7\u00e3o. Mas a l\u00f3gica correta \u00e9 outra. <strong>Descartar bem \u00e9 abrir caminho para reciclar melhor<\/strong>.<\/p>\n\n\n\n<figure class=\"wp-block-image alignright size-full is-resized\"><img decoding=\"async\" loading=\"lazy\" width=\"636\" height=\"344\" src=\"https:\/\/www.sanlien.com.br\/blog\/wp-content\/uploads\/2026\/04\/descarte.png\" alt=\"Descarte de materiais eletr\u00f4nicos: onde buscar coleta especializada\n\" class=\"wp-image-497\" style=\"aspect-ratio:1.8488372093023255;width:307px;height:auto\"\/><\/figure>\n\n\n\n<p>Na <strong>reciclagem de material eletr\u00f4nico<\/strong>, componentes podem ser separados e materiais valiosos podem ser recuperados. Isso reduz a press\u00e3o sobre recursos naturais e ajuda a conter o avan\u00e7o de res\u00edduos t\u00f3xicos em locais inadequados.&nbsp;<\/p>\n\n\n\n<p>Em outras palavras, <strong>a coleta certa n\u00e3o s\u00f3 resolve um problema imediato, como tamb\u00e9m gera impacto positivo no longo prazo<\/strong>.<\/p>\n\n\n\n<h2 class=\"wp-block-heading\"><span class=\"ez-toc-section\" id=\"Coleta_de_sucata_eletronica_da_San_Lien\"><\/span><strong>Coleta de sucata eletr\u00f4nica da San Lien<\/strong><span class=\"ez-toc-section-end\"><\/span><\/h2>\n\n\n\n<p>A <strong>coleta de sucata de equipamento eletr\u00f4nico<\/strong> \u00e9 uma medida importante para reduzir impactos ambientais e incentivar o reaproveitamento de materiais.&nbsp;<\/p>\n\n\n\n<p>Nesse cen\u00e1rio, a <strong>San Lien<\/strong> oferece solu\u00e7\u00f5es especializadas para a <strong>coleta segura e a destina\u00e7\u00e3o adequada de equipamentos eletr\u00f4nicos obsoletos<\/strong>.<\/p>\n\n\n\n<p>Com <strong>mais de 20 anos de mercado<\/strong>, a empresa atua com solu\u00e7\u00f5es completas em gest\u00e3o de res\u00edduos e se consolidou como uma das mais conceituadas do pa\u00eds..<\/p>\n\n\n\n<p>Para quem busca <strong>coleta de sucata eletr\u00f4nica<\/strong> com suporte especializado, a San Lien se apresenta como uma alternativa s\u00f3lida e preparada para atender o mercado com seriedade.<\/p>\n\n\n\n<p>Se a sua empresa busca uma solu\u00e7\u00e3o confi\u00e1vel para o descarte de materiais eletr\u00f4nicos, <strong><a href=\"https:\/\/www.sanlien.com.br\/contato\">entre em contato com a San Lien<\/a><\/strong> e conhe\u00e7a um servi\u00e7o especializado em coleta de sucata eletr\u00f4nica, com responsabilidade ambiental, experi\u00eancia de mercado e destina\u00e7\u00e3o adequada para seus res\u00edduos.<\/p>\n","protected":false},"excerpt":{"rendered":"<p><span class=\"rt-reading-time\" style=\"display: block;\"><span class=\"rt-label rt-prefix\">Tempo de leitura: <\/span> <span class=\"rt-time\">4<\/span> <span class=\"rt-label rt-postfix\">minutos<\/span><\/span> Saiba onde buscar coleta especializada para o descarte de materiais eletr\u00f4nicos com seguran\u00e7a, conformidade e menor impacto ambiental.&nbsp; O descarte de materiais eletr\u00f4nicos deixou de ser uma preocupa\u00e7\u00e3o pontual e virou uma necessidade real para empresas e pessoas que acumulam equipamentos sem uso.&nbsp; Isso acontece porque o descarte de lixo eletr\u00f4nico envolve componentes que podem &hellip; <\/p>\n","protected":false},"author":1,"featured_media":496,"comment_status":"open","ping_status":"open","sticky":false,"template":"","format":"standard","meta":{"footnotes":""},"categories":[1254,61],"tags":[2782,1788,2837,329,2884,2895,2899,2889,2891,2783,1249,2882,2924,2920,2925,2922,2926,2923,2905,2904,2915,2909,2919,2913,2911,2908,2916,2912,2910,2918,2921,2914,2917,2903,2906,2907,2888,2789,2303,1252,2902,445,2896,1040,1594,2898,2890,2893,2883,2894,2901,2900,2892,2897,2794,1691,2886,2887,2885],"yoast_head":"<!-- This site is optimized with the Yoast SEO plugin v21.5 - https:\/\/yoast.com\/wordpress\/plugins\/seo\/ -->\n<title>Descarte de materiais eletr\u00f4nicos: onde buscar coleta especializada - San Lien<\/title>\n<meta name=\"description\" content=\"Saiba onde buscar coleta especializada para o descarte de materiais eletr\u00f4nicos com seguran\u00e7a, conformidade e menor impacto ambiental.\" \/>\n<meta name=\"robots\" content=\"index, follow, max-snippet:-1, max-image-preview:large, max-video-preview:-1\" \/>\n<link rel=\"canonical\" href=\"https:\/\/www.sanlien.com.br\/blog\/descarte-de-materiais-eletronicos-onde-buscar-coleta-especializada\/\" \/>\n<meta property=\"og:locale\" content=\"pt_BR\" \/>\n<meta property=\"og:type\" content=\"article\" \/>\n<meta property=\"og:title\" content=\"Descarte de materiais eletr\u00f4nicos: onde buscar coleta especializada - San Lien\" \/>\n<meta property=\"og:description\" content=\"Saiba onde buscar coleta especializada para o descarte de materiais eletr\u00f4nicos com seguran\u00e7a, conformidade e menor impacto ambiental.\" \/>\n<meta property=\"og:url\" content=\"https:\/\/www.sanlien.com.br\/blog\/descarte-de-materiais-eletronicos-onde-buscar-coleta-especializada\/\" \/>\n<meta property=\"og:site_name\" content=\"San Lien\" \/>\n<meta property=\"article:published_time\" content=\"2026-04-30T15:05:26+00:00\" \/>\n<meta property=\"article:modified_time\" content=\"2026-04-30T15:07:31+00:00\" \/>\n<meta property=\"og:image\" content=\"https:\/\/www.sanlien.com.br\/blog\/wp-content\/uploads\/2026\/04\/sucatas.png\" \/>\n\t<meta property=\"og:image:width\" content=\"625\" \/>\n\t<meta property=\"og:image:height\" content=\"394\" \/>\n\t<meta property=\"og:image:type\" content=\"image\/png\" \/>\n<meta name=\"author\" content=\"admin\" \/>\n<meta name=\"twitter:card\" content=\"summary_large_image\" \/>\n<meta name=\"twitter:label1\" content=\"Escrito por\" \/>\n\t<meta name=\"twitter:data1\" content=\"admin\" \/>\n\t<meta name=\"twitter:label2\" content=\"Est. tempo de leitura\" \/>\n\t<meta name=\"twitter:data2\" content=\"5 minutos\" \/>\n<script type=\"application\/ld+json\" class=\"yoast-schema-graph\">{\"@context\":\"https:\/\/schema.org\",\"@graph\":[{\"@type\":\"Article\",\"@id\":\"https:\/\/www.sanlien.com.br\/blog\/descarte-de-materiais-eletronicos-onde-buscar-coleta-especializada\/#article\",\"isPartOf\":{\"@id\":\"https:\/\/www.sanlien.com.br\/blog\/descarte-de-materiais-eletronicos-onde-buscar-coleta-especializada\/\"},\"author\":{\"name\":\"admin\",\"@id\":\"https:\/\/www.sanlien.com.br\/blog\/#\/schema\/person\/85eb4a356aebbc1679ec5e4b8dac034a\"},\"headline\":\"Descarte de materiais eletr\u00f4nicos: onde buscar coleta especializada\",\"datePublished\":\"2026-04-30T15:05:26+00:00\",\"dateModified\":\"2026-04-30T15:07:31+00:00\",\"mainEntityOfPage\":{\"@id\":\"https:\/\/www.sanlien.com.br\/blog\/descarte-de-materiais-eletronicos-onde-buscar-coleta-especializada\/\"},\"wordCount\":961,\"commentCount\":0,\"publisher\":{\"@id\":\"https:\/\/www.sanlien.com.br\/blog\/#organization\"},\"keywords\":[\"coleta de equipamentos eletr\u00f4nicos\",\"coleta de lixo eletr\u00f4nico\",\"coleta de res\u00edduos eletr\u00f4nicos\",\"coleta de sucata eletr\u00f4nica\",\"coleta especializada de eletr\u00f4nicos\",\"como \u00e9 feita a reciclagem de material eletr\u00f4nico\",\"como escolher empresa de coleta de sucata eletr\u00f4nica\",\"como fazer descarte de materiais eletr\u00f4nicos\",\"como funciona o descarte de lixo eletr\u00f4nico\",\"descarte correto de eletr\u00f4nicos\",\"Descarte de lixo eletr\u00f4nico\",\"descarte de materiais eletr\u00f4nicos\",\"descarte de materiais eletr\u00f4nicos em Diadema\",\"descarte de materiais eletr\u00f4nicos em Guarulhos\",\"descarte de materiais eletr\u00f4nicos em Osasco\",\"descarte de materiais eletr\u00f4nicos em Santo Andr\u00e9\",\"descarte de materiais eletr\u00f4nicos em S\u00e3o Bernardo\",\"descarte de materiais eletr\u00f4nicos em S\u00e3o Caetano\",\"descarte de materiais eletr\u00f4nicos em s\u00e3o paulo\",\"descarte de materiais eletr\u00f4nicos em sp\",\"descarte de materiais eletr\u00f4nicos na Vila Formosa\",\"descarte de materiais eletr\u00f4nicos na Vila Guilherme\",\"descarte de materiais eletr\u00f4nicos na Vila Maria\",\"descarte de materiais eletr\u00f4nicos na Vila Medeiros\",\"descarte de materiais eletr\u00f4nicos na Vila Santana\",\"descarte de materiais eletr\u00f4nicos na zona leste\",\"descarte de materiais eletr\u00f4nicos na zona norte\",\"descarte de materiais eletr\u00f4nicos na zona oeste\",\"descarte de materiais eletr\u00f4nicos na zona sul\",\"descarte de materiais eletr\u00f4nicos no ABC\",\"descarte de materiais eletr\u00f4nicos no Carr\u00e3o\",\"descarte de materiais eletr\u00f4nicos no centro\",\"descarte de materiais eletr\u00f4nicos no Tatuap\u00e9\",\"descarte de materiais eletr\u00f4nicos onde encontrar\",\"descarte de materiais eletr\u00f4nicos perto de mim\",\"descarte de materiais eletr\u00f4nicos pr\u00f3ximo a mim\",\"descarte sustent\u00e1vel de eletr\u00f4nicos\",\"destina\u00e7\u00e3o adequada de eletr\u00f4nicos\",\"destina\u00e7\u00e3o de res\u00edduos eletr\u00f4nicos\",\"Empresa de descarte de eletr\u00f4nicos\",\"empresa de descarte de materiais eletr\u00f4nicos\",\"empresa de Gest\u00e3o de res\u00edduos\",\"empresa pode descartar eletr\u00f4nicos no lixo comum\",\"gest\u00e3o de res\u00edduos eletr\u00f4nicos\",\"log\u00edstica reversa de eletr\u00f4nicos\",\"o que fazer com equipamentos eletr\u00f4nicos obsoletos\",\"onde buscar coleta especializada de eletr\u00f4nicos\",\"onde descartar computadores antigos\",\"onde descartar eletr\u00f4nicos\",\"onde descartar impressoras e cabos\",\"onde encontrar coleta de lixo eletr\u00f4nico para empresas\",\"qual a import\u00e2ncia do descarte correto de eletr\u00f4nicos\",\"qual a melhor empresa para descarte de eletr\u00f4nicos\",\"quando contratar coleta especializada de eletr\u00f4nicos\",\"quem faz coleta de sucata eletr\u00f4nica\",\"Reciclagem de material eletr\u00f4nico\",\"reciclagem de sucata eletr\u00f4nica\",\"res\u00edduos eletr\u00f4nicos empresariais\",\"sucata eletr\u00f4nica para empresas\"],\"articleSection\":[\"Descarte de lixo eletr\u00f4nico\",\"Sucata de equipamento eletr\u00f4nico\"],\"inLanguage\":\"pt-BR\",\"potentialAction\":[{\"@type\":\"CommentAction\",\"name\":\"Comment\",\"target\":[\"https:\/\/www.sanlien.com.br\/blog\/descarte-de-materiais-eletronicos-onde-buscar-coleta-especializada\/#respond\"]}]},{\"@type\":\"WebPage\",\"@id\":\"https:\/\/www.sanlien.com.br\/blog\/descarte-de-materiais-eletronicos-onde-buscar-coleta-especializada\/\",\"url\":\"https:\/\/www.sanlien.com.br\/blog\/descarte-de-materiais-eletronicos-onde-buscar-coleta-especializada\/\",\"name\":\"Descarte de materiais eletr\u00f4nicos: onde buscar coleta especializada - San Lien\",\"isPartOf\":{\"@id\":\"https:\/\/www.sanlien.com.br\/blog\/#website\"},\"datePublished\":\"2026-04-30T15:05:26+00:00\",\"dateModified\":\"2026-04-30T15:07:31+00:00\",\"description\":\"Saiba onde buscar coleta especializada para o descarte de materiais eletr\u00f4nicos com seguran\u00e7a, conformidade e menor impacto ambiental.\",\"breadcrumb\":{\"@id\":\"https:\/\/www.sanlien.com.br\/blog\/descarte-de-materiais-eletronicos-onde-buscar-coleta-especializada\/#breadcrumb\"},\"inLanguage\":\"pt-BR\",\"potentialAction\":[{\"@type\":\"ReadAction\",\"target\":[\"https:\/\/www.sanlien.com.br\/blog\/descarte-de-materiais-eletronicos-onde-buscar-coleta-especializada\/\"]}]},{\"@type\":\"BreadcrumbList\",\"@id\":\"https:\/\/www.sanlien.com.br\/blog\/descarte-de-materiais-eletronicos-onde-buscar-coleta-especializada\/#breadcrumb\",\"itemListElement\":[{\"@type\":\"ListItem\",\"position\":1,\"name\":\"In\u00edcio\",\"item\":\"https:\/\/www.sanlien.com.br\/blog\/\"},{\"@type\":\"ListItem\",\"position\":2,\"name\":\"Descarte de materiais eletr\u00f4nicos: onde buscar coleta especializada\"}]},{\"@type\":\"WebSite\",\"@id\":\"https:\/\/www.sanlien.com.br\/blog\/#website\",\"url\":\"https:\/\/www.sanlien.com.br\/blog\/\",\"name\":\"San Lien\",\"description\":\"Blog - San Lien\",\"publisher\":{\"@id\":\"https:\/\/www.sanlien.com.br\/blog\/#organization\"},\"potentialAction\":[{\"@type\":\"SearchAction\",\"target\":{\"@type\":\"EntryPoint\",\"urlTemplate\":\"https:\/\/www.sanlien.com.br\/blog\/?s={search_term_string}\"},\"query-input\":\"required name=search_term_string\"}],\"inLanguage\":\"pt-BR\"},{\"@type\":\"Organization\",\"@id\":\"https:\/\/www.sanlien.com.br\/blog\/#organization\",\"name\":\"San Lien\",\"url\":\"https:\/\/www.sanlien.com.br\/blog\/\",\"logo\":{\"@type\":\"ImageObject\",\"inLanguage\":\"pt-BR\",\"@id\":\"https:\/\/www.sanlien.com.br\/blog\/#\/schema\/logo\/image\/\",\"url\":\"https:\/\/www.sanlien.com.br\/blog\/wp-content\/uploads\/2023\/11\/logo.png\",\"contentUrl\":\"https:\/\/www.sanlien.com.br\/blog\/wp-content\/uploads\/2023\/11\/logo.png\",\"width\":500,\"height\":300,\"caption\":\"San Lien\"},\"image\":{\"@id\":\"https:\/\/www.sanlien.com.br\/blog\/#\/schema\/logo\/image\/\"}},{\"@type\":\"Person\",\"@id\":\"https:\/\/www.sanlien.com.br\/blog\/#\/schema\/person\/85eb4a356aebbc1679ec5e4b8dac034a\",\"name\":\"admin\",\"image\":{\"@type\":\"ImageObject\",\"inLanguage\":\"pt-BR\",\"@id\":\"https:\/\/www.sanlien.com.br\/blog\/#\/schema\/person\/image\/\",\"url\":\"https:\/\/secure.gravatar.com\/avatar\/bd8125b24775f217cdea35dcfa839469?s=96&d=mm&r=g\",\"contentUrl\":\"https:\/\/secure.gravatar.com\/avatar\/bd8125b24775f217cdea35dcfa839469?s=96&d=mm&r=g\",\"caption\":\"admin\"},\"sameAs\":[\"https:\/\/sanlien.com.br\/blog\"],\"url\":\"https:\/\/www.sanlien.com.br\/blog\/author\/admin\/\"}]}<\/script>\n<!-- \/ Yoast SEO plugin. -->","yoast_head_json":{"title":"Descarte de materiais eletr\u00f4nicos: onde buscar coleta especializada - San Lien","description":"Saiba onde buscar coleta especializada para o descarte de materiais eletr\u00f4nicos com seguran\u00e7a, conformidade e menor impacto ambiental.","robots":{"index":"index","follow":"follow","max-snippet":"max-snippet:-1","max-image-preview":"max-image-preview:large","max-video-preview":"max-video-preview:-1"},"canonical":"https:\/\/www.sanlien.com.br\/blog\/descarte-de-materiais-eletronicos-onde-buscar-coleta-especializada\/","og_locale":"pt_BR","og_type":"article","og_title":"Descarte de materiais eletr\u00f4nicos: onde buscar coleta especializada - San Lien","og_description":"Saiba onde buscar coleta especializada para o descarte de materiais eletr\u00f4nicos com seguran\u00e7a, conformidade e menor impacto ambiental.","og_url":"https:\/\/www.sanlien.com.br\/blog\/descarte-de-materiais-eletronicos-onde-buscar-coleta-especializada\/","og_site_name":"San Lien","article_published_time":"2026-04-30T15:05:26+00:00","article_modified_time":"2026-04-30T15:07:31+00:00","og_image":[{"width":625,"height":394,"url":"https:\/\/www.sanlien.com.br\/blog\/wp-content\/uploads\/2026\/04\/sucatas.png","type":"image\/png"}],"author":"admin","twitter_card":"summary_large_image","twitter_misc":{"Escrito por":"admin","Est. tempo de leitura":"5 minutos"},"schema":{"@context":"https:\/\/schema.org","@graph":[{"@type":"Article","@id":"https:\/\/www.sanlien.com.br\/blog\/descarte-de-materiais-eletronicos-onde-buscar-coleta-especializada\/#article","isPartOf":{"@id":"https:\/\/www.sanlien.com.br\/blog\/descarte-de-materiais-eletronicos-onde-buscar-coleta-especializada\/"},"author":{"name":"admin","@id":"https:\/\/www.sanlien.com.br\/blog\/#\/schema\/person\/85eb4a356aebbc1679ec5e4b8dac034a"},"headline":"Descarte de materiais eletr\u00f4nicos: onde buscar coleta especializada","datePublished":"2026-04-30T15:05:26+00:00","dateModified":"2026-04-30T15:07:31+00:00","mainEntityOfPage":{"@id":"https:\/\/www.sanlien.com.br\/blog\/descarte-de-materiais-eletronicos-onde-buscar-coleta-especializada\/"},"wordCount":961,"commentCount":0,"publisher":{"@id":"https:\/\/www.sanlien.com.br\/blog\/#organization"},"keywords":["coleta de equipamentos eletr\u00f4nicos","coleta de lixo eletr\u00f4nico","coleta de res\u00edduos eletr\u00f4nicos","coleta de sucata eletr\u00f4nica","coleta especializada de eletr\u00f4nicos","como \u00e9 feita a reciclagem de material eletr\u00f4nico","como escolher empresa de coleta de sucata eletr\u00f4nica","como fazer descarte de materiais eletr\u00f4nicos","como funciona o descarte de lixo eletr\u00f4nico","descarte correto de eletr\u00f4nicos","Descarte de lixo eletr\u00f4nico","descarte de materiais eletr\u00f4nicos","descarte de materiais eletr\u00f4nicos em Diadema","descarte de materiais eletr\u00f4nicos em Guarulhos","descarte de materiais eletr\u00f4nicos em Osasco","descarte de materiais eletr\u00f4nicos em Santo Andr\u00e9","descarte de materiais eletr\u00f4nicos em S\u00e3o Bernardo","descarte de materiais eletr\u00f4nicos em S\u00e3o Caetano","descarte de materiais eletr\u00f4nicos em s\u00e3o paulo","descarte de materiais eletr\u00f4nicos em sp","descarte de materiais eletr\u00f4nicos na Vila Formosa","descarte de materiais eletr\u00f4nicos na Vila Guilherme","descarte de materiais eletr\u00f4nicos na Vila Maria","descarte de materiais eletr\u00f4nicos na Vila Medeiros","descarte de materiais eletr\u00f4nicos na Vila Santana","descarte de materiais eletr\u00f4nicos na zona leste","descarte de materiais eletr\u00f4nicos na zona norte","descarte de materiais eletr\u00f4nicos na zona oeste","descarte de materiais eletr\u00f4nicos na zona sul","descarte de materiais eletr\u00f4nicos no ABC","descarte de materiais eletr\u00f4nicos no Carr\u00e3o","descarte de materiais eletr\u00f4nicos no centro","descarte de materiais eletr\u00f4nicos no Tatuap\u00e9","descarte de materiais eletr\u00f4nicos onde encontrar","descarte de materiais eletr\u00f4nicos perto de mim","descarte de materiais eletr\u00f4nicos pr\u00f3ximo a mim","descarte sustent\u00e1vel de eletr\u00f4nicos","destina\u00e7\u00e3o adequada de eletr\u00f4nicos","destina\u00e7\u00e3o de res\u00edduos eletr\u00f4nicos","Empresa de descarte de eletr\u00f4nicos","empresa de descarte de materiais eletr\u00f4nicos","empresa de Gest\u00e3o de res\u00edduos","empresa pode descartar eletr\u00f4nicos no lixo comum","gest\u00e3o de res\u00edduos eletr\u00f4nicos","log\u00edstica reversa de eletr\u00f4nicos","o que fazer com equipamentos eletr\u00f4nicos obsoletos","onde buscar coleta especializada de eletr\u00f4nicos","onde descartar computadores antigos","onde descartar eletr\u00f4nicos","onde descartar impressoras e cabos","onde encontrar coleta de lixo eletr\u00f4nico para empresas","qual a import\u00e2ncia do descarte correto de eletr\u00f4nicos","qual a melhor empresa para descarte de eletr\u00f4nicos","quando contratar coleta especializada de eletr\u00f4nicos","quem faz coleta de sucata eletr\u00f4nica","Reciclagem de material eletr\u00f4nico","reciclagem de sucata eletr\u00f4nica","res\u00edduos eletr\u00f4nicos empresariais","sucata eletr\u00f4nica para empresas"],"articleSection":["Descarte de lixo eletr\u00f4nico","Sucata de equipamento eletr\u00f4nico"],"inLanguage":"pt-BR","potentialAction":[{"@type":"CommentAction","name":"Comment","target":["https:\/\/www.sanlien.com.br\/blog\/descarte-de-materiais-eletronicos-onde-buscar-coleta-especializada\/#respond"]}]},{"@type":"WebPage","@id":"https:\/\/www.sanlien.com.br\/blog\/descarte-de-materiais-eletronicos-onde-buscar-coleta-especializada\/","url":"https:\/\/www.sanlien.com.br\/blog\/descarte-de-materiais-eletronicos-onde-buscar-coleta-especializada\/","name":"Descarte de materiais eletr\u00f4nicos: onde buscar coleta especializada - San Lien","isPartOf":{"@id":"https:\/\/www.sanlien.com.br\/blog\/#website"},"datePublished":"2026-04-30T15:05:26+00:00","dateModified":"2026-04-30T15:07:31+00:00","description":"Saiba onde buscar coleta especializada para o descarte de materiais eletr\u00f4nicos com seguran\u00e7a, conformidade e menor impacto ambiental.","breadcrumb":{"@id":"https:\/\/www.sanlien.com.br\/blog\/descarte-de-materiais-eletronicos-onde-buscar-coleta-especializada\/#breadcrumb"},"inLanguage":"pt-BR","potentialAction":[{"@type":"ReadAction","target":["https:\/\/www.sanlien.com.br\/blog\/descarte-de-materiais-eletronicos-onde-buscar-coleta-especializada\/"]}]},{"@type":"BreadcrumbList","@id":"https:\/\/www.sanlien.com.br\/blog\/descarte-de-materiais-eletronicos-onde-buscar-coleta-especializada\/#breadcrumb","itemListElement":[{"@type":"ListItem","position":1,"name":"In\u00edcio","item":"https:\/\/www.sanlien.com.br\/blog\/"},{"@type":"ListItem","position":2,"name":"Descarte de materiais eletr\u00f4nicos: onde buscar coleta especializada"}]},{"@type":"WebSite","@id":"https:\/\/www.sanlien.com.br\/blog\/#website","url":"https:\/\/www.sanlien.com.br\/blog\/","name":"San Lien","description":"Blog - San Lien","publisher":{"@id":"https:\/\/www.sanlien.com.br\/blog\/#organization"},"potentialAction":[{"@type":"SearchAction","target":{"@type":"EntryPoint","urlTemplate":"https:\/\/www.sanlien.com.br\/blog\/?s={search_term_string}"},"query-input":"required name=search_term_string"}],"inLanguage":"pt-BR"},{"@type":"Organization","@id":"https:\/\/www.sanlien.com.br\/blog\/#organization","name":"San Lien","url":"https:\/\/www.sanlien.com.br\/blog\/","logo":{"@type":"ImageObject","inLanguage":"pt-BR","@id":"https:\/\/www.sanlien.com.br\/blog\/#\/schema\/logo\/image\/","url":"https:\/\/www.sanlien.com.br\/blog\/wp-content\/uploads\/2023\/11\/logo.png","contentUrl":"https:\/\/www.sanlien.com.br\/blog\/wp-content\/uploads\/2023\/11\/logo.png","width":500,"height":300,"caption":"San Lien"},"image":{"@id":"https:\/\/www.sanlien.com.br\/blog\/#\/schema\/logo\/image\/"}},{"@type":"Person","@id":"https:\/\/www.sanlien.com.br\/blog\/#\/schema\/person\/85eb4a356aebbc1679ec5e4b8dac034a","name":"admin","image":{"@type":"ImageObject","inLanguage":"pt-BR","@id":"https:\/\/www.sanlien.com.br\/blog\/#\/schema\/person\/image\/","url":"https:\/\/secure.gravatar.com\/avatar\/bd8125b24775f217cdea35dcfa839469?s=96&d=mm&r=g","contentUrl":"https:\/\/secure.gravatar.com\/avatar\/bd8125b24775f217cdea35dcfa839469?s=96&d=mm&r=g","caption":"admin"},"sameAs":["https:\/\/sanlien.com.br\/blog"],"url":"https:\/\/www.sanlien.com.br\/blog\/author\/admin\/"}]}},"_links":{"self":[{"href":"https:\/\/www.sanlien.com.br\/blog\/wp-json\/wp\/v2\/posts\/495"}],"collection":[{"href":"https:\/\/www.sanlien.com.br\/blog\/wp-json\/wp\/v2\/posts"}],"about":[{"href":"https:\/\/www.sanlien.com.br\/blog\/wp-json\/wp\/v2\/types\/post"}],"author":[{"embeddable":true,"href":"https:\/\/www.sanlien.com.br\/blog\/wp-json\/wp\/v2\/users\/1"}],"replies":[{"embeddable":true,"href":"https:\/\/www.sanlien.com.br\/blog\/wp-json\/wp\/v2\/comments?post=495"}],"version-history":[{"count":2,"href":"https:\/\/www.sanlien.com.br\/blog\/wp-json\/wp\/v2\/posts\/495\/revisions"}],"predecessor-version":[{"id":499,"href":"https:\/\/www.sanlien.com.br\/blog\/wp-json\/wp\/v2\/posts\/495\/revisions\/499"}],"wp:featuredmedia":[{"embeddable":true,"href":"https:\/\/www.sanlien.com.br\/blog\/wp-json\/wp\/v2\/media\/496"}],"wp:attachment":[{"href":"https:\/\/www.sanlien.com.br\/blog\/wp-json\/wp\/v2\/media?parent=495"}],"wp:term":[{"taxonomy":"category","embeddable":true,"href":"https:\/\/www.sanlien.com.br\/blog\/wp-json\/wp\/v2\/categories?post=495"},{"taxonomy":"post_tag","embeddable":true,"href":"https:\/\/www.sanlien.com.br\/blog\/wp-json\/wp\/v2\/tags?post=495"}],"curies":[{"name":"wp","href":"https:\/\/api.w.org\/{rel}","templated":true}]}}