{"id":448,"date":"2025-10-29T14:31:05","date_gmt":"2025-10-29T14:31:05","guid":{"rendered":"https:\/\/www.sanlien.com.br\/blog\/?p=448"},"modified":"2025-10-29T14:38:19","modified_gmt":"2025-10-29T14:38:19","slug":"descarte-seguro-de-equipamentos-eletronicos-e-a-importancia-de-um-parceiro-certificado-em-manufatura-reversa","status":"publish","type":"post","link":"https:\/\/www.sanlien.com.br\/blog\/descarte-seguro-de-equipamentos-eletronicos-e-a-importancia-de-um-parceiro-certificado-em-manufatura-reversa\/","title":{"rendered":"Descarte seguro de equipamentos eletr\u00f4nicos e a import\u00e2ncia de um parceiro certificado em manufatura reversa"},"content":{"rendered":"<span class=\"rt-reading-time\" style=\"display: block;\"><span class=\"rt-label rt-prefix\">Tempo de leitura: <\/span> <span class=\"rt-time\">4<\/span> <span class=\"rt-label rt-postfix\">minutos<\/span><\/span>\n<p class=\"has-medium-font-size\"><strong><em>Entenda por que o descarte seguro de equipamentos eletr\u00f4nicos e a manufatura reversa certificada s\u00e3o essenciais para a sustentabilidade e seguran\u00e7a corporativa<\/em><\/strong>.<\/p>\n\n\n\n<p>O descarte seguro de equipamentos eletr\u00f4nicos deixou de ser apenas uma boa pr\u00e1tica \u2014 \u00e9 uma necessidade estrat\u00e9gica para empresas que valorizam <strong>sustentabilidade e conformidade legal<\/strong>. Computadores, impressoras, servidores e componentes obsoletos carregam riscos ambientais e de seguran\u00e7a da informa\u00e7\u00e3o que exigem tratamento especializado.<\/p>\n\n\n\n<p>Na <strong>San Lien<\/strong>, atuamos h\u00e1 mais de 20 anos com <strong>gest\u00e3o de res\u00edduos e manufatura reversa certificada<\/strong>, ajudando organiza\u00e7\u00f5es a realizarem o <strong>descarte ambientalmente correto e seguro de eletr\u00f4nicos<\/strong>. Nosso foco \u00e9 unir tecnologia, sustentabilidade e conformidade, garantindo que cada equipamento tenha o destino ideal \u2014 sem riscos \u00e0 marca nem ao meio ambiente.<\/p>\n\n\n\n<p>Quando uma empresa ignora a destina\u00e7\u00e3o correta do lixo eletr\u00f4nico, os danos podem ser irrevers\u00edveis: vazamento de dados, san\u00e7\u00f5es ambientais e preju\u00edzo \u00e0 reputa\u00e7\u00e3o. \u00c9 por isso que a escolha de um parceiro especializado em <strong>manufatura reversa de eletr\u00f4nicos<\/strong> \u00e9 t\u00e3o crucial.<\/p>\n\n\n\n<div id=\"ez-toc-container\" class=\"ez-toc-v2_0_62 counter-hierarchy ez-toc-counter ez-toc-grey ez-toc-container-direction\">\n<div class=\"ez-toc-title-container\">\n<p class=\"ez-toc-title \" >T&oacute;picos do artigo<\/p>\n<span class=\"ez-toc-title-toggle\"><a href=\"#\" class=\"ez-toc-pull-right ez-toc-btn ez-toc-btn-xs ez-toc-btn-default ez-toc-toggle\" aria-label=\"Toggle Table of Content\"><span class=\"ez-toc-js-icon-con\"><span class=\"\"><span class=\"eztoc-hide\" style=\"display:none;\">Toggle<\/span><span class=\"ez-toc-icon-toggle-span\"><svg style=\"fill: #999;color:#999\" xmlns=\"http:\/\/www.w3.org\/2000\/svg\" class=\"list-377408\" width=\"20px\" height=\"20px\" viewBox=\"0 0 24 24\" fill=\"none\"><path d=\"M6 6H4v2h2V6zm14 0H8v2h12V6zM4 11h2v2H4v-2zm16 0H8v2h12v-2zM4 16h2v2H4v-2zm16 0H8v2h12v-2z\" fill=\"currentColor\"><\/path><\/svg><svg style=\"fill: #999;color:#999\" class=\"arrow-unsorted-368013\" xmlns=\"http:\/\/www.w3.org\/2000\/svg\" width=\"10px\" height=\"10px\" viewBox=\"0 0 24 24\" version=\"1.2\" baseProfile=\"tiny\"><path d=\"M18.2 9.3l-6.2-6.3-6.2 6.3c-.2.2-.3.4-.3.7s.1.5.3.7c.2.2.4.3.7.3h11c.3 0 .5-.1.7-.3.2-.2.3-.5.3-.7s-.1-.5-.3-.7zM5.8 14.7l6.2 6.3 6.2-6.3c.2-.2.3-.5.3-.7s-.1-.5-.3-.7c-.2-.2-.4-.3-.7-.3h-11c-.3 0-.5.1-.7.3-.2.2-.3.5-.3.7s.1.5.3.7z\"\/><\/svg><\/span><\/span><\/span><\/a><\/span><\/div>\n<nav><ul class='ez-toc-list ez-toc-list-level-1 ' ><li class='ez-toc-page-1 ez-toc-heading-level-2'><a class=\"ez-toc-link ez-toc-heading-1\" href=\"https:\/\/www.sanlien.com.br\/blog\/descarte-seguro-de-equipamentos-eletronicos-e-a-importancia-de-um-parceiro-certificado-em-manufatura-reversa\/#O_que_e_o_descarte_seguro_de_equipamentos_eletronicos\" title=\"O que \u00e9 o descarte seguro de equipamentos eletr\u00f4nicos\">O que \u00e9 o descarte seguro de equipamentos eletr\u00f4nicos<\/a><\/li><li class='ez-toc-page-1 ez-toc-heading-level-2'><a class=\"ez-toc-link ez-toc-heading-2\" href=\"https:\/\/www.sanlien.com.br\/blog\/descarte-seguro-de-equipamentos-eletronicos-e-a-importancia-de-um-parceiro-certificado-em-manufatura-reversa\/#A_importancia_da_manufatura_reversa_certificada\" title=\"A import\u00e2ncia da manufatura reversa certificada\">A import\u00e2ncia da manufatura reversa certificada<\/a><\/li><li class='ez-toc-page-1 ez-toc-heading-level-2'><a class=\"ez-toc-link ez-toc-heading-3\" href=\"https:\/\/www.sanlien.com.br\/blog\/descarte-seguro-de-equipamentos-eletronicos-e-a-importancia-de-um-parceiro-certificado-em-manufatura-reversa\/#Sustentabilidade_e_conformidade_beneficios_diretos_para_empresas\" title=\"Sustentabilidade e conformidade: benef\u00edcios diretos para empresas\">Sustentabilidade e conformidade: benef\u00edcios diretos para empresas<\/a><\/li><li class='ez-toc-page-1 ez-toc-heading-level-2'><a class=\"ez-toc-link ez-toc-heading-4\" href=\"https:\/\/www.sanlien.com.br\/blog\/descarte-seguro-de-equipamentos-eletronicos-e-a-importancia-de-um-parceiro-certificado-em-manufatura-reversa\/#Como_fazemos_o_descarte_ambientalmente_correto\" title=\"Como fazemos o descarte ambientalmente correto\">Como fazemos o descarte ambientalmente correto<\/a><\/li><li class='ez-toc-page-1 ez-toc-heading-level-2'><a class=\"ez-toc-link ez-toc-heading-5\" href=\"https:\/\/www.sanlien.com.br\/blog\/descarte-seguro-de-equipamentos-eletronicos-e-a-importancia-de-um-parceiro-certificado-em-manufatura-reversa\/#Descarte_seguro_de_equipamentos_eletronicos_e_um_investimento_em_sustentabilidade_e_reputacao\" title=\"Descarte seguro de equipamentos eletr\u00f4nicos \u00e9 um investimento em sustentabilidade e reputa\u00e7\u00e3o\">Descarte seguro de equipamentos eletr\u00f4nicos \u00e9 um investimento em sustentabilidade e reputa\u00e7\u00e3o<\/a><\/li><\/ul><\/nav><\/div>\n<h2 class=\"wp-block-heading\"><span class=\"ez-toc-section\" id=\"O_que_e_o_descarte_seguro_de_equipamentos_eletronicos\"><\/span>O que \u00e9 o descarte seguro de equipamentos eletr\u00f4nicos<span class=\"ez-toc-section-end\"><\/span><\/h2>\n\n\n\n<p>Descarte seguro de equipamentos eletr\u00f4nicos \u00e9 o processo que garante que computadores, monitores, servidores e perif\u00e9ricos sejam <strong>coletados, transportados e processados de forma ambientalmente correta<\/strong>, seguindo as normas da <strong>Pol\u00edtica Nacional de Res\u00edduos S\u00f3lidos (PNRS)<\/strong>.<\/p>\n\n\n\n<p>Esse tipo de descarte envolve <strong>controle de rastreabilidade, certifica\u00e7\u00e3o de destrui\u00e7\u00e3o e destina\u00e7\u00e3o final adequada<\/strong>. Na San Lien, realizamos <strong>coleta, descaracteriza\u00e7\u00e3o e emiss\u00e3o de laudos<\/strong>, assegurando que cada item descartado esteja em conformidade com as legisla\u00e7\u00f5es ambientais e de seguran\u00e7a de dados.<\/p>\n\n\n\n<p>Nosso diferencial est\u00e1 no cuidado com cada etapa: desde a <strong>coleta dos materiais at\u00e9 a destrui\u00e7\u00e3o de informa\u00e7\u00f5es sigilosas<\/strong> e o reaproveitamento de componentes que podem retornar \u00e0 cadeia produtiva. Isso \u00e9 sustentabilidade tecnol\u00f3gica aplicada na pr\u00e1tica.<\/p>\n\n\n\n<ul>\n<li><a href=\"https:\/\/www.sanlien.com.br\/blog\/o-que-e-responsabilidade-pos-consumo-e-por-que-sua-empresa-deve-se-preocupar-com-isso\/\">O que \u00e9 responsabilidade p\u00f3s-consumo e por que sua empresa deve se preocupar com isso<\/a><\/li>\n<\/ul>\n\n\n\n<h2 class=\"wp-block-heading\"><span class=\"ez-toc-section\" id=\"A_importancia_da_manufatura_reversa_certificada\"><\/span>A import\u00e2ncia da manufatura reversa certificada<span class=\"ez-toc-section-end\"><\/span><\/h2>\n\n\n\n<p>A <strong>manufatura reversa certificada<\/strong> vai al\u00e9m da simples reciclagem. Trata-se de um processo que reintroduz materiais e componentes no ciclo produtivo, transformando res\u00edduos em insumos.<\/p>\n\n\n\n<p>Na San Lien, conduzimos esse processo com foco em <strong>inova\u00e7\u00e3o, conformidade e rastreabilidade total<\/strong>. Cada componente \u00e9 analisado para verificar o potencial de reaproveitamento, reduzindo o volume de descarte e otimizando o uso de recursos naturais.<\/p>\n\n\n\n<p>A manufatura reversa \u00e9 um pilar fundamental da <strong>economia circular na tecnologia<\/strong>, onde nada \u00e9 perdido \u2014 tudo \u00e9 transformado. Essa abordagem permite que empresas cumpram metas ESG, reduzam custos com descarte e reforcem sua imagem sustent\u00e1vel diante do mercado e investidores.<\/p>\n\n\n\n<p>Ter um parceiro certificado \u00e9 essencial. S\u00f3 empresas homologadas e auditadas, como a San Lien, podem garantir que todo o processo esteja em conformidade com <strong>normas ambientais e padr\u00f5es de seguran\u00e7a ISO<\/strong>, assegurando transpar\u00eancia e confiabilidade.<\/p>\n\n\n\n<ul>\n<li><a href=\"https:\/\/www.sanlien.com.br\/blog\/o-que-e-manufatura-reversa-e-por-que-ela-esta-transformando-a-industria\/\">O que \u00e9 manufatura reversa e por que ela est\u00e1 transformando a ind\u00fastria<\/a><\/li>\n<\/ul>\n\n\n\n<h2 class=\"wp-block-heading\"><span class=\"ez-toc-section\" id=\"Sustentabilidade_e_conformidade_beneficios_diretos_para_empresas\"><\/span>Sustentabilidade e conformidade: benef\u00edcios diretos para empresas<span class=\"ez-toc-section-end\"><\/span><\/h2>\n\n\n\n<p>Adotar pr\u00e1ticas de <strong>descarte respons\u00e1vel de lixo eletr\u00f4nico<\/strong> traz benef\u00edcios que v\u00e3o muito al\u00e9m do ambiental. As empresas que optam por <strong>solu\u00e7\u00f5es certificadas de manufatura reversa<\/strong> tamb\u00e9m fortalecem sua governan\u00e7a corporativa, reduzindo riscos e agregando valor \u00e0 marca.<\/p>\n\n\n\n<p>Com a San Lien, gestores de <strong>TI, compliance e sustentabilidade<\/strong> t\u00eam a tranquilidade de saber que todos os processos s\u00e3o documentados, audit\u00e1veis e totalmente alinhados \u00e0 legisla\u00e7\u00e3o.<\/p>\n\n\n\n<p>Nosso compromisso \u00e9 garantir <strong>seguran\u00e7a, rastreabilidade e impacto ambiental positivo<\/strong>, transformando o descarte de eletr\u00f4nicos em uma oportunidade de inova\u00e7\u00e3o e responsabilidade social.<\/p>\n\n\n\n<ul>\n<li><a href=\"https:\/\/www.sanlien.com.br\/blog\/empresa-de-reciclagem-em-sp-conheca-as-solucoes-da-san-lien\/\">Empresa de reciclagem em SP: conhe\u00e7a as solu\u00e7\u00f5es da San Lien<\/a><\/li>\n<\/ul>\n\n\n\n<h2 class=\"wp-block-heading\"><span class=\"ez-toc-section\" id=\"Como_fazemos_o_descarte_ambientalmente_correto\"><\/span>Como fazemos o descarte ambientalmente correto<span class=\"ez-toc-section-end\"><\/span><\/h2>\n\n\n\n<p>Na pr\u00e1tica, o processo de <strong>log\u00edstica reversa de eletr\u00f4nicos<\/strong> na San Lien segue etapas rigorosas e personalizadas conforme as necessidades de cada cliente corporativo.<\/p>\n\n\n\n<p>Iniciamos com a <strong>coleta segura dos equipamentos<\/strong>, que s\u00e3o encaminhados para nossa unidade especializada. L\u00e1, realizamos a <strong>descaracteriza\u00e7\u00e3o e destrui\u00e7\u00e3o de dados<\/strong>, protegendo informa\u00e7\u00f5es corporativas sens\u00edveis.<\/p>\n\n\n\n<p>Em seguida, aplicamos <strong>processos de triagem, desmontagem e manufatura reversa<\/strong>, recuperando metais, pl\u00e1sticos e componentes. Os res\u00edduos s\u00e3o encaminhados apenas a <strong>destinos licenciados<\/strong>, garantindo rastreabilidade completa e emiss\u00e3o de <strong>certificados de destina\u00e7\u00e3o e laudos t\u00e9cnicos<\/strong>.<\/p>\n\n\n\n<p>Com esse processo, sua empresa cumpre as exig\u00eancias legais, evita passivos ambientais e contribui ativamente para um futuro mais sustent\u00e1vel.<\/p>\n\n\n\n<h2 class=\"wp-block-heading\"><span class=\"ez-toc-section\" id=\"Descarte_seguro_de_equipamentos_eletronicos_e_um_investimento_em_sustentabilidade_e_reputacao\"><\/span>Descarte seguro de equipamentos eletr\u00f4nicos \u00e9 um investimento em sustentabilidade e reputa\u00e7\u00e3o<span class=\"ez-toc-section-end\"><\/span><\/h2>\n\n\n\n<p>Garantir o <strong>descarte seguro de equipamentos eletr\u00f4nicos<\/strong> \u00e9 proteger n\u00e3o apenas o meio ambiente, mas tamb\u00e9m a imagem e a integridade da sua empresa. A <strong>manufatura reversa certificada<\/strong> da San Lien oferece uma solu\u00e7\u00e3o completa, confi\u00e1vel e ambientalmente correta, unindo inova\u00e7\u00e3o, conformidade e responsabilidade social.<\/p>\n\n\n\n<p>Se sua organiza\u00e7\u00e3o busca uma parceira especializada para conduzir o processo de forma segura e transparente, <strong>entre em contato conosco<\/strong>. Juntos, podemos transformar o descarte de hoje em sustentabilidade para o futuro.<\/p>\n","protected":false},"excerpt":{"rendered":"<p><span class=\"rt-reading-time\" style=\"display: block;\"><span class=\"rt-label rt-prefix\">Tempo de leitura: <\/span> <span class=\"rt-time\">4<\/span> <span class=\"rt-label rt-postfix\">minutos<\/span><\/span> Entenda por que o descarte seguro de equipamentos eletr\u00f4nicos e a manufatura reversa certificada s\u00e3o essenciais para a sustentabilidade e seguran\u00e7a corporativa. O descarte seguro de equipamentos eletr\u00f4nicos deixou de ser apenas uma boa pr\u00e1tica \u2014 \u00e9 uma necessidade estrat\u00e9gica para empresas que valorizam sustentabilidade e conformidade legal. Computadores, impressoras, servidores e componentes obsoletos carregam &hellip; <\/p>\n","protected":false},"author":1,"featured_media":375,"comment_status":"open","ping_status":"open","sticky":false,"template":"","format":"standard","meta":{"footnotes":""},"categories":[1254,127],"tags":[2530,2521,2515,2523,2514,2516,2517,2525,2519,2500,2499,2527,2518,2510,2508,2512,2520,2528,2529,2524,2526,2522,2503,2511,2507,2505,2513,2506,2509,2531,2504,2497,2501,2498,2502,2442,2433,2427,2435,2426,2428,2429,2437,2431,2412,2411,2439,2430,2422,2420,2424,2432,2440,2441,2436,2438,2434,2415,2423,2419,2417,2425,2418,2421,2443,2416,2409,2413,2410,2414,2405,2396,2390,2397,2389,2392,2391,2400,2394,2374,2377,2402,2393,2387,2379,2388,2395,2403,2404,2399,2401,2398,2375,2386,2383,2381,2385,2382,2384,2406,2380,2372,2376,2371,2378,1800,1252,2373,446,130,2495,2407,2370,2469,2444,2493,2485,2479,2487,2478,2480,2481,2489,2483,462,458,2491,2482,2475,2473,2476,2484,2492,506,2488,2490,2486,466,1277,2472,2471,2477,502,2474,2494,498,2470,486,454,490,2467,2459,2454,2461,2453,2455,2456,2463,2458,133,132,2465,2457,2450,2448,2451,2292,2466,135,2462,2464,2460,142,134,2447,2446,2452,422,2449,2468,143,2445,138,131,139,2496,2408,2369,482,137],"yoast_head":"<!-- This site is optimized with the Yoast SEO plugin v21.5 - https:\/\/yoast.com\/wordpress\/plugins\/seo\/ -->\n<title>Descarte seguro de equipamentos eletr\u00f4nicos e a import\u00e2ncia de um parceiro certificado em manufatura reversa<\/title>\n<meta name=\"description\" content=\"Entenda por que o descarte seguro de equipamentos eletr\u00f4nicos e a manufatura reversa certificada s\u00e3o essenciais para a sustentabilidade e seguran\u00e7a corporativa.\" \/>\n<meta name=\"robots\" content=\"index, follow, max-snippet:-1, max-image-preview:large, max-video-preview:-1\" \/>\n<link rel=\"canonical\" href=\"https:\/\/www.sanlien.com.br\/blog\/descarte-seguro-de-equipamentos-eletronicos-e-a-importancia-de-um-parceiro-certificado-em-manufatura-reversa\/\" \/>\n<meta property=\"og:locale\" content=\"pt_BR\" \/>\n<meta property=\"og:type\" content=\"article\" \/>\n<meta property=\"og:title\" content=\"Descarte seguro de equipamentos eletr\u00f4nicos e a import\u00e2ncia de um parceiro certificado em manufatura reversa\" \/>\n<meta property=\"og:description\" content=\"Entenda por que o descarte seguro de equipamentos eletr\u00f4nicos e a manufatura reversa certificada s\u00e3o essenciais para a sustentabilidade e seguran\u00e7a corporativa.\" \/>\n<meta property=\"og:url\" content=\"https:\/\/www.sanlien.com.br\/blog\/descarte-seguro-de-equipamentos-eletronicos-e-a-importancia-de-um-parceiro-certificado-em-manufatura-reversa\/\" \/>\n<meta property=\"og:site_name\" content=\"San Lien\" \/>\n<meta property=\"article:published_time\" content=\"2025-10-29T14:31:05+00:00\" \/>\n<meta property=\"article:modified_time\" content=\"2025-10-29T14:38:19+00:00\" \/>\n<meta property=\"og:image\" content=\"https:\/\/www.sanlien.com.br\/blog\/wp-content\/uploads\/2025\/06\/Captura-de-Tela-2025-06-25-a\u0300s-11.13.18.png\" \/>\n\t<meta property=\"og:image:width\" content=\"632\" \/>\n\t<meta property=\"og:image:height\" content=\"416\" \/>\n\t<meta property=\"og:image:type\" content=\"image\/png\" \/>\n<meta name=\"author\" content=\"admin\" \/>\n<meta name=\"twitter:card\" content=\"summary_large_image\" \/>\n<meta name=\"twitter:label1\" content=\"Escrito por\" \/>\n\t<meta name=\"twitter:data1\" content=\"admin\" \/>\n\t<meta name=\"twitter:label2\" content=\"Est. tempo de leitura\" \/>\n\t<meta name=\"twitter:data2\" content=\"5 minutos\" \/>\n<script type=\"application\/ld+json\" class=\"yoast-schema-graph\">{\"@context\":\"https:\/\/schema.org\",\"@graph\":[{\"@type\":\"Article\",\"@id\":\"https:\/\/www.sanlien.com.br\/blog\/descarte-seguro-de-equipamentos-eletronicos-e-a-importancia-de-um-parceiro-certificado-em-manufatura-reversa\/#article\",\"isPartOf\":{\"@id\":\"https:\/\/www.sanlien.com.br\/blog\/descarte-seguro-de-equipamentos-eletronicos-e-a-importancia-de-um-parceiro-certificado-em-manufatura-reversa\/\"},\"author\":{\"name\":\"admin\",\"@id\":\"https:\/\/www.sanlien.com.br\/blog\/#\/schema\/person\/85eb4a356aebbc1679ec5e4b8dac034a\"},\"headline\":\"Descarte seguro de equipamentos eletr\u00f4nicos e a import\u00e2ncia de um parceiro certificado em manufatura reversa\",\"datePublished\":\"2025-10-29T14:31:05+00:00\",\"dateModified\":\"2025-10-29T14:38:19+00:00\",\"mainEntityOfPage\":{\"@id\":\"https:\/\/www.sanlien.com.br\/blog\/descarte-seguro-de-equipamentos-eletronicos-e-a-importancia-de-um-parceiro-certificado-em-manufatura-reversa\/\"},\"wordCount\":846,\"commentCount\":0,\"publisher\":{\"@id\":\"https:\/\/www.sanlien.com.br\/blog\/#organization\"},\"keywords\":[\"coleta de res\u00edduos em Cangaiba\",\"coleta de res\u00edduos em Diadema\",\"coleta de res\u00edduos em Guarulhos\",\"coleta de res\u00edduos em Osasco\",\"coleta de res\u00edduos em Perdizes\",\"coleta de res\u00edduos em Pinheiros\",\"coleta de res\u00edduos em Santo Andr\u00e9\",\"coleta de res\u00edduos em S\u00e3o Bernardo\",\"coleta de res\u00edduos em S\u00e3o Caetano\",\"coleta de res\u00edduos em s\u00e3o paulo\",\"coleta de res\u00edduos em sp\",\"coleta de res\u00edduos na baixada santista\",\"coleta de res\u00edduos na Lapa\",\"coleta de res\u00edduos na Mooca\",\"coleta de res\u00edduos na Vila Carr\u00e3o\",\"coleta de res\u00edduos na Vila Formosa\",\"coleta de res\u00edduos na Vila Guilherme\",\"coleta de res\u00edduos na Vila Gustavo\",\"coleta de res\u00edduos na Vila Maria\",\"coleta de res\u00edduos na Vila Matilde\",\"coleta de res\u00edduos na Vila Medeiros\",\"coleta de res\u00edduos na Vila Santana\",\"coleta de res\u00edduos na zona leste\",\"coleta de res\u00edduos na zona norte\",\"coleta de res\u00edduos na zona oeste\",\"coleta de res\u00edduos na zona sul\",\"coleta de res\u00edduos no ABC\",\"coleta de res\u00edduos no Br\u00e1s\",\"coleta de res\u00edduos no centro\",\"coleta de res\u00edduos no Imirim\",\"coleta de res\u00edduos no Tatuap\u00e9\",\"coleta de res\u00edduos onde encontrar\",\"coleta de res\u00edduos perto de mim\",\"coleta de res\u00edduos pre\u00e7o\",\"coleta de res\u00edduos pr\u00f3ximo a mim\",\"descarte de eletr\u00f4nicos em Cangaiba\",\"descarte de eletr\u00f4nicos em Diadema\",\"descarte de eletr\u00f4nicos em Guarulhos\",\"descarte de eletr\u00f4nicos em Osasco\",\"descarte de eletr\u00f4nicos em Perdizes\",\"descarte de eletr\u00f4nicos em Pinheiros\",\"descarte de eletr\u00f4nicos em Santo Andr\u00e9\",\"descarte de eletr\u00f4nicos em S\u00e3o Bernardo\",\"descarte de eletr\u00f4nicos em S\u00e3o Caetano\",\"descarte de eletr\u00f4nicos em s\u00e3o paulo\",\"descarte de eletr\u00f4nicos em sp\",\"descarte de eletr\u00f4nicos na baixada santista\",\"descarte de eletr\u00f4nicos na Lapa\",\"descarte de eletr\u00f4nicos na Mooca\",\"descarte de eletr\u00f4nicos na Vila Carr\u00e3o\",\"descarte de eletr\u00f4nicos na Vila Formosa\",\"descarte de eletr\u00f4nicos na Vila Guilherme\",\"descarte de eletr\u00f4nicos na Vila Gustavo\",\"descarte de eletr\u00f4nicos na Vila Maria\",\"descarte de eletr\u00f4nicos na Vila Matilde\",\"descarte de eletr\u00f4nicos na Vila Medeiros\",\"descarte de eletr\u00f4nicos na Vila Santana\",\"descarte de eletr\u00f4nicos na zona leste\",\"descarte de eletr\u00f4nicos na zona norte\",\"descarte de eletr\u00f4nicos na zona oeste\",\"descarte de eletr\u00f4nicos na zona sul\",\"descarte de eletr\u00f4nicos no ABC\",\"descarte de eletr\u00f4nicos no Br\u00e1s\",\"descarte de eletr\u00f4nicos no centro\",\"descarte de eletr\u00f4nicos no Imirim\",\"descarte de eletr\u00f4nicos no Tatuap\u00e9\",\"descarte de eletr\u00f4nicos onde encontrar\",\"descarte de eletr\u00f4nicos perto de mim\",\"descarte de eletr\u00f4nicos pre\u00e7o\",\"descarte de eletr\u00f4nicos pr\u00f3ximo a mim\",\"descarte de equipamentos eletr\u00f4nicos em Cangaiba\",\"descarte de equipamentos eletr\u00f4nicos em Diadema\",\"descarte de equipamentos eletr\u00f4nicos em Guarulhos\",\"descarte de equipamentos eletr\u00f4nicos em Osasco\",\"descarte de equipamentos eletr\u00f4nicos em Perdizes\",\"descarte de equipamentos eletr\u00f4nicos em Pinheiros\",\"descarte de equipamentos eletr\u00f4nicos em Santo Andr\u00e9\",\"descarte de equipamentos eletr\u00f4nicos em S\u00e3o Bernardo\",\"descarte de equipamentos eletr\u00f4nicos em S\u00e3o Caetano\",\"descarte de equipamentos eletr\u00f4nicos em s\u00e3o paulo\",\"descarte de equipamentos eletr\u00f4nicos em sp\",\"descarte de equipamentos eletr\u00f4nicos na baixada santista\",\"descarte de equipamentos eletr\u00f4nicos na Lapa\",\"descarte de equipamentos eletr\u00f4nicos na Mooca\",\"descarte de equipamentos eletr\u00f4nicos na Vila Carr\u00e3o\",\"descarte de equipamentos eletr\u00f4nicos na Vila Formosa\",\"descarte de equipamentos eletr\u00f4nicos na Vila Guilherme\",\"descarte de equipamentos eletr\u00f4nicos na Vila Gustavo\",\"descarte de equipamentos eletr\u00f4nicos na Vila Maria\",\"descarte de equipamentos eletr\u00f4nicos na Vila Matilde\",\"descarte de equipamentos eletr\u00f4nicos na Vila Medeiros\",\"descarte de equipamentos eletr\u00f4nicos na Vila Santana\",\"descarte de equipamentos eletr\u00f4nicos na zona leste\",\"descarte de equipamentos eletr\u00f4nicos na zona norte\",\"descarte de equipamentos eletr\u00f4nicos na zona oeste\",\"descarte de equipamentos eletr\u00f4nicos na zona sul\",\"descarte de equipamentos eletr\u00f4nicos no ABC\",\"descarte de equipamentos eletr\u00f4nicos no Br\u00e1s\",\"descarte de equipamentos eletr\u00f4nicos no centro\",\"descarte de equipamentos eletr\u00f4nicos no Imirim\",\"descarte de equipamentos eletr\u00f4nicos no Tatuap\u00e9\",\"descarte de equipamentos eletr\u00f4nicos onde encontrar\",\"descarte de equipamentos eletr\u00f4nicos perto de mim\",\"descarte de equipamentos eletr\u00f4nicos pre\u00e7o\",\"descarte de equipamentos eletr\u00f4nicos pr\u00f3ximo a mim\",\"empresa de coleta de res\u00edduos\",\"Empresa de descarte de eletr\u00f4nicos\",\"empresa de descarte de equipamentos eletr\u00f4nicos\",\"empresa de Gerenciamento de res\u00edduos eletr\u00f4nicos\",\"empresa de Manufatura reversa\",\"fornecedor de coleta de res\u00edduos\",\"fornecedor de descarte de eletr\u00f4nicos\",\"fornecedor de descarte de equipamentos eletr\u00f4nicos\",\"fornecedor de gerenciamento de res\u00edduos eletr\u00f4nicos\",\"fornecedor de manufatura reversa\",\"gerenciamento de res\u00edduos eletr\u00f4nicos em Cangaiba\",\"gerenciamento de res\u00edduos eletr\u00f4nicos em Diadema\",\"gerenciamento de res\u00edduos eletr\u00f4nicos em Guarulhos\",\"gerenciamento de res\u00edduos eletr\u00f4nicos em Osasco\",\"gerenciamento de res\u00edduos eletr\u00f4nicos em Perdizes\",\"gerenciamento de res\u00edduos eletr\u00f4nicos em Pinheiros\",\"gerenciamento de res\u00edduos eletr\u00f4nicos em Santo Andr\u00e9\",\"gerenciamento de res\u00edduos eletr\u00f4nicos em S\u00e3o Bernardo\",\"gerenciamento de res\u00edduos eletr\u00f4nicos em S\u00e3o Caetano\",\"Gerenciamento de res\u00edduos eletr\u00f4nicos em s\u00e3o paulo\",\"Gerenciamento de res\u00edduos eletr\u00f4nicos em sp\",\"gerenciamento de res\u00edduos eletr\u00f4nicos na baixada santista\",\"gerenciamento de res\u00edduos eletr\u00f4nicos na Lapa\",\"gerenciamento de res\u00edduos eletr\u00f4nicos na Mooca\",\"gerenciamento de res\u00edduos eletr\u00f4nicos na Vila Carr\u00e3o\",\"gerenciamento de res\u00edduos eletr\u00f4nicos na Vila Formosa\",\"gerenciamento de res\u00edduos eletr\u00f4nicos na Vila Guilherme\",\"gerenciamento de res\u00edduos eletr\u00f4nicos na Vila Gustavo\",\"Gerenciamento de res\u00edduos eletr\u00f4nicos na Vila Maria\",\"gerenciamento de res\u00edduos eletr\u00f4nicos na Vila Matilde\",\"gerenciamento de res\u00edduos eletr\u00f4nicos na Vila Medeiros\",\"gerenciamento de res\u00edduos eletr\u00f4nicos na Vila Santana\",\"Gerenciamento de res\u00edduos eletr\u00f4nicos na zona leste\",\"gerenciamento de res\u00edduos eletr\u00f4nicos na zona norte\",\"gerenciamento de res\u00edduos eletr\u00f4nicos na zona oeste\",\"gerenciamento de res\u00edduos eletr\u00f4nicos na zona sul\",\"gerenciamento de res\u00edduos eletr\u00f4nicos no ABC\",\"Gerenciamento de res\u00edduos eletr\u00f4nicos no Br\u00e1s\",\"gerenciamento de res\u00edduos eletr\u00f4nicos no centro\",\"gerenciamento de res\u00edduos eletr\u00f4nicos no Imirim\",\"Gerenciamento de res\u00edduos eletr\u00f4nicos no Tatuap\u00e9\",\"gerenciamento de res\u00edduos eletr\u00f4nicos onde encontrar\",\"Gerenciamento de res\u00edduos eletr\u00f4nicos perto de mim\",\"Gerenciamento de res\u00edduos eletr\u00f4nicos pre\u00e7o\",\"Gerenciamento de res\u00edduos eletr\u00f4nicos pr\u00f3ximo a mim\",\"manufatura reversa em Cangaiba\",\"manufatura reversa em Diadema\",\"manufatura reversa em Guarulhos\",\"manufatura reversa em Osasco\",\"manufatura reversa em Perdizes\",\"manufatura reversa em Pinheiros\",\"manufatura reversa em Santo Andr\u00e9\",\"manufatura reversa em S\u00e3o Bernardo\",\"manufatura reversa em S\u00e3o Caetano\",\"Manufatura reversa em s\u00e3o paulo\",\"Manufatura reversa em sp\",\"manufatura reversa na baixada santista\",\"manufatura reversa na Lapa\",\"manufatura reversa na Mooca\",\"manufatura reversa na Vila Carr\u00e3o\",\"manufatura reversa na Vila Formosa\",\"manufatura reversa na vila guilherme\",\"manufatura reversa na Vila Gustavo\",\"Manufatura reversa na Vila Maria\",\"manufatura reversa na Vila Matilde\",\"manufatura reversa na Vila Medeiros\",\"manufatura reversa na Vila Santana\",\"Manufatura reversa na zona leste\",\"Manufatura reversa na zona norte\",\"manufatura reversa na zona oeste\",\"manufatura reversa na zona sul\",\"manufatura reversa no ABC\",\"manufatura reversa no Br\u00e1s\",\"manufatura reversa no centro\",\"manufatura reversa no Imirim\",\"Manufatura reversa no Tatuap\u00e9\",\"manufatura reversa onde encontrar\",\"Manufatura reversa perto de mim\",\"Manufatura reversa pre\u00e7o\",\"Manufatura reversa pr\u00f3ximo a mim\",\"servi\u00e7o de coleta de res\u00edduos\",\"servi\u00e7o de descarte de eletr\u00f4nicos\",\"servi\u00e7o de descarte de equipamentos eletr\u00f4nicos\",\"servi\u00e7o de Gerenciamento de res\u00edduos eletr\u00f4nicos\",\"servi\u00e7o de Manufatura reversa\"],\"articleSection\":[\"Descarte de lixo eletr\u00f4nico\",\"Manufatura Reversa\"],\"inLanguage\":\"pt-BR\",\"potentialAction\":[{\"@type\":\"CommentAction\",\"name\":\"Comment\",\"target\":[\"https:\/\/www.sanlien.com.br\/blog\/descarte-seguro-de-equipamentos-eletronicos-e-a-importancia-de-um-parceiro-certificado-em-manufatura-reversa\/#respond\"]}]},{\"@type\":\"WebPage\",\"@id\":\"https:\/\/www.sanlien.com.br\/blog\/descarte-seguro-de-equipamentos-eletronicos-e-a-importancia-de-um-parceiro-certificado-em-manufatura-reversa\/\",\"url\":\"https:\/\/www.sanlien.com.br\/blog\/descarte-seguro-de-equipamentos-eletronicos-e-a-importancia-de-um-parceiro-certificado-em-manufatura-reversa\/\",\"name\":\"Descarte seguro de equipamentos eletr\u00f4nicos e a import\u00e2ncia de um parceiro certificado em manufatura reversa\",\"isPartOf\":{\"@id\":\"https:\/\/www.sanlien.com.br\/blog\/#website\"},\"datePublished\":\"2025-10-29T14:31:05+00:00\",\"dateModified\":\"2025-10-29T14:38:19+00:00\",\"description\":\"Entenda por que o descarte seguro de equipamentos eletr\u00f4nicos e a manufatura reversa certificada s\u00e3o essenciais para a sustentabilidade e seguran\u00e7a corporativa.\",\"breadcrumb\":{\"@id\":\"https:\/\/www.sanlien.com.br\/blog\/descarte-seguro-de-equipamentos-eletronicos-e-a-importancia-de-um-parceiro-certificado-em-manufatura-reversa\/#breadcrumb\"},\"inLanguage\":\"pt-BR\",\"potentialAction\":[{\"@type\":\"ReadAction\",\"target\":[\"https:\/\/www.sanlien.com.br\/blog\/descarte-seguro-de-equipamentos-eletronicos-e-a-importancia-de-um-parceiro-certificado-em-manufatura-reversa\/\"]}]},{\"@type\":\"BreadcrumbList\",\"@id\":\"https:\/\/www.sanlien.com.br\/blog\/descarte-seguro-de-equipamentos-eletronicos-e-a-importancia-de-um-parceiro-certificado-em-manufatura-reversa\/#breadcrumb\",\"itemListElement\":[{\"@type\":\"ListItem\",\"position\":1,\"name\":\"In\u00edcio\",\"item\":\"https:\/\/www.sanlien.com.br\/blog\/\"},{\"@type\":\"ListItem\",\"position\":2,\"name\":\"Descarte seguro de equipamentos eletr\u00f4nicos e a import\u00e2ncia de um parceiro certificado em manufatura reversa\"}]},{\"@type\":\"WebSite\",\"@id\":\"https:\/\/www.sanlien.com.br\/blog\/#website\",\"url\":\"https:\/\/www.sanlien.com.br\/blog\/\",\"name\":\"San Lien\",\"description\":\"Blog - San Lien\",\"publisher\":{\"@id\":\"https:\/\/www.sanlien.com.br\/blog\/#organization\"},\"potentialAction\":[{\"@type\":\"SearchAction\",\"target\":{\"@type\":\"EntryPoint\",\"urlTemplate\":\"https:\/\/www.sanlien.com.br\/blog\/?s={search_term_string}\"},\"query-input\":\"required name=search_term_string\"}],\"inLanguage\":\"pt-BR\"},{\"@type\":\"Organization\",\"@id\":\"https:\/\/www.sanlien.com.br\/blog\/#organization\",\"name\":\"San Lien\",\"url\":\"https:\/\/www.sanlien.com.br\/blog\/\",\"logo\":{\"@type\":\"ImageObject\",\"inLanguage\":\"pt-BR\",\"@id\":\"https:\/\/www.sanlien.com.br\/blog\/#\/schema\/logo\/image\/\",\"url\":\"https:\/\/www.sanlien.com.br\/blog\/wp-content\/uploads\/2023\/11\/logo.png\",\"contentUrl\":\"https:\/\/www.sanlien.com.br\/blog\/wp-content\/uploads\/2023\/11\/logo.png\",\"width\":500,\"height\":300,\"caption\":\"San Lien\"},\"image\":{\"@id\":\"https:\/\/www.sanlien.com.br\/blog\/#\/schema\/logo\/image\/\"}},{\"@type\":\"Person\",\"@id\":\"https:\/\/www.sanlien.com.br\/blog\/#\/schema\/person\/85eb4a356aebbc1679ec5e4b8dac034a\",\"name\":\"admin\",\"image\":{\"@type\":\"ImageObject\",\"inLanguage\":\"pt-BR\",\"@id\":\"https:\/\/www.sanlien.com.br\/blog\/#\/schema\/person\/image\/\",\"url\":\"https:\/\/secure.gravatar.com\/avatar\/bd8125b24775f217cdea35dcfa839469?s=96&d=mm&r=g\",\"contentUrl\":\"https:\/\/secure.gravatar.com\/avatar\/bd8125b24775f217cdea35dcfa839469?s=96&d=mm&r=g\",\"caption\":\"admin\"},\"sameAs\":[\"https:\/\/sanlien.com.br\/blog\"],\"url\":\"https:\/\/www.sanlien.com.br\/blog\/author\/admin\/\"}]}<\/script>\n<!-- \/ Yoast SEO plugin. -->","yoast_head_json":{"title":"Descarte seguro de equipamentos eletr\u00f4nicos e a import\u00e2ncia de um parceiro certificado em manufatura reversa","description":"Entenda por que o descarte seguro de equipamentos eletr\u00f4nicos e a manufatura reversa certificada s\u00e3o essenciais para a sustentabilidade e seguran\u00e7a corporativa.","robots":{"index":"index","follow":"follow","max-snippet":"max-snippet:-1","max-image-preview":"max-image-preview:large","max-video-preview":"max-video-preview:-1"},"canonical":"https:\/\/www.sanlien.com.br\/blog\/descarte-seguro-de-equipamentos-eletronicos-e-a-importancia-de-um-parceiro-certificado-em-manufatura-reversa\/","og_locale":"pt_BR","og_type":"article","og_title":"Descarte seguro de equipamentos eletr\u00f4nicos e a import\u00e2ncia de um parceiro certificado em manufatura reversa","og_description":"Entenda por que o descarte seguro de equipamentos eletr\u00f4nicos e a manufatura reversa certificada s\u00e3o essenciais para a sustentabilidade e seguran\u00e7a corporativa.","og_url":"https:\/\/www.sanlien.com.br\/blog\/descarte-seguro-de-equipamentos-eletronicos-e-a-importancia-de-um-parceiro-certificado-em-manufatura-reversa\/","og_site_name":"San Lien","article_published_time":"2025-10-29T14:31:05+00:00","article_modified_time":"2025-10-29T14:38:19+00:00","og_image":[{"width":632,"height":416,"url":"https:\/\/www.sanlien.com.br\/blog\/wp-content\/uploads\/2025\/06\/Captura-de-Tela-2025-06-25-a\u0300s-11.13.18.png","type":"image\/png"}],"author":"admin","twitter_card":"summary_large_image","twitter_misc":{"Escrito por":"admin","Est. tempo de leitura":"5 minutos"},"schema":{"@context":"https:\/\/schema.org","@graph":[{"@type":"Article","@id":"https:\/\/www.sanlien.com.br\/blog\/descarte-seguro-de-equipamentos-eletronicos-e-a-importancia-de-um-parceiro-certificado-em-manufatura-reversa\/#article","isPartOf":{"@id":"https:\/\/www.sanlien.com.br\/blog\/descarte-seguro-de-equipamentos-eletronicos-e-a-importancia-de-um-parceiro-certificado-em-manufatura-reversa\/"},"author":{"name":"admin","@id":"https:\/\/www.sanlien.com.br\/blog\/#\/schema\/person\/85eb4a356aebbc1679ec5e4b8dac034a"},"headline":"Descarte seguro de equipamentos eletr\u00f4nicos e a import\u00e2ncia de um parceiro certificado em manufatura reversa","datePublished":"2025-10-29T14:31:05+00:00","dateModified":"2025-10-29T14:38:19+00:00","mainEntityOfPage":{"@id":"https:\/\/www.sanlien.com.br\/blog\/descarte-seguro-de-equipamentos-eletronicos-e-a-importancia-de-um-parceiro-certificado-em-manufatura-reversa\/"},"wordCount":846,"commentCount":0,"publisher":{"@id":"https:\/\/www.sanlien.com.br\/blog\/#organization"},"keywords":["coleta de res\u00edduos em Cangaiba","coleta de res\u00edduos em Diadema","coleta de res\u00edduos em Guarulhos","coleta de res\u00edduos em Osasco","coleta de res\u00edduos em Perdizes","coleta de res\u00edduos em Pinheiros","coleta de res\u00edduos em Santo Andr\u00e9","coleta de res\u00edduos em S\u00e3o Bernardo","coleta de res\u00edduos em S\u00e3o Caetano","coleta de res\u00edduos em s\u00e3o paulo","coleta de res\u00edduos em sp","coleta de res\u00edduos na baixada santista","coleta de res\u00edduos na Lapa","coleta de res\u00edduos na Mooca","coleta de res\u00edduos na Vila Carr\u00e3o","coleta de res\u00edduos na Vila Formosa","coleta de res\u00edduos na Vila Guilherme","coleta de res\u00edduos na Vila Gustavo","coleta de res\u00edduos na Vila Maria","coleta de res\u00edduos na Vila Matilde","coleta de res\u00edduos na Vila Medeiros","coleta de res\u00edduos na Vila Santana","coleta de res\u00edduos na zona leste","coleta de res\u00edduos na zona norte","coleta de res\u00edduos na zona oeste","coleta de res\u00edduos na zona sul","coleta de res\u00edduos no ABC","coleta de res\u00edduos no Br\u00e1s","coleta de res\u00edduos no centro","coleta de res\u00edduos no Imirim","coleta de res\u00edduos no Tatuap\u00e9","coleta de res\u00edduos onde encontrar","coleta de res\u00edduos perto de mim","coleta de res\u00edduos pre\u00e7o","coleta de res\u00edduos pr\u00f3ximo a mim","descarte de eletr\u00f4nicos em Cangaiba","descarte de eletr\u00f4nicos em Diadema","descarte de eletr\u00f4nicos em Guarulhos","descarte de eletr\u00f4nicos em Osasco","descarte de eletr\u00f4nicos em Perdizes","descarte de eletr\u00f4nicos em Pinheiros","descarte de eletr\u00f4nicos em Santo Andr\u00e9","descarte de eletr\u00f4nicos em S\u00e3o Bernardo","descarte de eletr\u00f4nicos em S\u00e3o Caetano","descarte de eletr\u00f4nicos em s\u00e3o paulo","descarte de eletr\u00f4nicos em sp","descarte de eletr\u00f4nicos na baixada santista","descarte de eletr\u00f4nicos na Lapa","descarte de eletr\u00f4nicos na Mooca","descarte de eletr\u00f4nicos na Vila Carr\u00e3o","descarte de eletr\u00f4nicos na Vila Formosa","descarte de eletr\u00f4nicos na Vila Guilherme","descarte de eletr\u00f4nicos na Vila Gustavo","descarte de eletr\u00f4nicos na Vila Maria","descarte de eletr\u00f4nicos na Vila Matilde","descarte de eletr\u00f4nicos na Vila Medeiros","descarte de eletr\u00f4nicos na Vila Santana","descarte de eletr\u00f4nicos na zona leste","descarte de eletr\u00f4nicos na zona norte","descarte de eletr\u00f4nicos na zona oeste","descarte de eletr\u00f4nicos na zona sul","descarte de eletr\u00f4nicos no ABC","descarte de eletr\u00f4nicos no Br\u00e1s","descarte de eletr\u00f4nicos no centro","descarte de eletr\u00f4nicos no Imirim","descarte de eletr\u00f4nicos no Tatuap\u00e9","descarte de eletr\u00f4nicos onde encontrar","descarte de eletr\u00f4nicos perto de mim","descarte de eletr\u00f4nicos pre\u00e7o","descarte de eletr\u00f4nicos pr\u00f3ximo a mim","descarte de equipamentos eletr\u00f4nicos em Cangaiba","descarte de equipamentos eletr\u00f4nicos em Diadema","descarte de equipamentos eletr\u00f4nicos em Guarulhos","descarte de equipamentos eletr\u00f4nicos em Osasco","descarte de equipamentos eletr\u00f4nicos em Perdizes","descarte de equipamentos eletr\u00f4nicos em Pinheiros","descarte de equipamentos eletr\u00f4nicos em Santo Andr\u00e9","descarte de equipamentos eletr\u00f4nicos em S\u00e3o Bernardo","descarte de equipamentos eletr\u00f4nicos em S\u00e3o Caetano","descarte de equipamentos eletr\u00f4nicos em s\u00e3o paulo","descarte de equipamentos eletr\u00f4nicos em sp","descarte de equipamentos eletr\u00f4nicos na baixada santista","descarte de equipamentos eletr\u00f4nicos na Lapa","descarte de equipamentos eletr\u00f4nicos na Mooca","descarte de equipamentos eletr\u00f4nicos na Vila Carr\u00e3o","descarte de equipamentos eletr\u00f4nicos na Vila Formosa","descarte de equipamentos eletr\u00f4nicos na Vila Guilherme","descarte de equipamentos eletr\u00f4nicos na Vila Gustavo","descarte de equipamentos eletr\u00f4nicos na Vila Maria","descarte de equipamentos eletr\u00f4nicos na Vila Matilde","descarte de equipamentos eletr\u00f4nicos na Vila Medeiros","descarte de equipamentos eletr\u00f4nicos na Vila Santana","descarte de equipamentos eletr\u00f4nicos na zona leste","descarte de equipamentos eletr\u00f4nicos na zona norte","descarte de equipamentos eletr\u00f4nicos na zona oeste","descarte de equipamentos eletr\u00f4nicos na zona sul","descarte de equipamentos eletr\u00f4nicos no ABC","descarte de equipamentos eletr\u00f4nicos no Br\u00e1s","descarte de equipamentos eletr\u00f4nicos no centro","descarte de equipamentos eletr\u00f4nicos no Imirim","descarte de equipamentos eletr\u00f4nicos no Tatuap\u00e9","descarte de equipamentos eletr\u00f4nicos onde encontrar","descarte de equipamentos eletr\u00f4nicos perto de mim","descarte de equipamentos eletr\u00f4nicos pre\u00e7o","descarte de equipamentos eletr\u00f4nicos pr\u00f3ximo a mim","empresa de coleta de res\u00edduos","Empresa de descarte de eletr\u00f4nicos","empresa de descarte de equipamentos eletr\u00f4nicos","empresa de Gerenciamento de res\u00edduos eletr\u00f4nicos","empresa de Manufatura reversa","fornecedor de coleta de res\u00edduos","fornecedor de descarte de eletr\u00f4nicos","fornecedor de descarte de equipamentos eletr\u00f4nicos","fornecedor de gerenciamento de res\u00edduos eletr\u00f4nicos","fornecedor de manufatura reversa","gerenciamento de res\u00edduos eletr\u00f4nicos em Cangaiba","gerenciamento de res\u00edduos eletr\u00f4nicos em Diadema","gerenciamento de res\u00edduos eletr\u00f4nicos em Guarulhos","gerenciamento de res\u00edduos eletr\u00f4nicos em Osasco","gerenciamento de res\u00edduos eletr\u00f4nicos em Perdizes","gerenciamento de res\u00edduos eletr\u00f4nicos em Pinheiros","gerenciamento de res\u00edduos eletr\u00f4nicos em Santo Andr\u00e9","gerenciamento de res\u00edduos eletr\u00f4nicos em S\u00e3o Bernardo","gerenciamento de res\u00edduos eletr\u00f4nicos em S\u00e3o Caetano","Gerenciamento de res\u00edduos eletr\u00f4nicos em s\u00e3o paulo","Gerenciamento de res\u00edduos eletr\u00f4nicos em sp","gerenciamento de res\u00edduos eletr\u00f4nicos na baixada santista","gerenciamento de res\u00edduos eletr\u00f4nicos na Lapa","gerenciamento de res\u00edduos eletr\u00f4nicos na Mooca","gerenciamento de res\u00edduos eletr\u00f4nicos na Vila Carr\u00e3o","gerenciamento de res\u00edduos eletr\u00f4nicos na Vila Formosa","gerenciamento de res\u00edduos eletr\u00f4nicos na Vila Guilherme","gerenciamento de res\u00edduos eletr\u00f4nicos na Vila Gustavo","Gerenciamento de res\u00edduos eletr\u00f4nicos na Vila Maria","gerenciamento de res\u00edduos eletr\u00f4nicos na Vila Matilde","gerenciamento de res\u00edduos eletr\u00f4nicos na Vila Medeiros","gerenciamento de res\u00edduos eletr\u00f4nicos na Vila Santana","Gerenciamento de res\u00edduos eletr\u00f4nicos na zona leste","gerenciamento de res\u00edduos eletr\u00f4nicos na zona norte","gerenciamento de res\u00edduos eletr\u00f4nicos na zona oeste","gerenciamento de res\u00edduos eletr\u00f4nicos na zona sul","gerenciamento de res\u00edduos eletr\u00f4nicos no ABC","Gerenciamento de res\u00edduos eletr\u00f4nicos no Br\u00e1s","gerenciamento de res\u00edduos eletr\u00f4nicos no centro","gerenciamento de res\u00edduos eletr\u00f4nicos no Imirim","Gerenciamento de res\u00edduos eletr\u00f4nicos no Tatuap\u00e9","gerenciamento de res\u00edduos eletr\u00f4nicos onde encontrar","Gerenciamento de res\u00edduos eletr\u00f4nicos perto de mim","Gerenciamento de res\u00edduos eletr\u00f4nicos pre\u00e7o","Gerenciamento de res\u00edduos eletr\u00f4nicos pr\u00f3ximo a mim","manufatura reversa em Cangaiba","manufatura reversa em Diadema","manufatura reversa em Guarulhos","manufatura reversa em Osasco","manufatura reversa em Perdizes","manufatura reversa em Pinheiros","manufatura reversa em Santo Andr\u00e9","manufatura reversa em S\u00e3o Bernardo","manufatura reversa em S\u00e3o Caetano","Manufatura reversa em s\u00e3o paulo","Manufatura reversa em sp","manufatura reversa na baixada santista","manufatura reversa na Lapa","manufatura reversa na Mooca","manufatura reversa na Vila Carr\u00e3o","manufatura reversa na Vila Formosa","manufatura reversa na vila guilherme","manufatura reversa na Vila Gustavo","Manufatura reversa na Vila Maria","manufatura reversa na Vila Matilde","manufatura reversa na Vila Medeiros","manufatura reversa na Vila Santana","Manufatura reversa na zona leste","Manufatura reversa na zona norte","manufatura reversa na zona oeste","manufatura reversa na zona sul","manufatura reversa no ABC","manufatura reversa no Br\u00e1s","manufatura reversa no centro","manufatura reversa no Imirim","Manufatura reversa no Tatuap\u00e9","manufatura reversa onde encontrar","Manufatura reversa perto de mim","Manufatura reversa pre\u00e7o","Manufatura reversa pr\u00f3ximo a mim","servi\u00e7o de coleta de res\u00edduos","servi\u00e7o de descarte de eletr\u00f4nicos","servi\u00e7o de descarte de equipamentos eletr\u00f4nicos","servi\u00e7o de Gerenciamento de res\u00edduos eletr\u00f4nicos","servi\u00e7o de Manufatura reversa"],"articleSection":["Descarte de lixo eletr\u00f4nico","Manufatura Reversa"],"inLanguage":"pt-BR","potentialAction":[{"@type":"CommentAction","name":"Comment","target":["https:\/\/www.sanlien.com.br\/blog\/descarte-seguro-de-equipamentos-eletronicos-e-a-importancia-de-um-parceiro-certificado-em-manufatura-reversa\/#respond"]}]},{"@type":"WebPage","@id":"https:\/\/www.sanlien.com.br\/blog\/descarte-seguro-de-equipamentos-eletronicos-e-a-importancia-de-um-parceiro-certificado-em-manufatura-reversa\/","url":"https:\/\/www.sanlien.com.br\/blog\/descarte-seguro-de-equipamentos-eletronicos-e-a-importancia-de-um-parceiro-certificado-em-manufatura-reversa\/","name":"Descarte seguro de equipamentos eletr\u00f4nicos e a import\u00e2ncia de um parceiro certificado em manufatura reversa","isPartOf":{"@id":"https:\/\/www.sanlien.com.br\/blog\/#website"},"datePublished":"2025-10-29T14:31:05+00:00","dateModified":"2025-10-29T14:38:19+00:00","description":"Entenda por que o descarte seguro de equipamentos eletr\u00f4nicos e a manufatura reversa certificada s\u00e3o essenciais para a sustentabilidade e seguran\u00e7a corporativa.","breadcrumb":{"@id":"https:\/\/www.sanlien.com.br\/blog\/descarte-seguro-de-equipamentos-eletronicos-e-a-importancia-de-um-parceiro-certificado-em-manufatura-reversa\/#breadcrumb"},"inLanguage":"pt-BR","potentialAction":[{"@type":"ReadAction","target":["https:\/\/www.sanlien.com.br\/blog\/descarte-seguro-de-equipamentos-eletronicos-e-a-importancia-de-um-parceiro-certificado-em-manufatura-reversa\/"]}]},{"@type":"BreadcrumbList","@id":"https:\/\/www.sanlien.com.br\/blog\/descarte-seguro-de-equipamentos-eletronicos-e-a-importancia-de-um-parceiro-certificado-em-manufatura-reversa\/#breadcrumb","itemListElement":[{"@type":"ListItem","position":1,"name":"In\u00edcio","item":"https:\/\/www.sanlien.com.br\/blog\/"},{"@type":"ListItem","position":2,"name":"Descarte seguro de equipamentos eletr\u00f4nicos e a import\u00e2ncia de um parceiro certificado em manufatura reversa"}]},{"@type":"WebSite","@id":"https:\/\/www.sanlien.com.br\/blog\/#website","url":"https:\/\/www.sanlien.com.br\/blog\/","name":"San Lien","description":"Blog - San Lien","publisher":{"@id":"https:\/\/www.sanlien.com.br\/blog\/#organization"},"potentialAction":[{"@type":"SearchAction","target":{"@type":"EntryPoint","urlTemplate":"https:\/\/www.sanlien.com.br\/blog\/?s={search_term_string}"},"query-input":"required name=search_term_string"}],"inLanguage":"pt-BR"},{"@type":"Organization","@id":"https:\/\/www.sanlien.com.br\/blog\/#organization","name":"San Lien","url":"https:\/\/www.sanlien.com.br\/blog\/","logo":{"@type":"ImageObject","inLanguage":"pt-BR","@id":"https:\/\/www.sanlien.com.br\/blog\/#\/schema\/logo\/image\/","url":"https:\/\/www.sanlien.com.br\/blog\/wp-content\/uploads\/2023\/11\/logo.png","contentUrl":"https:\/\/www.sanlien.com.br\/blog\/wp-content\/uploads\/2023\/11\/logo.png","width":500,"height":300,"caption":"San Lien"},"image":{"@id":"https:\/\/www.sanlien.com.br\/blog\/#\/schema\/logo\/image\/"}},{"@type":"Person","@id":"https:\/\/www.sanlien.com.br\/blog\/#\/schema\/person\/85eb4a356aebbc1679ec5e4b8dac034a","name":"admin","image":{"@type":"ImageObject","inLanguage":"pt-BR","@id":"https:\/\/www.sanlien.com.br\/blog\/#\/schema\/person\/image\/","url":"https:\/\/secure.gravatar.com\/avatar\/bd8125b24775f217cdea35dcfa839469?s=96&d=mm&r=g","contentUrl":"https:\/\/secure.gravatar.com\/avatar\/bd8125b24775f217cdea35dcfa839469?s=96&d=mm&r=g","caption":"admin"},"sameAs":["https:\/\/sanlien.com.br\/blog"],"url":"https:\/\/www.sanlien.com.br\/blog\/author\/admin\/"}]}},"_links":{"self":[{"href":"https:\/\/www.sanlien.com.br\/blog\/wp-json\/wp\/v2\/posts\/448"}],"collection":[{"href":"https:\/\/www.sanlien.com.br\/blog\/wp-json\/wp\/v2\/posts"}],"about":[{"href":"https:\/\/www.sanlien.com.br\/blog\/wp-json\/wp\/v2\/types\/post"}],"author":[{"embeddable":true,"href":"https:\/\/www.sanlien.com.br\/blog\/wp-json\/wp\/v2\/users\/1"}],"replies":[{"embeddable":true,"href":"https:\/\/www.sanlien.com.br\/blog\/wp-json\/wp\/v2\/comments?post=448"}],"version-history":[{"count":1,"href":"https:\/\/www.sanlien.com.br\/blog\/wp-json\/wp\/v2\/posts\/448\/revisions"}],"predecessor-version":[{"id":449,"href":"https:\/\/www.sanlien.com.br\/blog\/wp-json\/wp\/v2\/posts\/448\/revisions\/449"}],"wp:featuredmedia":[{"embeddable":true,"href":"https:\/\/www.sanlien.com.br\/blog\/wp-json\/wp\/v2\/media\/375"}],"wp:attachment":[{"href":"https:\/\/www.sanlien.com.br\/blog\/wp-json\/wp\/v2\/media?parent=448"}],"wp:term":[{"taxonomy":"category","embeddable":true,"href":"https:\/\/www.sanlien.com.br\/blog\/wp-json\/wp\/v2\/categories?post=448"},{"taxonomy":"post_tag","embeddable":true,"href":"https:\/\/www.sanlien.com.br\/blog\/wp-json\/wp\/v2\/tags?post=448"}],"curies":[{"name":"wp","href":"https:\/\/api.w.org\/{rel}","templated":true}]}}