{"id":442,"date":"2025-10-16T15:19:06","date_gmt":"2025-10-16T15:19:06","guid":{"rendered":"https:\/\/www.sanlien.com.br\/blog\/?p=442"},"modified":"2025-10-16T15:21:13","modified_gmt":"2025-10-16T15:21:13","slug":"o-que-e-responsabilidade-pos-consumo-e-por-que-sua-empresa-deve-se-preocupar-com-isso","status":"publish","type":"post","link":"https:\/\/www.sanlien.com.br\/blog\/o-que-e-responsabilidade-pos-consumo-e-por-que-sua-empresa-deve-se-preocupar-com-isso\/","title":{"rendered":"O que \u00e9 responsabilidade p\u00f3s-consumo e por que sua empresa deve se preocupar com isso"},"content":{"rendered":"<span class=\"rt-reading-time\" style=\"display: block;\"><span class=\"rt-label rt-prefix\">Tempo de leitura: <\/span> <span class=\"rt-time\">5<\/span> <span class=\"rt-label rt-postfix\">minutos<\/span><\/span>\n<p class=\"has-medium-font-size\"><strong><em>Entenda o que \u00e9 responsabilidade p\u00f3s-consumo e como empresas podem transformar a gest\u00e3o de res\u00edduos em vantagem competitiva com solu\u00e7\u00f5es sustent\u00e1veis da San Lien.<\/em><\/strong><\/p>\n\n\n\n<p>Quando falamos em <strong>responsabilidade p\u00f3s-consumo<\/strong>, pensamos em algo que vai al\u00e9m de simplesmente entregar o produto ao cliente e ser \u201cfeliz com a venda\u201d. Trata-se de refletir sobre o destino do bem ap\u00f3s o uso \u2014 especialmente embalagens, eletr\u00f4nicos, componentes e res\u00edduos \u2014 e assumir compromisso com um ciclo mais sustent\u00e1vel.<\/p>\n\n\n\n<p>Esse conceito ganha peso \u00e0 medida que as exig\u00eancias legais, regulat\u00f3rias e de consumidores evoluem. Para uma empresa acabada de agir apenas no presente, ignorar o impacto ambiental de seus produtos pode se transformar em risco reputacional e jur\u00eddico.<\/p>\n\n\n\n<p>Por isso, nas pr\u00f3ximas linhas, vamos explorar o que \u00e9 responsabilidade p\u00f3s-consumo, por que sua empresa deve se preocupar com isso e como solu\u00e7\u00f5es especializadas (como as da San Lien) podem tornar essa obriga\u00e7\u00e3o uma vantagem estrat\u00e9gica.<\/p>\n\n\n\n<div id=\"ez-toc-container\" class=\"ez-toc-v2_0_62 counter-hierarchy ez-toc-counter ez-toc-grey ez-toc-container-direction\">\n<div class=\"ez-toc-title-container\">\n<p class=\"ez-toc-title \" >T&oacute;picos do artigo<\/p>\n<span class=\"ez-toc-title-toggle\"><a href=\"#\" class=\"ez-toc-pull-right ez-toc-btn ez-toc-btn-xs ez-toc-btn-default ez-toc-toggle\" aria-label=\"Toggle Table of Content\"><span class=\"ez-toc-js-icon-con\"><span class=\"\"><span class=\"eztoc-hide\" style=\"display:none;\">Toggle<\/span><span class=\"ez-toc-icon-toggle-span\"><svg style=\"fill: #999;color:#999\" xmlns=\"http:\/\/www.w3.org\/2000\/svg\" class=\"list-377408\" width=\"20px\" height=\"20px\" viewBox=\"0 0 24 24\" fill=\"none\"><path d=\"M6 6H4v2h2V6zm14 0H8v2h12V6zM4 11h2v2H4v-2zm16 0H8v2h12v-2zM4 16h2v2H4v-2zm16 0H8v2h12v-2z\" fill=\"currentColor\"><\/path><\/svg><svg style=\"fill: #999;color:#999\" class=\"arrow-unsorted-368013\" xmlns=\"http:\/\/www.w3.org\/2000\/svg\" width=\"10px\" height=\"10px\" viewBox=\"0 0 24 24\" version=\"1.2\" baseProfile=\"tiny\"><path d=\"M18.2 9.3l-6.2-6.3-6.2 6.3c-.2.2-.3.4-.3.7s.1.5.3.7c.2.2.4.3.7.3h11c.3 0 .5-.1.7-.3.2-.2.3-.5.3-.7s-.1-.5-.3-.7zM5.8 14.7l6.2 6.3 6.2-6.3c.2-.2.3-.5.3-.7s-.1-.5-.3-.7c-.2-.2-.4-.3-.7-.3h-11c-.3 0-.5.1-.7.3-.2.2-.3.5-.3.7s.1.5.3.7z\"\/><\/svg><\/span><\/span><\/span><\/a><\/span><\/div>\n<nav><ul class='ez-toc-list ez-toc-list-level-1 ' ><li class='ez-toc-page-1 ez-toc-heading-level-2'><a class=\"ez-toc-link ez-toc-heading-1\" href=\"https:\/\/www.sanlien.com.br\/blog\/o-que-e-responsabilidade-pos-consumo-e-por-que-sua-empresa-deve-se-preocupar-com-isso\/#O_que_e_responsabilidade_pos%E2%80%93consumo\" title=\"O que \u00e9 responsabilidade p\u00f3s&#8211;consumo\">O que \u00e9 responsabilidade p\u00f3s&#8211;consumo<\/a><\/li><li class='ez-toc-page-1 ez-toc-heading-level-2'><a class=\"ez-toc-link ez-toc-heading-2\" href=\"https:\/\/www.sanlien.com.br\/blog\/o-que-e-responsabilidade-pos-consumo-e-por-que-sua-empresa-deve-se-preocupar-com-isso\/#Por_que_sua_empresa_deve_se_preocupar_com_responsabilidade_pos-consumo\" title=\"Por que sua empresa deve se preocupar com responsabilidade p\u00f3s-consumo\">Por que sua empresa deve se preocupar com responsabilidade p\u00f3s-consumo<\/a><ul class='ez-toc-list-level-3' ><li class='ez-toc-heading-level-3'><a class=\"ez-toc-link ez-toc-heading-3\" href=\"https:\/\/www.sanlien.com.br\/blog\/o-que-e-responsabilidade-pos-consumo-e-por-que-sua-empresa-deve-se-preocupar-com-isso\/#Cumprimento_legal_e_mitigacao_de_riscos\" title=\"Cumprimento legal e mitiga\u00e7\u00e3o de riscos\">Cumprimento legal e mitiga\u00e7\u00e3o de riscos<\/a><\/li><li class='ez-toc-page-1 ez-toc-heading-level-3'><a class=\"ez-toc-link ez-toc-heading-4\" href=\"https:\/\/www.sanlien.com.br\/blog\/o-que-e-responsabilidade-pos-consumo-e-por-que-sua-empresa-deve-se-preocupar-com-isso\/#Valor_de_marca_e_competitividade\" title=\"Valor de marca e competitividade\">Valor de marca e competitividade<\/a><\/li><li class='ez-toc-page-1 ez-toc-heading-level-3'><a class=\"ez-toc-link ez-toc-heading-5\" href=\"https:\/\/www.sanlien.com.br\/blog\/o-que-e-responsabilidade-pos-consumo-e-por-que-sua-empresa-deve-se-preocupar-com-isso\/#Eficiencia_de_recursos_e_economia\" title=\"Efici\u00eancia de recursos e economia\">Efici\u00eancia de recursos e economia<\/a><\/li><li class='ez-toc-page-1 ez-toc-heading-level-3'><a class=\"ez-toc-link ez-toc-heading-6\" href=\"https:\/\/www.sanlien.com.br\/blog\/o-que-e-responsabilidade-pos-consumo-e-por-que-sua-empresa-deve-se-preocupar-com-isso\/#Protecao_de_imagem_corporativa\" title=\"Prote\u00e7\u00e3o de imagem corporativa\">Prote\u00e7\u00e3o de imagem corporativa<\/a><\/li><\/ul><\/li><li class='ez-toc-page-1 ez-toc-heading-level-2'><a class=\"ez-toc-link ez-toc-heading-7\" href=\"https:\/\/www.sanlien.com.br\/blog\/o-que-e-responsabilidade-pos-consumo-e-por-que-sua-empresa-deve-se-preocupar-com-isso\/#Como_operacionalizar_essa_responsabilidade_e_onde_a_San_Lien_pode_ajudar\" title=\"Como operacionalizar essa responsabilidade (e onde a San Lien pode ajudar)\">Como operacionalizar essa responsabilidade (e onde a San Lien pode ajudar)<\/a><\/li><li class='ez-toc-page-1 ez-toc-heading-level-2'><a class=\"ez-toc-link ez-toc-heading-8\" href=\"https:\/\/www.sanlien.com.br\/blog\/o-que-e-responsabilidade-pos-consumo-e-por-que-sua-empresa-deve-se-preocupar-com-isso\/#Etapas_para_integrar_responsabilidade_pos-consumo\" title=\"Etapas para integrar responsabilidade p\u00f3s-consumo\">Etapas para integrar responsabilidade p\u00f3s-consumo<\/a><ul class='ez-toc-list-level-3' ><li class='ez-toc-heading-level-3'><a class=\"ez-toc-link ez-toc-heading-9\" href=\"https:\/\/www.sanlien.com.br\/blog\/o-que-e-responsabilidade-pos-consumo-e-por-que-sua-empresa-deve-se-preocupar-com-isso\/#Mapeamento\" title=\"Mapeamento\">Mapeamento<\/a><\/li><li class='ez-toc-page-1 ez-toc-heading-level-3'><a class=\"ez-toc-link ez-toc-heading-10\" href=\"https:\/\/www.sanlien.com.br\/blog\/o-que-e-responsabilidade-pos-consumo-e-por-que-sua-empresa-deve-se-preocupar-com-isso\/#Design_do_sistema_reverso\" title=\"Design do sistema reverso\">Design do sistema reverso<\/a><\/li><li class='ez-toc-page-1 ez-toc-heading-level-3'><a class=\"ez-toc-link ez-toc-heading-11\" href=\"https:\/\/www.sanlien.com.br\/blog\/o-que-e-responsabilidade-pos-consumo-e-por-que-sua-empresa-deve-se-preocupar-com-isso\/#Parcerias_estrategicas\" title=\"Parcerias estrat\u00e9gicas\">Parcerias estrat\u00e9gicas<\/a><\/li><li class='ez-toc-page-1 ez-toc-heading-level-3'><a class=\"ez-toc-link ez-toc-heading-12\" href=\"https:\/\/www.sanlien.com.br\/blog\/o-que-e-responsabilidade-pos-consumo-e-por-que-sua-empresa-deve-se-preocupar-com-isso\/#Monitoramento_e_rastreabilidade\" title=\"Monitoramento e rastreabilidade\">Monitoramento e rastreabilidade<\/a><\/li><li class='ez-toc-page-1 ez-toc-heading-level-3'><a class=\"ez-toc-link ez-toc-heading-13\" href=\"https:\/\/www.sanlien.com.br\/blog\/o-que-e-responsabilidade-pos-consumo-e-por-que-sua-empresa-deve-se-preocupar-com-isso\/#Melhoria_continua\" title=\"Melhoria cont\u00ednua\">Melhoria cont\u00ednua<\/a><\/li><\/ul><\/li><li class='ez-toc-page-1 ez-toc-heading-level-2'><a class=\"ez-toc-link ez-toc-heading-14\" href=\"https:\/\/www.sanlien.com.br\/blog\/o-que-e-responsabilidade-pos-consumo-e-por-que-sua-empresa-deve-se-preocupar-com-isso\/#Beneficios_ao_atuar_com_um_parceiro_especializado\" title=\"Benef\u00edcios ao atuar com um parceiro especializado\">Benef\u00edcios ao atuar com um parceiro especializado<\/a><\/li><li class='ez-toc-page-1 ez-toc-heading-level-2'><a class=\"ez-toc-link ez-toc-heading-15\" href=\"https:\/\/www.sanlien.com.br\/blog\/o-que-e-responsabilidade-pos-consumo-e-por-que-sua-empresa-deve-se-preocupar-com-isso\/#Segmentos_que_mais_se_beneficiam\" title=\"Segmentos que mais se beneficiam\">Segmentos que mais se beneficiam<\/a><\/li><li class='ez-toc-page-1 ez-toc-heading-level-2'><a class=\"ez-toc-link ez-toc-heading-16\" href=\"https:\/\/www.sanlien.com.br\/blog\/o-que-e-responsabilidade-pos-consumo-e-por-que-sua-empresa-deve-se-preocupar-com-isso\/#Responsabilidade_pos-consumo_como_vantagem\" title=\"Responsabilidade p\u00f3s-consumo como vantagem\">Responsabilidade p\u00f3s-consumo como vantagem<\/a><\/li><\/ul><\/nav><\/div>\n<h2 class=\"wp-block-heading\"><span class=\"ez-toc-section\" id=\"O_que_e_responsabilidade_pos%E2%80%93consumo\"><\/span>O que \u00e9 responsabilidade p\u00f3s<strong>&#8211;<\/strong>consumo<span class=\"ez-toc-section-end\"><\/span><\/h2>\n\n\n\n<p>A <strong>responsabilidade p\u00f3s-consumo<\/strong> \u00e9 um princ\u00edpio que exige que os fabricantes, distribuidores e comerciantes assumam parte da obriga\u00e7\u00e3o pela destina\u00e7\u00e3o dos produtos que colocam no mercado \u2014 mesmo depois de usados ou descartados. Isso implica pensar n\u00e3o s\u00f3 na produ\u00e7\u00e3o, mas no ciclo completo de vida dos bens.<\/p>\n\n\n\n<p>Dentro desse conceito, a <strong>log\u00edstica reversa<\/strong> desempenha papel central: ela consiste no fluxo dos materiais do ponto de consumo de volta ao ponto de tratamento ou reaproveitamento.<a href=\"https:\/\/pt.wikipedia.org\/wiki\/Log%C3%ADstica_reversa?utm_source=chatgpt.com\">&nbsp;<\/a><\/p>\n\n\n\n<p>Em muitos pa\u00edses, inclusive no Brasil, a responsabilidade p\u00f3s-consumo est\u00e1 consolidada em leis ambientais que exigem a <strong>gest\u00e3o de res\u00edduos empresariais<\/strong>, pol\u00edticas de <strong>sustentabilidade corporativa<\/strong> e <strong>destina\u00e7\u00e3o ambiental adequada<\/strong> dos materiais ap\u00f3s o uso.<\/p>\n\n\n\n<p>Essa abordagem se conecta diretamente \u00e0 <strong>economia circular<\/strong>, que busca manter recursos em uso pelo m\u00e1ximo tempo poss\u00edvel, retendo seu valor agregado e minimizando desperd\u00edcio e impacto ambiental.<\/p>\n\n\n\n<ul>\n<li><a href=\"https:\/\/www.sanlien.com.br\/blog\/servico-de-reciclagem-da-san-lien-economia-eficiencia-e-compromisso-ambiental\/\">Servi\u00e7o de reciclagem da San Lien: economia, efici\u00eancia e compromisso ambiental<\/a><\/li>\n<\/ul>\n\n\n\n<h2 class=\"wp-block-heading\"><span class=\"ez-toc-section\" id=\"Por_que_sua_empresa_deve_se_preocupar_com_responsabilidade_pos-consumo\"><\/span>Por que sua empresa deve se preocupar com responsabilidade p\u00f3s-consumo<span class=\"ez-toc-section-end\"><\/span><\/h2>\n\n\n\n<h3 class=\"wp-block-heading\"><span class=\"ez-toc-section\" id=\"Cumprimento_legal_e_mitigacao_de_riscos\"><\/span><strong>Cumprimento legal e mitiga\u00e7\u00e3o de riscos<\/strong><span class=\"ez-toc-section-end\"><\/span><\/h3>\n\n\n\n<p>Ignorar obriga\u00e7\u00f5es p\u00f3s-consumo pode custar caro. No Brasil, a Lei n\u00ba 12.305\/2010 (Pol\u00edtica Nacional de Res\u00edduos S\u00f3lidos) imp\u00f5e que fabricantes, distribuidores e importadores implementem sistemas de log\u00edstica reversa e assumam responsabilidades sobre embalagens e produtos p\u00f3s-consumo.<\/p>\n\n\n\n<p>Decretos recentes (como o Decreto n\u00ba 11.413\/2023) criaram mecanismos de cr\u00e9ditos de reciclagem, trazendo exig\u00eancias adicionais de controle e rastreabilidade para o cumprimento dessas obriga\u00e7\u00f5es.<a href=\"https:\/\/pt.wikipedia.org\/wiki\/Cr%C3%A9ditos_de_log%C3%ADstica_reversa?utm_source=chatgpt.com\">&nbsp;<\/a><\/p>\n\n\n\n<p>Desrespeitar normas ambientais ou n\u00e3o comprovar destina\u00e7\u00e3o adequada pode gerar multas, san\u00e7\u00f5es, fiscaliza\u00e7\u00f5es e danos \u00e0 reputa\u00e7\u00e3o.<\/p>\n\n\n\n<h3 class=\"wp-block-heading\"><span class=\"ez-toc-section\" id=\"Valor_de_marca_e_competitividade\"><\/span><strong>Valor de marca e competitividade<\/strong><span class=\"ez-toc-section-end\"><\/span><\/h3>\n\n\n\n<p>Clientes, investidores e parceiros cada vez mais valorizam <strong>empresas sustent\u00e1veis no Brasil<\/strong>. Demonstrar compromisso real com <strong>descarte consciente de embalagens<\/strong>, <strong>impacto ambiental das empresas<\/strong> e <strong>pol\u00edticas ambientais corporativas<\/strong> n\u00e3o \u00e9 mais diferencial \u2014 \u00e9 expectativa do mercado.<\/p>\n\n\n\n<p>Empresas que internalizam a responsabilidade p\u00f3s-consumo transmitem maior confiabilidade e constroem vantagem competitiva. Isso pode influenciar decis\u00f5es de compra, parcerias e prefer\u00eancias em licita\u00e7\u00f5es e contratos.<\/p>\n\n\n\n<h3 class=\"wp-block-heading\"><span class=\"ez-toc-section\" id=\"Eficiencia_de_recursos_e_economia\"><\/span><strong>Efici\u00eancia de recursos e economia<\/strong><span class=\"ez-toc-section-end\"><\/span><\/h3>\n\n\n\n<p>Quando se estabelece um sistema de log\u00edstica reversa eficaz, h\u00e1 oportunidade de reaproveitar componentes, reduzir custos de mat\u00e9ria-prima e reduzir desperd\u00edcios. Isso est\u00e1 diretamente ligado \u00e0s pr\u00e1ticas de <strong>economia circular no setor hoteleiro<\/strong>, ind\u00fastria, tecnologia, ou qualquer segmento que lide com produtos e embalagens.<\/p>\n\n\n\n<p>Um sistema bem gerido reduz os custos de descarte inadequado ou multas associadas a pr\u00e1ticas incorretas.<\/p>\n\n\n\n<h3 class=\"wp-block-heading\"><span class=\"ez-toc-section\" id=\"Protecao_de_imagem_corporativa\"><\/span><strong>Prote\u00e7\u00e3o de imagem corporativa<\/strong><span class=\"ez-toc-section-end\"><\/span><\/h3>\n\n\n\n<p>A responsabilidade p\u00f3s-consumo conecta-se ao cuidado social e ambiental que stakeholders esperam de empresas modernas. Um evento negativo \u2014 como res\u00edduos descartados de forma indevida ou polui\u00e7\u00e3o associada \u2014 pode gerar crise de imagem dif\u00edcil de reverter.<\/p>\n\n\n\n<ul>\n<li><a href=\"https:\/\/www.sanlien.com.br\/blog\/por-que-a-coleta-de-sucata-e-fundamental-para-a-sustentabilidade-urbana\/\">Por que a coleta de sucata \u00e9 fundamental para a sustentabilidade urbana?<\/a><\/li>\n<\/ul>\n\n\n\n<h2 class=\"wp-block-heading\"><span class=\"ez-toc-section\" id=\"Como_operacionalizar_essa_responsabilidade_e_onde_a_San_Lien_pode_ajudar\"><\/span>Como operacionalizar essa responsabilidade (e onde a San Lien pode ajudar)<span class=\"ez-toc-section-end\"><\/span><\/h2>\n\n\n\n<p>A San Lien \u00e9 especializada em <strong>gest\u00e3o de res\u00edduos<\/strong>, com mais de 20 anos de atua\u00e7\u00e3o no Brasil \u2014 oferecendo solu\u00e7\u00f5es que contemplam coleta, reciclagem, descaracteriza\u00e7\u00e3o, manufatura reversa e emiss\u00e3o de laudos ambientais.<\/p>\n\n\n\n<p>Entre os servi\u00e7os:<\/p>\n\n\n\n<ul>\n<li><strong>Log\u00edstica reversa de res\u00edduos eletr\u00f4nicos<\/strong>: coleta, triagem, desmontagem e destina\u00e7\u00e3o final respons\u00e1vel<a href=\"https:\/\/www.sanlien.com.br\/informacoes\/logistica-reversa-de-residuos-eletronicos?utm_source=chatgpt.com\">&nbsp;<\/a><\/li>\n\n\n\n<li><strong>Manufatura reversa<\/strong>: recupera\u00e7\u00e3o de materiais e mat\u00e9rias-primas a partir de produtos descartados<a href=\"https:\/\/www.sanlien.com.br\/servicos\/manufatura-reversa\/?utm_source=chatgpt.com\">&nbsp;<\/a><\/li>\n\n\n\n<li><strong>Coleta e descaracteriza\u00e7\u00e3o<\/strong>: destrui\u00e7\u00e3o de dados sens\u00edveis antes da destina\u00e7\u00e3o de equipamentos, protegendo a marca e a confidencialidade<a href=\"https:\/\/www.sanlien.com.br\/servicos\/coleta-descaracterizacao\/?utm_source=chatgpt.com\">&nbsp;<\/a><\/li>\n\n\n\n<li>Emiss\u00e3o de <strong>certificados ambientais<\/strong> e laudos de destina\u00e7\u00e3o, garantindo rastreabilidade e comprova\u00e7\u00e3o documental<\/li>\n<\/ul>\n\n\n\n<h2 class=\"wp-block-heading\"><span class=\"ez-toc-section\" id=\"Etapas_para_integrar_responsabilidade_pos-consumo\"><\/span>Etapas para integrar responsabilidade p\u00f3s-consumo<span class=\"ez-toc-section-end\"><\/span><\/h2>\n\n\n\n<h3 class=\"wp-block-heading\"><span class=\"ez-toc-section\" id=\"Mapeamento\"><\/span><strong>Mapeamento<\/strong><span class=\"ez-toc-section-end\"><\/span><\/h3>\n\n\n\n<p>Identifique produtos, embalagens e segmentos sujeitos \u00e0 normativa (ex: eletr\u00f4nicos, pl\u00e1stico, metais, embalagens).<\/p>\n\n\n\n<h3 class=\"wp-block-heading\"><span class=\"ez-toc-section\" id=\"Design_do_sistema_reverso\"><\/span><strong>Design do sistema reverso<\/strong><span class=\"ez-toc-section-end\"><\/span><\/h3>\n\n\n\n<p>Planeje rotas, pontos de coleta ou log\u00edstica integrada, considerando custos, volume e dispers\u00e3o geogr\u00e1fica.<\/p>\n\n\n\n<h3 class=\"wp-block-heading\"><span class=\"ez-toc-section\" id=\"Parcerias_estrategicas\"><\/span><strong>Parcerias estrat\u00e9gicas<\/strong><span class=\"ez-toc-section-end\"><\/span><\/h3>\n\n\n\n<p>Feche parceria com empresas especializadas como a San Lien para operacionalizar coleta, reciclagem, tratamento e certifica\u00e7\u00e3o ambiental.<\/p>\n\n\n\n<h3 class=\"wp-block-heading\"><span class=\"ez-toc-section\" id=\"Monitoramento_e_rastreabilidade\"><\/span><strong>Monitoramento e rastreabilidade<\/strong><span class=\"ez-toc-section-end\"><\/span><\/h3>\n\n\n\n<p>Tenha controle documental (relat\u00f3rios, certificados, laudos) para demonstrar cumprimento ambiental e auditorias.<\/p>\n\n\n\n<h3 class=\"wp-block-heading\"><span class=\"ez-toc-section\" id=\"Melhoria_continua\"><\/span><strong>Melhoria cont\u00ednua<\/strong><span class=\"ez-toc-section-end\"><\/span><\/h3>\n\n\n\n<p>Avalie desempenho, custos, volumes reciclados e impactos, ajustando o sistema para maior efici\u00eancia e menor desperd\u00edcio.<\/p>\n\n\n\n<ul>\n<li><a href=\"https:\/\/www.sanlien.com.br\/blog\/descaracterizacao-de-materiais-qual-a-importancia-e-como-funciona\/\">Descaracteriza\u00e7\u00e3o de materiais: qual a import\u00e2ncia e como funciona?<\/a><\/li>\n<\/ul>\n\n\n\n<h2 class=\"wp-block-heading\"><span class=\"ez-toc-section\" id=\"Beneficios_ao_atuar_com_um_parceiro_especializado\"><\/span>Benef\u00edcios ao atuar com um parceiro especializado<span class=\"ez-toc-section-end\"><\/span><\/h2>\n\n\n\n<p>Ter um parceiro como a <strong>San Lien<\/strong> simplifica toda a <strong>gest\u00e3o de res\u00edduos empresariais<\/strong>. Voc\u00ea cumpre a <strong>responsabilidade p\u00f3s-consumo<\/strong> sem se perder em processos t\u00e9cnicos.<\/p>\n\n\n\n<p>A empresa cuida da <strong>log\u00edstica reversa nas empresas<\/strong>, da <strong>manufatura reversa<\/strong> e da <strong>destina\u00e7\u00e3o ambiental<\/strong>, garantindo certificados e conformidade legal.<\/p>\n\n\n\n<p>Al\u00e9m disso, sua marca ganha for\u00e7a. Trabalhar com quem entende de <strong>sustentabilidade corporativa<\/strong> e <strong>responsabilidade ambiental<\/strong> mostra compromisso real com o planeta \u2014 e isso o mercado percebe.<\/p>\n\n\n\n<h2 class=\"wp-block-heading\"><span class=\"ez-toc-section\" id=\"Segmentos_que_mais_se_beneficiam\"><\/span>Segmentos que mais se beneficiam<span class=\"ez-toc-section-end\"><\/span><\/h2>\n\n\n\n<p>A <strong>responsabilidade p\u00f3s-consumo<\/strong> traz resultados diretos para quem lida com res\u00edduos no dia a dia.<\/p>\n\n\n\n<p>Empresas de <strong>tecnologia<\/strong> e <strong>eletr\u00f4nicos<\/strong> precisam de <strong>gest\u00e3o de res\u00edduos eletr\u00f4nicos<\/strong> segura. A <strong>ind\u00fastria<\/strong> e o <strong>com\u00e9rcio<\/strong> reduzem custos e cumprem normas com <strong>log\u00edstica reversa<\/strong> eficiente.<\/p>\n\n\n\n<p>J\u00e1 o <strong>setor hoteleiro<\/strong>, ao adotar <strong>economia circular<\/strong>, mostra na pr\u00e1tica o valor da <strong>sustentabilidade e responsabilidade ambiental<\/strong> \u2014 algo que h\u00f3spedes e parceiros valorizam cada vez mais.<\/p>\n\n\n\n<p>Com a <strong>San Lien<\/strong>, tudo isso acontece de forma simples, certificada e realmente sustent\u00e1vel.<\/p>\n\n\n\n<h2 class=\"wp-block-heading\"><span class=\"ez-toc-section\" id=\"Responsabilidade_pos-consumo_como_vantagem\"><\/span>Responsabilidade p\u00f3s-consumo como vantagem<span class=\"ez-toc-section-end\"><\/span><\/h2>\n\n\n\n<p>A <strong>responsabilidade p\u00f3s-consumo<\/strong> representa um turno de paradigma: de empresas que apenas \u201centregam produtos\u201d para aquelas que cuidam do ciclo completo de vida dos bens. Isso engloba <strong>gest\u00e3o de res\u00edduos empresariais<\/strong>, <strong>log\u00edstica reversa<\/strong>, <strong>pol\u00edticas ambientais corporativas<\/strong> e um olhar estrat\u00e9gico sobre <strong>sustentabilidade e responsabilidade ambiental<\/strong>.<\/p>\n\n\n\n<p>Para sua empresa, preocupar-se com essa responsabilidade significa reduzir riscos legais, fortalecer sua marca, acessar ganhos operacionais e responder \u00e0s exig\u00eancias modernas de mercado.<\/p>\n\n\n\n<p>Com a <strong>San Lien<\/strong>, voc\u00ea encontra um parceiro com experi\u00eancia, estrutura e certifica\u00e7\u00f5es para tornar esse compromisso vi\u00e1vel \u2014 sem que isso vire um peso operacional para seu neg\u00f3cio.<\/p>\n\n\n\n<p>Se voc\u00ea quer mapear como implementar esse sistema para sua empresa, elevar seus padr\u00f5es ambientais e garantir conformidade com tranquilidade, fale com nosso time e descubra como podemos apoiar essa jornada sustent\u00e1vel.<\/p>\n","protected":false},"excerpt":{"rendered":"<p><span class=\"rt-reading-time\" style=\"display: block;\"><span class=\"rt-label rt-prefix\">Tempo de leitura: <\/span> <span class=\"rt-time\">5<\/span> <span class=\"rt-label rt-postfix\">minutos<\/span><\/span> Entenda o que \u00e9 responsabilidade p\u00f3s-consumo e como empresas podem transformar a gest\u00e3o de res\u00edduos em vantagem competitiva com solu\u00e7\u00f5es sustent\u00e1veis da San Lien. Quando falamos em responsabilidade p\u00f3s-consumo, pensamos em algo que vai al\u00e9m de simplesmente entregar o produto ao cliente e ser \u201cfeliz com a venda\u201d. Trata-se de refletir sobre o destino do &hellip; <\/p>\n","protected":false},"author":1,"featured_media":347,"comment_status":"open","ping_status":"open","sticky":false,"template":"","format":"standard","meta":{"footnotes":""},"categories":[273],"tags":[444,288,2321,2345,2344,2337,2331,2339,2341,2332,2340,2335,460,456,2343,2333,2324,2326,2328,2338,2330,2334,464,821,2325,2322,2329,2323,2342,500,2336,2327,2320,484,452,488,2368,2362,2356,2364,324,2358,2365,2360,297,294,2367,2357,2350,2352,2355,2363,2353,2361,300,909,2349,2348,2354,2347,2366,318,2359,2351,2346,312,291,315,480,309],"yoast_head":"<!-- This site is optimized with the Yoast SEO plugin v21.5 - https:\/\/yoast.com\/wordpress\/plugins\/seo\/ -->\n<title>O que \u00e9 responsabilidade p\u00f3s-consumo e por que sua empresa deve se preocupar com isso<\/title>\n<meta name=\"description\" content=\"Entenda o que \u00e9 responsabilidade p\u00f3s-consumo e como empresas podem transformar a gest\u00e3o de res\u00edduos em vantagem competitiva com solu\u00e7\u00f5es sustent\u00e1veis da San Lien.\" \/>\n<meta name=\"robots\" content=\"index, follow, max-snippet:-1, max-image-preview:large, max-video-preview:-1\" \/>\n<link rel=\"canonical\" href=\"https:\/\/www.sanlien.com.br\/blog\/o-que-e-responsabilidade-pos-consumo-e-por-que-sua-empresa-deve-se-preocupar-com-isso\/\" \/>\n<meta property=\"og:locale\" content=\"pt_BR\" \/>\n<meta property=\"og:type\" content=\"article\" \/>\n<meta property=\"og:title\" content=\"O que \u00e9 responsabilidade p\u00f3s-consumo e por que sua empresa deve se preocupar com isso\" \/>\n<meta property=\"og:description\" content=\"Entenda o que \u00e9 responsabilidade p\u00f3s-consumo e como empresas podem transformar a gest\u00e3o de res\u00edduos em vantagem competitiva com solu\u00e7\u00f5es sustent\u00e1veis da San Lien.\" \/>\n<meta property=\"og:url\" content=\"https:\/\/www.sanlien.com.br\/blog\/o-que-e-responsabilidade-pos-consumo-e-por-que-sua-empresa-deve-se-preocupar-com-isso\/\" \/>\n<meta property=\"og:site_name\" content=\"San Lien\" \/>\n<meta property=\"article:published_time\" content=\"2025-10-16T15:19:06+00:00\" \/>\n<meta property=\"article:modified_time\" content=\"2025-10-16T15:21:13+00:00\" \/>\n<meta property=\"og:image\" content=\"https:\/\/www.sanlien.com.br\/blog\/wp-content\/uploads\/2025\/05\/laudo-tecnico-ambiental.jpg\" \/>\n\t<meta property=\"og:image:width\" content=\"1000\" \/>\n\t<meta property=\"og:image:height\" content=\"560\" \/>\n\t<meta property=\"og:image:type\" content=\"image\/jpeg\" \/>\n<meta name=\"author\" content=\"admin\" \/>\n<meta name=\"twitter:card\" content=\"summary_large_image\" \/>\n<meta name=\"twitter:label1\" content=\"Escrito por\" \/>\n\t<meta name=\"twitter:data1\" content=\"admin\" \/>\n\t<meta name=\"twitter:label2\" content=\"Est. tempo de leitura\" \/>\n\t<meta name=\"twitter:data2\" content=\"6 minutos\" \/>\n<script type=\"application\/ld+json\" class=\"yoast-schema-graph\">{\"@context\":\"https:\/\/schema.org\",\"@graph\":[{\"@type\":\"Article\",\"@id\":\"https:\/\/www.sanlien.com.br\/blog\/o-que-e-responsabilidade-pos-consumo-e-por-que-sua-empresa-deve-se-preocupar-com-isso\/#article\",\"isPartOf\":{\"@id\":\"https:\/\/www.sanlien.com.br\/blog\/o-que-e-responsabilidade-pos-consumo-e-por-que-sua-empresa-deve-se-preocupar-com-isso\/\"},\"author\":{\"name\":\"admin\",\"@id\":\"https:\/\/www.sanlien.com.br\/blog\/#\/schema\/person\/85eb4a356aebbc1679ec5e4b8dac034a\"},\"headline\":\"O que \u00e9 responsabilidade p\u00f3s-consumo e por que sua empresa deve se preocupar com isso\",\"datePublished\":\"2025-10-16T15:19:06+00:00\",\"dateModified\":\"2025-10-16T15:21:13+00:00\",\"mainEntityOfPage\":{\"@id\":\"https:\/\/www.sanlien.com.br\/blog\/o-que-e-responsabilidade-pos-consumo-e-por-que-sua-empresa-deve-se-preocupar-com-isso\/\"},\"wordCount\":1227,\"commentCount\":0,\"publisher\":{\"@id\":\"https:\/\/www.sanlien.com.br\/blog\/#organization\"},\"keywords\":[\"empresa de Gerenciamento de res\u00edduos\",\"empresa de reciclagem\",\"fornecedor de gerenciamento de res\u00edduos\",\"fornecedor de reciclagem\",\"gerenciamento de res\u00edduos em Cangaiba\",\"gerenciamento de res\u00edduos em Diadema\",\"gerenciamento de res\u00edduos em Guarulhos\",\"gerenciamento de res\u00edduos em Osasco\",\"gerenciamento de res\u00edduos em Santana\",\"gerenciamento de res\u00edduos em Santo Andr\u00e9\",\"gerenciamento de res\u00edduos em S\u00e3o Bernardo\",\"gerenciamento de res\u00edduos em S\u00e3o Caetano\",\"Gerenciamento de res\u00edduos em s\u00e3o paulo\",\"Gerenciamento de res\u00edduos em sp\",\"gerenciamento de res\u00edduos na baixada santista\",\"gerenciamento de res\u00edduos na Loberdade\",\"gerenciamento de res\u00edduos na Mooca\",\"gerenciamento de res\u00edduos na Vila Carr\u00e3o\",\"gerenciamento de res\u00edduos na Vila Formosa\",\"gerenciamento de res\u00edduos na Vila Gustavo\",\"gerenciamento de res\u00edduos na Vila Matilde\",\"gerenciamento de res\u00edduos na Vila Medeiros\",\"Gerenciamento de res\u00edduos na zona leste\",\"gerenciamento de res\u00edduos na zona norte\",\"gerenciamento de res\u00edduos na zona oeste\",\"gerenciamento de res\u00edduos na zona sul\",\"gerenciamento de res\u00edduos no ABC\",\"gerenciamento de res\u00edduos no Belenzinho\",\"gerenciamento de res\u00edduos no Bom Retiro\",\"Gerenciamento de res\u00edduos no Br\u00e1s\",\"gerenciamento de res\u00edduos no Cambuci\",\"gerenciamento de res\u00edduos no centro\",\"gerenciamento de res\u00edduos onde encontrar\",\"Gerenciamento de res\u00edduos perto de mim\",\"Gerenciamento de res\u00edduos pre\u00e7o\",\"Gerenciamento de res\u00edduos pr\u00f3ximo a mim\",\"reciclagem em Cangaiba\",\"reciclagem em Diadema\",\"reciclagem em Guarulhos\",\"reciclagem em Osasco\",\"reciclagem em Santana\",\"reciclagem em Santo Andr\u00e9\",\"reciclagem em S\u00e3o Bernardo\",\"reciclagem em S\u00e3o Caetano\",\"reciclagem em s\u00e3o paulo\",\"reciclagem em sp\",\"reciclagem na baixada santista\",\"reciclagem na Loberdade\",\"reciclagem na Mooca\",\"reciclagem na Vila Carr\u00e3o\",\"reciclagem na Vila Formosa\",\"reciclagem na Vila Gustavo\",\"reciclagem na Vila Matilde\",\"reciclagem na Vila Medeiros\",\"reciclagem na zona leste\",\"reciclagem na zona norte\",\"reciclagem na zona oeste\",\"reciclagem na zona sul\",\"reciclagem no ABC\",\"reciclagem no Belenzinho\",\"reciclagem no Bom Retiro\",\"reciclagem no Br\u00e1s\",\"reciclagem no Cambuci\",\"reciclagem no centro\",\"reciclagem onde encontrar\",\"reciclagem perto de mim\",\"reciclagem pre\u00e7o\",\"reciclagem pr\u00f3ximo a mim\",\"servi\u00e7o de Gerenciamento de res\u00edduos\",\"servi\u00e7o de reciclagem\"],\"articleSection\":[\"Reciclagem\"],\"inLanguage\":\"pt-BR\",\"potentialAction\":[{\"@type\":\"CommentAction\",\"name\":\"Comment\",\"target\":[\"https:\/\/www.sanlien.com.br\/blog\/o-que-e-responsabilidade-pos-consumo-e-por-que-sua-empresa-deve-se-preocupar-com-isso\/#respond\"]}]},{\"@type\":\"WebPage\",\"@id\":\"https:\/\/www.sanlien.com.br\/blog\/o-que-e-responsabilidade-pos-consumo-e-por-que-sua-empresa-deve-se-preocupar-com-isso\/\",\"url\":\"https:\/\/www.sanlien.com.br\/blog\/o-que-e-responsabilidade-pos-consumo-e-por-que-sua-empresa-deve-se-preocupar-com-isso\/\",\"name\":\"O que \u00e9 responsabilidade p\u00f3s-consumo e por que sua empresa deve se preocupar com isso\",\"isPartOf\":{\"@id\":\"https:\/\/www.sanlien.com.br\/blog\/#website\"},\"datePublished\":\"2025-10-16T15:19:06+00:00\",\"dateModified\":\"2025-10-16T15:21:13+00:00\",\"description\":\"Entenda o que \u00e9 responsabilidade p\u00f3s-consumo e como empresas podem transformar a gest\u00e3o de res\u00edduos em vantagem competitiva com solu\u00e7\u00f5es sustent\u00e1veis da San Lien.\",\"breadcrumb\":{\"@id\":\"https:\/\/www.sanlien.com.br\/blog\/o-que-e-responsabilidade-pos-consumo-e-por-que-sua-empresa-deve-se-preocupar-com-isso\/#breadcrumb\"},\"inLanguage\":\"pt-BR\",\"potentialAction\":[{\"@type\":\"ReadAction\",\"target\":[\"https:\/\/www.sanlien.com.br\/blog\/o-que-e-responsabilidade-pos-consumo-e-por-que-sua-empresa-deve-se-preocupar-com-isso\/\"]}]},{\"@type\":\"BreadcrumbList\",\"@id\":\"https:\/\/www.sanlien.com.br\/blog\/o-que-e-responsabilidade-pos-consumo-e-por-que-sua-empresa-deve-se-preocupar-com-isso\/#breadcrumb\",\"itemListElement\":[{\"@type\":\"ListItem\",\"position\":1,\"name\":\"In\u00edcio\",\"item\":\"https:\/\/www.sanlien.com.br\/blog\/\"},{\"@type\":\"ListItem\",\"position\":2,\"name\":\"O que \u00e9 responsabilidade p\u00f3s-consumo e por que sua empresa deve se preocupar com isso\"}]},{\"@type\":\"WebSite\",\"@id\":\"https:\/\/www.sanlien.com.br\/blog\/#website\",\"url\":\"https:\/\/www.sanlien.com.br\/blog\/\",\"name\":\"San Lien\",\"description\":\"Blog - San Lien\",\"publisher\":{\"@id\":\"https:\/\/www.sanlien.com.br\/blog\/#organization\"},\"potentialAction\":[{\"@type\":\"SearchAction\",\"target\":{\"@type\":\"EntryPoint\",\"urlTemplate\":\"https:\/\/www.sanlien.com.br\/blog\/?s={search_term_string}\"},\"query-input\":\"required name=search_term_string\"}],\"inLanguage\":\"pt-BR\"},{\"@type\":\"Organization\",\"@id\":\"https:\/\/www.sanlien.com.br\/blog\/#organization\",\"name\":\"San Lien\",\"url\":\"https:\/\/www.sanlien.com.br\/blog\/\",\"logo\":{\"@type\":\"ImageObject\",\"inLanguage\":\"pt-BR\",\"@id\":\"https:\/\/www.sanlien.com.br\/blog\/#\/schema\/logo\/image\/\",\"url\":\"https:\/\/www.sanlien.com.br\/blog\/wp-content\/uploads\/2023\/11\/logo.png\",\"contentUrl\":\"https:\/\/www.sanlien.com.br\/blog\/wp-content\/uploads\/2023\/11\/logo.png\",\"width\":500,\"height\":300,\"caption\":\"San Lien\"},\"image\":{\"@id\":\"https:\/\/www.sanlien.com.br\/blog\/#\/schema\/logo\/image\/\"}},{\"@type\":\"Person\",\"@id\":\"https:\/\/www.sanlien.com.br\/blog\/#\/schema\/person\/85eb4a356aebbc1679ec5e4b8dac034a\",\"name\":\"admin\",\"image\":{\"@type\":\"ImageObject\",\"inLanguage\":\"pt-BR\",\"@id\":\"https:\/\/www.sanlien.com.br\/blog\/#\/schema\/person\/image\/\",\"url\":\"https:\/\/secure.gravatar.com\/avatar\/bd8125b24775f217cdea35dcfa839469?s=96&d=mm&r=g\",\"contentUrl\":\"https:\/\/secure.gravatar.com\/avatar\/bd8125b24775f217cdea35dcfa839469?s=96&d=mm&r=g\",\"caption\":\"admin\"},\"sameAs\":[\"https:\/\/sanlien.com.br\/blog\"],\"url\":\"https:\/\/www.sanlien.com.br\/blog\/author\/admin\/\"}]}<\/script>\n<!-- \/ Yoast SEO plugin. -->","yoast_head_json":{"title":"O que \u00e9 responsabilidade p\u00f3s-consumo e por que sua empresa deve se preocupar com isso","description":"Entenda o que \u00e9 responsabilidade p\u00f3s-consumo e como empresas podem transformar a gest\u00e3o de res\u00edduos em vantagem competitiva com solu\u00e7\u00f5es sustent\u00e1veis da San Lien.","robots":{"index":"index","follow":"follow","max-snippet":"max-snippet:-1","max-image-preview":"max-image-preview:large","max-video-preview":"max-video-preview:-1"},"canonical":"https:\/\/www.sanlien.com.br\/blog\/o-que-e-responsabilidade-pos-consumo-e-por-que-sua-empresa-deve-se-preocupar-com-isso\/","og_locale":"pt_BR","og_type":"article","og_title":"O que \u00e9 responsabilidade p\u00f3s-consumo e por que sua empresa deve se preocupar com isso","og_description":"Entenda o que \u00e9 responsabilidade p\u00f3s-consumo e como empresas podem transformar a gest\u00e3o de res\u00edduos em vantagem competitiva com solu\u00e7\u00f5es sustent\u00e1veis da San Lien.","og_url":"https:\/\/www.sanlien.com.br\/blog\/o-que-e-responsabilidade-pos-consumo-e-por-que-sua-empresa-deve-se-preocupar-com-isso\/","og_site_name":"San Lien","article_published_time":"2025-10-16T15:19:06+00:00","article_modified_time":"2025-10-16T15:21:13+00:00","og_image":[{"width":1000,"height":560,"url":"https:\/\/www.sanlien.com.br\/blog\/wp-content\/uploads\/2025\/05\/laudo-tecnico-ambiental.jpg","type":"image\/jpeg"}],"author":"admin","twitter_card":"summary_large_image","twitter_misc":{"Escrito por":"admin","Est. tempo de leitura":"6 minutos"},"schema":{"@context":"https:\/\/schema.org","@graph":[{"@type":"Article","@id":"https:\/\/www.sanlien.com.br\/blog\/o-que-e-responsabilidade-pos-consumo-e-por-que-sua-empresa-deve-se-preocupar-com-isso\/#article","isPartOf":{"@id":"https:\/\/www.sanlien.com.br\/blog\/o-que-e-responsabilidade-pos-consumo-e-por-que-sua-empresa-deve-se-preocupar-com-isso\/"},"author":{"name":"admin","@id":"https:\/\/www.sanlien.com.br\/blog\/#\/schema\/person\/85eb4a356aebbc1679ec5e4b8dac034a"},"headline":"O que \u00e9 responsabilidade p\u00f3s-consumo e por que sua empresa deve se preocupar com isso","datePublished":"2025-10-16T15:19:06+00:00","dateModified":"2025-10-16T15:21:13+00:00","mainEntityOfPage":{"@id":"https:\/\/www.sanlien.com.br\/blog\/o-que-e-responsabilidade-pos-consumo-e-por-que-sua-empresa-deve-se-preocupar-com-isso\/"},"wordCount":1227,"commentCount":0,"publisher":{"@id":"https:\/\/www.sanlien.com.br\/blog\/#organization"},"keywords":["empresa de Gerenciamento de res\u00edduos","empresa de reciclagem","fornecedor de gerenciamento de res\u00edduos","fornecedor de reciclagem","gerenciamento de res\u00edduos em Cangaiba","gerenciamento de res\u00edduos em Diadema","gerenciamento de res\u00edduos em Guarulhos","gerenciamento de res\u00edduos em Osasco","gerenciamento de res\u00edduos em Santana","gerenciamento de res\u00edduos em Santo Andr\u00e9","gerenciamento de res\u00edduos em S\u00e3o Bernardo","gerenciamento de res\u00edduos em S\u00e3o Caetano","Gerenciamento de res\u00edduos em s\u00e3o paulo","Gerenciamento de res\u00edduos em sp","gerenciamento de res\u00edduos na baixada santista","gerenciamento de res\u00edduos na Loberdade","gerenciamento de res\u00edduos na Mooca","gerenciamento de res\u00edduos na Vila Carr\u00e3o","gerenciamento de res\u00edduos na Vila Formosa","gerenciamento de res\u00edduos na Vila Gustavo","gerenciamento de res\u00edduos na Vila Matilde","gerenciamento de res\u00edduos na Vila Medeiros","Gerenciamento de res\u00edduos na zona leste","gerenciamento de res\u00edduos na zona norte","gerenciamento de res\u00edduos na zona oeste","gerenciamento de res\u00edduos na zona sul","gerenciamento de res\u00edduos no ABC","gerenciamento de res\u00edduos no Belenzinho","gerenciamento de res\u00edduos no Bom Retiro","Gerenciamento de res\u00edduos no Br\u00e1s","gerenciamento de res\u00edduos no Cambuci","gerenciamento de res\u00edduos no centro","gerenciamento de res\u00edduos onde encontrar","Gerenciamento de res\u00edduos perto de mim","Gerenciamento de res\u00edduos pre\u00e7o","Gerenciamento de res\u00edduos pr\u00f3ximo a mim","reciclagem em Cangaiba","reciclagem em Diadema","reciclagem em Guarulhos","reciclagem em Osasco","reciclagem em Santana","reciclagem em Santo Andr\u00e9","reciclagem em S\u00e3o Bernardo","reciclagem em S\u00e3o Caetano","reciclagem em s\u00e3o paulo","reciclagem em sp","reciclagem na baixada santista","reciclagem na Loberdade","reciclagem na Mooca","reciclagem na Vila Carr\u00e3o","reciclagem na Vila Formosa","reciclagem na Vila Gustavo","reciclagem na Vila Matilde","reciclagem na Vila Medeiros","reciclagem na zona leste","reciclagem na zona norte","reciclagem na zona oeste","reciclagem na zona sul","reciclagem no ABC","reciclagem no Belenzinho","reciclagem no Bom Retiro","reciclagem no Br\u00e1s","reciclagem no Cambuci","reciclagem no centro","reciclagem onde encontrar","reciclagem perto de mim","reciclagem pre\u00e7o","reciclagem pr\u00f3ximo a mim","servi\u00e7o de Gerenciamento de res\u00edduos","servi\u00e7o de reciclagem"],"articleSection":["Reciclagem"],"inLanguage":"pt-BR","potentialAction":[{"@type":"CommentAction","name":"Comment","target":["https:\/\/www.sanlien.com.br\/blog\/o-que-e-responsabilidade-pos-consumo-e-por-que-sua-empresa-deve-se-preocupar-com-isso\/#respond"]}]},{"@type":"WebPage","@id":"https:\/\/www.sanlien.com.br\/blog\/o-que-e-responsabilidade-pos-consumo-e-por-que-sua-empresa-deve-se-preocupar-com-isso\/","url":"https:\/\/www.sanlien.com.br\/blog\/o-que-e-responsabilidade-pos-consumo-e-por-que-sua-empresa-deve-se-preocupar-com-isso\/","name":"O que \u00e9 responsabilidade p\u00f3s-consumo e por que sua empresa deve se preocupar com isso","isPartOf":{"@id":"https:\/\/www.sanlien.com.br\/blog\/#website"},"datePublished":"2025-10-16T15:19:06+00:00","dateModified":"2025-10-16T15:21:13+00:00","description":"Entenda o que \u00e9 responsabilidade p\u00f3s-consumo e como empresas podem transformar a gest\u00e3o de res\u00edduos em vantagem competitiva com solu\u00e7\u00f5es sustent\u00e1veis da San Lien.","breadcrumb":{"@id":"https:\/\/www.sanlien.com.br\/blog\/o-que-e-responsabilidade-pos-consumo-e-por-que-sua-empresa-deve-se-preocupar-com-isso\/#breadcrumb"},"inLanguage":"pt-BR","potentialAction":[{"@type":"ReadAction","target":["https:\/\/www.sanlien.com.br\/blog\/o-que-e-responsabilidade-pos-consumo-e-por-que-sua-empresa-deve-se-preocupar-com-isso\/"]}]},{"@type":"BreadcrumbList","@id":"https:\/\/www.sanlien.com.br\/blog\/o-que-e-responsabilidade-pos-consumo-e-por-que-sua-empresa-deve-se-preocupar-com-isso\/#breadcrumb","itemListElement":[{"@type":"ListItem","position":1,"name":"In\u00edcio","item":"https:\/\/www.sanlien.com.br\/blog\/"},{"@type":"ListItem","position":2,"name":"O que \u00e9 responsabilidade p\u00f3s-consumo e por que sua empresa deve se preocupar com isso"}]},{"@type":"WebSite","@id":"https:\/\/www.sanlien.com.br\/blog\/#website","url":"https:\/\/www.sanlien.com.br\/blog\/","name":"San Lien","description":"Blog - San Lien","publisher":{"@id":"https:\/\/www.sanlien.com.br\/blog\/#organization"},"potentialAction":[{"@type":"SearchAction","target":{"@type":"EntryPoint","urlTemplate":"https:\/\/www.sanlien.com.br\/blog\/?s={search_term_string}"},"query-input":"required name=search_term_string"}],"inLanguage":"pt-BR"},{"@type":"Organization","@id":"https:\/\/www.sanlien.com.br\/blog\/#organization","name":"San Lien","url":"https:\/\/www.sanlien.com.br\/blog\/","logo":{"@type":"ImageObject","inLanguage":"pt-BR","@id":"https:\/\/www.sanlien.com.br\/blog\/#\/schema\/logo\/image\/","url":"https:\/\/www.sanlien.com.br\/blog\/wp-content\/uploads\/2023\/11\/logo.png","contentUrl":"https:\/\/www.sanlien.com.br\/blog\/wp-content\/uploads\/2023\/11\/logo.png","width":500,"height":300,"caption":"San Lien"},"image":{"@id":"https:\/\/www.sanlien.com.br\/blog\/#\/schema\/logo\/image\/"}},{"@type":"Person","@id":"https:\/\/www.sanlien.com.br\/blog\/#\/schema\/person\/85eb4a356aebbc1679ec5e4b8dac034a","name":"admin","image":{"@type":"ImageObject","inLanguage":"pt-BR","@id":"https:\/\/www.sanlien.com.br\/blog\/#\/schema\/person\/image\/","url":"https:\/\/secure.gravatar.com\/avatar\/bd8125b24775f217cdea35dcfa839469?s=96&d=mm&r=g","contentUrl":"https:\/\/secure.gravatar.com\/avatar\/bd8125b24775f217cdea35dcfa839469?s=96&d=mm&r=g","caption":"admin"},"sameAs":["https:\/\/sanlien.com.br\/blog"],"url":"https:\/\/www.sanlien.com.br\/blog\/author\/admin\/"}]}},"_links":{"self":[{"href":"https:\/\/www.sanlien.com.br\/blog\/wp-json\/wp\/v2\/posts\/442"}],"collection":[{"href":"https:\/\/www.sanlien.com.br\/blog\/wp-json\/wp\/v2\/posts"}],"about":[{"href":"https:\/\/www.sanlien.com.br\/blog\/wp-json\/wp\/v2\/types\/post"}],"author":[{"embeddable":true,"href":"https:\/\/www.sanlien.com.br\/blog\/wp-json\/wp\/v2\/users\/1"}],"replies":[{"embeddable":true,"href":"https:\/\/www.sanlien.com.br\/blog\/wp-json\/wp\/v2\/comments?post=442"}],"version-history":[{"count":3,"href":"https:\/\/www.sanlien.com.br\/blog\/wp-json\/wp\/v2\/posts\/442\/revisions"}],"predecessor-version":[{"id":445,"href":"https:\/\/www.sanlien.com.br\/blog\/wp-json\/wp\/v2\/posts\/442\/revisions\/445"}],"wp:featuredmedia":[{"embeddable":true,"href":"https:\/\/www.sanlien.com.br\/blog\/wp-json\/wp\/v2\/media\/347"}],"wp:attachment":[{"href":"https:\/\/www.sanlien.com.br\/blog\/wp-json\/wp\/v2\/media?parent=442"}],"wp:term":[{"taxonomy":"category","embeddable":true,"href":"https:\/\/www.sanlien.com.br\/blog\/wp-json\/wp\/v2\/categories?post=442"},{"taxonomy":"post_tag","embeddable":true,"href":"https:\/\/www.sanlien.com.br\/blog\/wp-json\/wp\/v2\/tags?post=442"}],"curies":[{"name":"wp","href":"https:\/\/api.w.org\/{rel}","templated":true}]}}