{"id":398,"date":"2025-08-19T14:01:11","date_gmt":"2025-08-19T14:01:11","guid":{"rendered":"https:\/\/www.sanlien.com.br\/blog\/?p=398"},"modified":"2025-08-19T14:03:58","modified_gmt":"2025-08-19T14:03:58","slug":"descaracterizacao-de-materiais-qual-a-importancia-e-como-funciona","status":"publish","type":"post","link":"https:\/\/www.sanlien.com.br\/blog\/descaracterizacao-de-materiais-qual-a-importancia-e-como-funciona\/","title":{"rendered":"Descaracteriza\u00e7\u00e3o de materiais: qual a import\u00e2ncia e como funciona?"},"content":{"rendered":"<span class=\"rt-reading-time\" style=\"display: block;\"><span class=\"rt-label rt-prefix\">Tempo de leitura: <\/span> <span class=\"rt-time\">4<\/span> <span class=\"rt-label rt-postfix\">minutos<\/span><\/span>\n<p class=\"has-medium-font-size\"><strong><em>Entenda a import\u00e2ncia da descaracteriza\u00e7\u00e3o de materiais para seguran\u00e7a, prote\u00e7\u00e3o da marca e descarte correto, e como esse processo funciona.<\/em><\/strong><\/p>\n\n\n\n<p>A <strong>descaracteriza\u00e7\u00e3o de materiais<\/strong> \u00e9 um tema que vem ganhando relev\u00e2ncia em diferentes setores, principalmente no contexto de seguran\u00e7a da informa\u00e7\u00e3o, prote\u00e7\u00e3o de marcas e sustentabilidade. Empresas de todos os portes t\u00eam percebido que simplesmente descartar res\u00edduos ou produtos obsoletos n\u00e3o \u00e9 suficiente para garantir a integridade de seus dados ou a preserva\u00e7\u00e3o de sua imagem.<\/p>\n\n\n\n<p>Esse processo vai muito al\u00e9m de triturar documentos ou inutilizar equipamentos. Ele envolve uma gest\u00e3o estrat\u00e9gica, capaz de eliminar riscos, evitar preju\u00edzos financeiros e assegurar pr\u00e1ticas ambientalmente corretas. Para neg\u00f3cios que lidam com grandes volumes de materiais, a descaracteriza\u00e7\u00e3o \u00e9 hoje uma etapa essencial dentro da cadeia de gest\u00e3o de res\u00edduos.<\/p>\n\n\n\n<p>Neste artigo, vamos explorar como funciona esse procedimento, sua import\u00e2ncia para empresas de diferentes segmentos e de que forma ele contribui para a preserva\u00e7\u00e3o ambiental e para a prote\u00e7\u00e3o de dados.<\/p>\n\n\n\n<div id=\"ez-toc-container\" class=\"ez-toc-v2_0_62 counter-hierarchy ez-toc-counter ez-toc-grey ez-toc-container-direction\">\n<div class=\"ez-toc-title-container\">\n<p class=\"ez-toc-title \" >T&oacute;picos do artigo<\/p>\n<span class=\"ez-toc-title-toggle\"><a href=\"#\" class=\"ez-toc-pull-right ez-toc-btn ez-toc-btn-xs ez-toc-btn-default ez-toc-toggle\" aria-label=\"Toggle Table of Content\"><span class=\"ez-toc-js-icon-con\"><span class=\"\"><span class=\"eztoc-hide\" style=\"display:none;\">Toggle<\/span><span class=\"ez-toc-icon-toggle-span\"><svg style=\"fill: #999;color:#999\" xmlns=\"http:\/\/www.w3.org\/2000\/svg\" class=\"list-377408\" width=\"20px\" height=\"20px\" viewBox=\"0 0 24 24\" fill=\"none\"><path d=\"M6 6H4v2h2V6zm14 0H8v2h12V6zM4 11h2v2H4v-2zm16 0H8v2h12v-2zM4 16h2v2H4v-2zm16 0H8v2h12v-2z\" fill=\"currentColor\"><\/path><\/svg><svg style=\"fill: #999;color:#999\" class=\"arrow-unsorted-368013\" xmlns=\"http:\/\/www.w3.org\/2000\/svg\" width=\"10px\" height=\"10px\" viewBox=\"0 0 24 24\" version=\"1.2\" baseProfile=\"tiny\"><path d=\"M18.2 9.3l-6.2-6.3-6.2 6.3c-.2.2-.3.4-.3.7s.1.5.3.7c.2.2.4.3.7.3h11c.3 0 .5-.1.7-.3.2-.2.3-.5.3-.7s-.1-.5-.3-.7zM5.8 14.7l6.2 6.3 6.2-6.3c.2-.2.3-.5.3-.7s-.1-.5-.3-.7c-.2-.2-.4-.3-.7-.3h-11c-.3 0-.5.1-.7.3-.2.2-.3.5-.3.7s.1.5.3.7z\"\/><\/svg><\/span><\/span><\/span><\/a><\/span><\/div>\n<nav><ul class='ez-toc-list ez-toc-list-level-1 ' ><li class='ez-toc-page-1 ez-toc-heading-level-2'><a class=\"ez-toc-link ez-toc-heading-1\" href=\"https:\/\/www.sanlien.com.br\/blog\/descaracterizacao-de-materiais-qual-a-importancia-e-como-funciona\/#O_que_e_a_descaracterizacao_de_materiais\" title=\"O que \u00e9 a descaracteriza\u00e7\u00e3o de materiais\">O que \u00e9 a descaracteriza\u00e7\u00e3o de materiais<\/a><\/li><li class='ez-toc-page-1 ez-toc-heading-level-2'><a class=\"ez-toc-link ez-toc-heading-2\" href=\"https:\/\/www.sanlien.com.br\/blog\/descaracterizacao-de-materiais-qual-a-importancia-e-como-funciona\/#A_importancia_da_descaracterizacao_de_materiais\" title=\"A import\u00e2ncia da descaracteriza\u00e7\u00e3o de materiais\">A import\u00e2ncia da descaracteriza\u00e7\u00e3o de materiais<\/a><ul class='ez-toc-list-level-3' ><li class='ez-toc-heading-level-3'><a class=\"ez-toc-link ez-toc-heading-3\" href=\"https:\/\/www.sanlien.com.br\/blog\/descaracterizacao-de-materiais-qual-a-importancia-e-como-funciona\/#Seguranca_de_dados_e_informacoes\" title=\"Seguran\u00e7a de dados e informa\u00e7\u00f5es\">Seguran\u00e7a de dados e informa\u00e7\u00f5es<\/a><\/li><li class='ez-toc-page-1 ez-toc-heading-level-3'><a class=\"ez-toc-link ez-toc-heading-4\" href=\"https:\/\/www.sanlien.com.br\/blog\/descaracterizacao-de-materiais-qual-a-importancia-e-como-funciona\/#Preservacao_da_marca\" title=\"Preserva\u00e7\u00e3o da marca\">Preserva\u00e7\u00e3o da marca<\/a><\/li><li class='ez-toc-page-1 ez-toc-heading-level-3'><a class=\"ez-toc-link ez-toc-heading-5\" href=\"https:\/\/www.sanlien.com.br\/blog\/descaracterizacao-de-materiais-qual-a-importancia-e-como-funciona\/#Sustentabilidade_e_conformidade_legal\" title=\"Sustentabilidade e conformidade legal\">Sustentabilidade e conformidade legal<\/a><\/li><\/ul><\/li><li class='ez-toc-page-1 ez-toc-heading-level-2'><a class=\"ez-toc-link ez-toc-heading-6\" href=\"https:\/\/www.sanlien.com.br\/blog\/descaracterizacao-de-materiais-qual-a-importancia-e-como-funciona\/#Como_funciona_o_processo_de_descaracterizacao\" title=\"Como funciona o processo de descaracteriza\u00e7\u00e3o\">Como funciona o processo de descaracteriza\u00e7\u00e3o<\/a><\/li><li class='ez-toc-page-1 ez-toc-heading-level-2'><a class=\"ez-toc-link ez-toc-heading-7\" href=\"https:\/\/www.sanlien.com.br\/blog\/descaracterizacao-de-materiais-qual-a-importancia-e-como-funciona\/#Descaracterizacao_de_materiais_e_sustentabilidade\" title=\"Descaracteriza\u00e7\u00e3o de materiais e sustentabilidade\">Descaracteriza\u00e7\u00e3o de materiais e sustentabilidade<\/a><\/li><li class='ez-toc-page-1 ez-toc-heading-level-2'><a class=\"ez-toc-link ez-toc-heading-8\" href=\"https:\/\/www.sanlien.com.br\/blog\/descaracterizacao-de-materiais-qual-a-importancia-e-como-funciona\/#Descaracterizacao_de_materiais_da_San_Lien\" title=\"Descaracteriza\u00e7\u00e3o de materiais da San Lien\">Descaracteriza\u00e7\u00e3o de materiais da San Lien<\/a><\/li><\/ul><\/nav><\/div>\n<h2 class=\"wp-block-heading\"><span class=\"ez-toc-section\" id=\"O_que_e_a_descaracterizacao_de_materiais\"><\/span><strong>O que \u00e9 a descaracteriza\u00e7\u00e3o de materiais<\/strong><span class=\"ez-toc-section-end\"><\/span><\/h2>\n\n\n\n<p>A <strong>descaracteriza\u00e7\u00e3o de materiais<\/strong> \u00e9 o processo de alterar produtos, documentos ou res\u00edduos para que <strong>n\u00e3o possam mais ser utilizados ou reconhecidos<\/strong>.&nbsp;<\/p>\n\n\n\n<p>Ela garante a <strong>seguran\u00e7a de informa\u00e7\u00f5es sigilosas<\/strong>, impede que <strong>produtos defeituosos voltem ao mercado<\/strong> e assegura um <strong>descarte ambientalmente correto<\/strong>.<\/p>\n\n\n\n<p>Mais do que destruir, trata-se de um <strong>procedimento estrat\u00e9gico de prote\u00e7\u00e3o e conformidade<\/strong>, essencial para empresas que buscam seguran\u00e7a e responsabilidade ambiental.<\/p>\n\n\n\n<ul>\n<li><a href=\"https:\/\/www.sanlien.com.br\/blog\/coleta-de-materiais-onde-encontrar-uma-empresa-especializada\/\">Coleta de materiais: onde encontrar uma empresa especializada?<\/a><\/li>\n<\/ul>\n\n\n\n<h2 class=\"wp-block-heading\"><span class=\"ez-toc-section\" id=\"A_importancia_da_descaracterizacao_de_materiais\"><\/span><strong>A import\u00e2ncia da descaracteriza\u00e7\u00e3o de materiais<\/strong><span class=\"ez-toc-section-end\"><\/span><\/h2>\n\n\n\n<p>A relev\u00e2ncia desse processo se d\u00e1 em tr\u00eas grandes eixos: <strong>seguran\u00e7a, preserva\u00e7\u00e3o da marca e sustentabilidade<\/strong>.<\/p>\n\n\n\n<h3 class=\"wp-block-heading\"><span class=\"ez-toc-section\" id=\"Seguranca_de_dados_e_informacoes\"><\/span><strong>Seguran\u00e7a de dados e informa\u00e7\u00f5es<\/strong><span class=\"ez-toc-section-end\"><\/span><\/h3>\n\n\n\n<p>Em um cen\u00e1rio onde dados s\u00e3o um dos maiores ativos das empresas, a prote\u00e7\u00e3o contra vazamentos \u00e9 crucial. Equipamentos de TI, como servidores, HDs e computadores, precisam passar por processos rigorosos de descaracteriza\u00e7\u00e3o para garantir que informa\u00e7\u00f5es confidenciais n\u00e3o sejam acessadas ap\u00f3s o descarte.<\/p>\n\n\n\n<h3 class=\"wp-block-heading\"><span class=\"ez-toc-section\" id=\"Preservacao_da_marca\"><\/span><strong>Preserva\u00e7\u00e3o da marca<\/strong><span class=\"ez-toc-section-end\"><\/span><\/h3>\n\n\n\n<p>Produtos com falhas, devolu\u00e7\u00f5es ou fora de linha n\u00e3o devem circular novamente no mercado. Caso isso aconte\u00e7a, a imagem da empresa pode ser prejudicada por associa\u00e7\u00f5es a itens de baixa qualidade ou defeituosos. A descaracteriza\u00e7\u00e3o impede que esses produtos sejam reutilizados ou revendidos de forma indevida.<\/p>\n\n\n\n<h3 class=\"wp-block-heading\"><span class=\"ez-toc-section\" id=\"Sustentabilidade_e_conformidade_legal\"><\/span><strong>Sustentabilidade e conformidade legal<\/strong><span class=\"ez-toc-section-end\"><\/span><\/h3>\n\n\n\n<p>Outro ponto central \u00e9 a <strong>adequa\u00e7\u00e3o \u00e0s normas ambientais<\/strong>. Muitas empresas s\u00e3o obrigadas por lei a destinar corretamente seus res\u00edduos. A descaracteriza\u00e7\u00e3o, quando realizada de maneira estruturada, assegura o cumprimento da legisla\u00e7\u00e3o e promove pr\u00e1ticas de responsabilidade socioambiental.<\/p>\n\n\n\n<ul>\n<li><a href=\"https:\/\/www.sanlien.com.br\/blog\/por-que-a-logistica-reversa-de-residuos-eletronicos-e-essencial-para-a-sustentabilidade-nas-empresas\/\">Por que a log\u00edstica reversa de res\u00edduos eletr\u00f4nicos \u00e9 essencial para a sustentabilidade nas empresas<\/a><\/li>\n<\/ul>\n\n\n\n<h2 class=\"wp-block-heading\"><span class=\"ez-toc-section\" id=\"Como_funciona_o_processo_de_descaracterizacao\"><\/span><strong>Como funciona o processo de descaracteriza\u00e7\u00e3o<\/strong><span class=\"ez-toc-section-end\"><\/span><\/h2>\n\n\n\n<p>O funcionamento da descaracteriza\u00e7\u00e3o pode variar de acordo com o tipo de material, mas, de forma geral, passa por algumas etapas principais:<\/p>\n\n\n\n<ol>\n<li><strong>Recebimento e triagem dos materiais:<\/strong> Os res\u00edduos ou produtos s\u00e3o recebidos em instala\u00e7\u00f5es adequadas, onde ocorre a separa\u00e7\u00e3o por tipo e categoria;<br><br><\/li>\n\n\n\n<li><strong>Processamento e descaracteriza\u00e7\u00e3o:<\/strong> Dependendo do item, pode-se utilizar tritura\u00e7\u00e3o, desmanche, desmagnetiza\u00e7\u00e3o, prensagem, incinera\u00e7\u00e3o controlada ou processos qu\u00edmicos que eliminem a possibilidade de reutiliza\u00e7\u00e3o;<br><br><\/li>\n\n\n\n<li><strong>Registro e rastreabilidade:<\/strong> Todo o processo \u00e9 documentado para garantir <strong>transpar\u00eancia e seguran\u00e7a jur\u00eddica<\/strong>. Muitas empresas recebem certificados de descaracteriza\u00e7\u00e3o, comprovando o descarte correto;<br><br><\/li>\n\n\n\n<li><strong>Destino ambientalmente adequado:<\/strong> Ap\u00f3s a descaracteriza\u00e7\u00e3o, os res\u00edduos s\u00e3o encaminhados para reciclagem, coprocessamento ou descarte final em aterros licenciados, de acordo com a natureza do material.<br><\/li>\n<\/ol>\n\n\n\n<p>Esse fluxo garante que cada etapa seja controlada, atendendo \u00e0s normas de seguran\u00e7a, ambientais e de compliance.<\/p>\n\n\n\n<ul>\n<li><a href=\"https:\/\/www.sanlien.com.br\/blog\/gerenciamento-de-residuos-o-servico-essencial-para-garantir-a-preservacao-do-meio-ambiente\/\">Gerenciamento de res\u00edduos: o servi\u00e7o essencial para garantir a preserva\u00e7\u00e3o do meio ambiente<\/a><\/li>\n<\/ul>\n\n\n\n<h2 class=\"wp-block-heading\"><span class=\"ez-toc-section\" id=\"Descaracterizacao_de_materiais_e_sustentabilidade\"><\/span><strong>Descaracteriza\u00e7\u00e3o de materiais e sustentabilidade<\/strong><span class=\"ez-toc-section-end\"><\/span><\/h2>\n\n\n\n<figure class=\"wp-block-image alignright size-full is-resized\"><img decoding=\"async\" loading=\"lazy\" width=\"612\" height=\"417\" src=\"https:\/\/www.sanlien.com.br\/blog\/wp-content\/uploads\/2025\/08\/Captura-de-Tela-2025-08-19-a\u0300s-10.54.08.png\" alt=\"Descaracteriza\u00e7\u00e3o de materiais: qual a import\u00e2ncia e como funciona?\n\" class=\"wp-image-400\" style=\"aspect-ratio:1.4676258992805755;width:289px;height:auto\"\/><\/figure>\n\n\n\n<p>A <strong>descaracteriza\u00e7\u00e3o de materiais<\/strong> tamb\u00e9m est\u00e1 diretamente ligada \u00e0 <strong>sustentabilidade<\/strong>, pois evita que res\u00edduos sejam descartados de forma incorreta e reduz impactos ambientais.&nbsp;<\/p>\n\n\n\n<p>Quando feita de maneira adequada, possibilita o <strong>reaproveitamento de materiais recicl\u00e1veis<\/strong>, diminui o volume destinado a aterros e contribui para a <strong>economia circular<\/strong>.<\/p>\n\n\n\n<p>Al\u00e9m de proteger informa\u00e7\u00f5es e preservar marcas, esse processo refor\u00e7a o compromisso das empresas com a <strong>responsabilidade socioambiental<\/strong>, cada vez mais valorizada por consumidores e investidores.<\/p>\n\n\n\n<ul>\n<li><a href=\"https:\/\/www.sanlien.com.br\/blog\/reciclagem-de-material-eletronico-descubra-sua-importancia\/\">Reciclagem de material eletr\u00f4nico: descubra sua import\u00e2ncia<\/a><\/li>\n<\/ul>\n\n\n\n<h2 class=\"wp-block-heading\"><span class=\"ez-toc-section\" id=\"Descaracterizacao_de_materiais_da_San_Lien\"><\/span><strong>Descaracteriza\u00e7\u00e3o de materiais da San Lien<\/strong><span class=\"ez-toc-section-end\"><\/span><\/h2>\n\n\n\n<p>Com mais de <strong>20 anos de experi\u00eancia no mercado<\/strong>, a <strong>San Lien<\/strong> se consolidou como uma das principais refer\u00eancias em gest\u00e3o de res\u00edduos no Brasil. A empresa oferece solu\u00e7\u00f5es completas e qualificadas, com foco em seguran\u00e7a, sustentabilidade e preserva\u00e7\u00e3o da marca de seus clientes.<\/p>\n\n\n\n<p>Na San Lien, todo o processo de <strong>canibaliza\u00e7\u00e3o e descaracteriza\u00e7\u00e3o de materiais \u00e9 realizado em galp\u00f5es pr\u00f3prios<\/strong>, assegurando total controle, confidencialidade e conformidade com as normas ambientais. A prioridade \u00e9 garantir que nenhum material retorne ao mercado de forma inadequada, protegendo tanto os dados quanto a reputa\u00e7\u00e3o das empresas atendidas.<\/p>\n\n\n\n<p>Al\u00e9m disso, a San Lien atua em conformidade com as regulamenta\u00e7\u00f5es de sustentabilidade, oferecendo <strong>gerenciamento de res\u00edduos respons\u00e1vel e de alta qualidade<\/strong>. Isso significa que, ao optar pela empresa, o cliente tem a certeza de estar realizando um descarte correto, seguro e ambientalmente respons\u00e1vel.<\/p>\n\n\n\n<p>Se sua empresa busca uma parceira confi\u00e1vel para descaracteriza\u00e7\u00e3o de materiais e gest\u00e3o de res\u00edduos, <strong><a href=\"https:\/\/www.sanlien.com.br\/contato\">entre em contato com a San Lien<\/a><\/strong> e conhe\u00e7a nossas solu\u00e7\u00f5es completas para prote\u00e7\u00e3o da sua marca e preserva\u00e7\u00e3o do meio ambiente.<\/p>\n","protected":false},"excerpt":{"rendered":"<p><span class=\"rt-reading-time\" style=\"display: block;\"><span class=\"rt-label rt-prefix\">Tempo de leitura: <\/span> <span class=\"rt-time\">4<\/span> <span class=\"rt-label rt-postfix\">minutos<\/span><\/span> Entenda a import\u00e2ncia da descaracteriza\u00e7\u00e3o de materiais para seguran\u00e7a, prote\u00e7\u00e3o da marca e descarte correto, e como esse processo funciona. A descaracteriza\u00e7\u00e3o de materiais \u00e9 um tema que vem ganhando relev\u00e2ncia em diferentes setores, principalmente no contexto de seguran\u00e7a da informa\u00e7\u00e3o, prote\u00e7\u00e3o de marcas e sustentabilidade. Empresas de todos os portes t\u00eam percebido que simplesmente &hellip; <\/p>\n","protected":false},"author":1,"featured_media":399,"comment_status":"open","ping_status":"open","sticky":false,"template":"","format":"standard","meta":{"footnotes":""},"categories":[641],"tags":[2031,2027,2033,2018,2022,2015,2032,2021,2039,1801,2042,2041,2047,2044,2048,2043,2050,2049,2045,2040,2029,2046,2020,640,2037,2024,2038,2035,2030,2019,2023,2034,2025,1171,1408,1802,1762,2026,2017,2028,2036,1232,2016],"yoast_head":"<!-- This site is optimized with the Yoast SEO plugin v21.5 - https:\/\/yoast.com\/wordpress\/plugins\/seo\/ -->\n<title>Descaracteriza\u00e7\u00e3o de materiais: qual a import\u00e2ncia e como funciona? - San Lien<\/title>\n<meta name=\"description\" content=\"Entenda a import\u00e2ncia da descaracteriza\u00e7\u00e3o de materiais para seguran\u00e7a, prote\u00e7\u00e3o da marca e descarte correto, e como esse processo funciona.\" \/>\n<meta name=\"robots\" content=\"index, follow, max-snippet:-1, max-image-preview:large, max-video-preview:-1\" \/>\n<link rel=\"canonical\" href=\"https:\/\/www.sanlien.com.br\/blog\/descaracterizacao-de-materiais-qual-a-importancia-e-como-funciona\/\" \/>\n<meta property=\"og:locale\" content=\"pt_BR\" \/>\n<meta property=\"og:type\" content=\"article\" \/>\n<meta property=\"og:title\" content=\"Descaracteriza\u00e7\u00e3o de materiais: qual a import\u00e2ncia e como funciona? - San Lien\" \/>\n<meta property=\"og:description\" content=\"Entenda a import\u00e2ncia da descaracteriza\u00e7\u00e3o de materiais para seguran\u00e7a, prote\u00e7\u00e3o da marca e descarte correto, e como esse processo funciona.\" \/>\n<meta property=\"og:url\" content=\"https:\/\/www.sanlien.com.br\/blog\/descaracterizacao-de-materiais-qual-a-importancia-e-como-funciona\/\" \/>\n<meta property=\"og:site_name\" content=\"San Lien\" \/>\n<meta property=\"article:published_time\" content=\"2025-08-19T14:01:11+00:00\" \/>\n<meta property=\"article:modified_time\" content=\"2025-08-19T14:03:58+00:00\" \/>\n<meta property=\"og:image\" content=\"https:\/\/www.sanlien.com.br\/blog\/wp-content\/uploads\/2025\/08\/Captura-de-Tela-2025-08-19-a\u0300s-10.53.27.png\" \/>\n\t<meta property=\"og:image:width\" content=\"572\" \/>\n\t<meta property=\"og:image:height\" content=\"421\" \/>\n\t<meta property=\"og:image:type\" content=\"image\/png\" \/>\n<meta name=\"author\" content=\"admin\" \/>\n<meta name=\"twitter:card\" content=\"summary_large_image\" \/>\n<meta name=\"twitter:label1\" content=\"Escrito por\" \/>\n\t<meta name=\"twitter:data1\" content=\"admin\" \/>\n\t<meta name=\"twitter:label2\" content=\"Est. tempo de leitura\" \/>\n\t<meta name=\"twitter:data2\" content=\"5 minutos\" \/>\n<script type=\"application\/ld+json\" class=\"yoast-schema-graph\">{\"@context\":\"https:\/\/schema.org\",\"@graph\":[{\"@type\":\"Article\",\"@id\":\"https:\/\/www.sanlien.com.br\/blog\/descaracterizacao-de-materiais-qual-a-importancia-e-como-funciona\/#article\",\"isPartOf\":{\"@id\":\"https:\/\/www.sanlien.com.br\/blog\/descaracterizacao-de-materiais-qual-a-importancia-e-como-funciona\/\"},\"author\":{\"name\":\"admin\",\"@id\":\"https:\/\/www.sanlien.com.br\/blog\/#\/schema\/person\/85eb4a356aebbc1679ec5e4b8dac034a\"},\"headline\":\"Descaracteriza\u00e7\u00e3o de materiais: qual a import\u00e2ncia e como funciona?\",\"datePublished\":\"2025-08-19T14:01:11+00:00\",\"dateModified\":\"2025-08-19T14:03:58+00:00\",\"mainEntityOfPage\":{\"@id\":\"https:\/\/www.sanlien.com.br\/blog\/descaracterizacao-de-materiais-qual-a-importancia-e-como-funciona\/\"},\"wordCount\":956,\"commentCount\":0,\"publisher\":{\"@id\":\"https:\/\/www.sanlien.com.br\/blog\/#organization\"},\"keywords\":[\"como descartar produtos fora de linha\",\"como funciona a descaracteriza\u00e7\u00e3o de res\u00edduos\",\"descaracteriza\u00e7\u00e3o ajuda na sustentabilidade\",\"descaracteriza\u00e7\u00e3o ambientalmente correta\",\"descaracteriza\u00e7\u00e3o com certifica\u00e7\u00e3o\",\"descaracteriza\u00e7\u00e3o de documentos\",\"descaracteriza\u00e7\u00e3o de documentos sigilosos\",\"descaracteriza\u00e7\u00e3o de eletr\u00f4nicos\",\"descaracteriza\u00e7\u00e3o de eletr\u00f4nicos \u00e9 segura\",\"descaracteriza\u00e7\u00e3o de equipamentos\",\"descaracteriza\u00e7\u00e3o de materiais em s\u00e3o paulo\",\"descaracteriza\u00e7\u00e3o de materiais em sp\",\"descaracteriza\u00e7\u00e3o de materiais na Penha\",\"descaracteriza\u00e7\u00e3o de materiais na Vila Maria\",\"descaracteriza\u00e7\u00e3o de materiais na zona leste\",\"descaracteriza\u00e7\u00e3o de materiais no Br\u00e1s\",\"descaracteriza\u00e7\u00e3o de materiais no Carr\u00e3o\",\"descaracteriza\u00e7\u00e3o de materiais no Tatuap\u00e9\",\"descaracteriza\u00e7\u00e3o de materiais perto de mim\",\"descaracteriza\u00e7\u00e3o de materiais pre\u00e7o\",\"descaracteriza\u00e7\u00e3o de materiais protege a marca\",\"descaracteriza\u00e7\u00e3o de materiais pr\u00f3ximo a mim\",\"descaracteriza\u00e7\u00e3o de produtos defeituosos\",\"Descaracteriza\u00e7\u00e3o de res\u00edduos\",\"descaracteriza\u00e7\u00e3o deve ter certificado\",\"descaracteriza\u00e7\u00e3o e compliance\",\"descaracteriza\u00e7\u00e3o e descarte correto\",\"descaracteriza\u00e7\u00e3o e economia circular\",\"descaracteriza\u00e7\u00e3o e seguran\u00e7a de dados\",\"descaracteriza\u00e7\u00e3o e sustentabilidade\",\"descaracteriza\u00e7\u00e3o empresarial Brasil\",\"descaracteriza\u00e7\u00e3o empresarial \u00e9 obrigat\u00f3ria\",\"descaracteriza\u00e7\u00e3o para prote\u00e7\u00e3o da marca\",\"descarte de res\u00edduos industriais\",\"descarte seguro de documentos\",\"gest\u00e3o de res\u00edduos empresariais\",\"gest\u00e3o sustent\u00e1vel de res\u00edduos\",\"o que \u00e9 descaracteriza\u00e7\u00e3o de materiais\",\"prote\u00e7\u00e3o da marca descarte\",\"qual a import\u00e2ncia da descaracteriza\u00e7\u00e3o de materiais\",\"quem pode fazer descaracteriza\u00e7\u00e3o de res\u00edduos\",\"reciclagem empresarial\",\"seguran\u00e7a de dados descarte\"],\"articleSection\":[\"Descaracteriza\u00e7\u00e3o de res\u00edduos\"],\"inLanguage\":\"pt-BR\",\"potentialAction\":[{\"@type\":\"CommentAction\",\"name\":\"Comment\",\"target\":[\"https:\/\/www.sanlien.com.br\/blog\/descaracterizacao-de-materiais-qual-a-importancia-e-como-funciona\/#respond\"]}]},{\"@type\":\"WebPage\",\"@id\":\"https:\/\/www.sanlien.com.br\/blog\/descaracterizacao-de-materiais-qual-a-importancia-e-como-funciona\/\",\"url\":\"https:\/\/www.sanlien.com.br\/blog\/descaracterizacao-de-materiais-qual-a-importancia-e-como-funciona\/\",\"name\":\"Descaracteriza\u00e7\u00e3o de materiais: qual a import\u00e2ncia e como funciona? - San Lien\",\"isPartOf\":{\"@id\":\"https:\/\/www.sanlien.com.br\/blog\/#website\"},\"datePublished\":\"2025-08-19T14:01:11+00:00\",\"dateModified\":\"2025-08-19T14:03:58+00:00\",\"description\":\"Entenda a import\u00e2ncia da descaracteriza\u00e7\u00e3o de materiais para seguran\u00e7a, prote\u00e7\u00e3o da marca e descarte correto, e como esse processo funciona.\",\"breadcrumb\":{\"@id\":\"https:\/\/www.sanlien.com.br\/blog\/descaracterizacao-de-materiais-qual-a-importancia-e-como-funciona\/#breadcrumb\"},\"inLanguage\":\"pt-BR\",\"potentialAction\":[{\"@type\":\"ReadAction\",\"target\":[\"https:\/\/www.sanlien.com.br\/blog\/descaracterizacao-de-materiais-qual-a-importancia-e-como-funciona\/\"]}]},{\"@type\":\"BreadcrumbList\",\"@id\":\"https:\/\/www.sanlien.com.br\/blog\/descaracterizacao-de-materiais-qual-a-importancia-e-como-funciona\/#breadcrumb\",\"itemListElement\":[{\"@type\":\"ListItem\",\"position\":1,\"name\":\"In\u00edcio\",\"item\":\"https:\/\/www.sanlien.com.br\/blog\/\"},{\"@type\":\"ListItem\",\"position\":2,\"name\":\"Descaracteriza\u00e7\u00e3o de materiais: qual a import\u00e2ncia e como funciona?\"}]},{\"@type\":\"WebSite\",\"@id\":\"https:\/\/www.sanlien.com.br\/blog\/#website\",\"url\":\"https:\/\/www.sanlien.com.br\/blog\/\",\"name\":\"San Lien\",\"description\":\"Blog - San Lien\",\"publisher\":{\"@id\":\"https:\/\/www.sanlien.com.br\/blog\/#organization\"},\"potentialAction\":[{\"@type\":\"SearchAction\",\"target\":{\"@type\":\"EntryPoint\",\"urlTemplate\":\"https:\/\/www.sanlien.com.br\/blog\/?s={search_term_string}\"},\"query-input\":\"required name=search_term_string\"}],\"inLanguage\":\"pt-BR\"},{\"@type\":\"Organization\",\"@id\":\"https:\/\/www.sanlien.com.br\/blog\/#organization\",\"name\":\"San Lien\",\"url\":\"https:\/\/www.sanlien.com.br\/blog\/\",\"logo\":{\"@type\":\"ImageObject\",\"inLanguage\":\"pt-BR\",\"@id\":\"https:\/\/www.sanlien.com.br\/blog\/#\/schema\/logo\/image\/\",\"url\":\"https:\/\/www.sanlien.com.br\/blog\/wp-content\/uploads\/2023\/11\/logo.png\",\"contentUrl\":\"https:\/\/www.sanlien.com.br\/blog\/wp-content\/uploads\/2023\/11\/logo.png\",\"width\":500,\"height\":300,\"caption\":\"San Lien\"},\"image\":{\"@id\":\"https:\/\/www.sanlien.com.br\/blog\/#\/schema\/logo\/image\/\"}},{\"@type\":\"Person\",\"@id\":\"https:\/\/www.sanlien.com.br\/blog\/#\/schema\/person\/85eb4a356aebbc1679ec5e4b8dac034a\",\"name\":\"admin\",\"image\":{\"@type\":\"ImageObject\",\"inLanguage\":\"pt-BR\",\"@id\":\"https:\/\/www.sanlien.com.br\/blog\/#\/schema\/person\/image\/\",\"url\":\"https:\/\/secure.gravatar.com\/avatar\/bd8125b24775f217cdea35dcfa839469?s=96&d=mm&r=g\",\"contentUrl\":\"https:\/\/secure.gravatar.com\/avatar\/bd8125b24775f217cdea35dcfa839469?s=96&d=mm&r=g\",\"caption\":\"admin\"},\"sameAs\":[\"https:\/\/sanlien.com.br\/blog\"],\"url\":\"https:\/\/www.sanlien.com.br\/blog\/author\/admin\/\"}]}<\/script>\n<!-- \/ Yoast SEO plugin. -->","yoast_head_json":{"title":"Descaracteriza\u00e7\u00e3o de materiais: qual a import\u00e2ncia e como funciona? - San Lien","description":"Entenda a import\u00e2ncia da descaracteriza\u00e7\u00e3o de materiais para seguran\u00e7a, prote\u00e7\u00e3o da marca e descarte correto, e como esse processo funciona.","robots":{"index":"index","follow":"follow","max-snippet":"max-snippet:-1","max-image-preview":"max-image-preview:large","max-video-preview":"max-video-preview:-1"},"canonical":"https:\/\/www.sanlien.com.br\/blog\/descaracterizacao-de-materiais-qual-a-importancia-e-como-funciona\/","og_locale":"pt_BR","og_type":"article","og_title":"Descaracteriza\u00e7\u00e3o de materiais: qual a import\u00e2ncia e como funciona? - San Lien","og_description":"Entenda a import\u00e2ncia da descaracteriza\u00e7\u00e3o de materiais para seguran\u00e7a, prote\u00e7\u00e3o da marca e descarte correto, e como esse processo funciona.","og_url":"https:\/\/www.sanlien.com.br\/blog\/descaracterizacao-de-materiais-qual-a-importancia-e-como-funciona\/","og_site_name":"San Lien","article_published_time":"2025-08-19T14:01:11+00:00","article_modified_time":"2025-08-19T14:03:58+00:00","og_image":[{"width":572,"height":421,"url":"https:\/\/www.sanlien.com.br\/blog\/wp-content\/uploads\/2025\/08\/Captura-de-Tela-2025-08-19-a\u0300s-10.53.27.png","type":"image\/png"}],"author":"admin","twitter_card":"summary_large_image","twitter_misc":{"Escrito por":"admin","Est. tempo de leitura":"5 minutos"},"schema":{"@context":"https:\/\/schema.org","@graph":[{"@type":"Article","@id":"https:\/\/www.sanlien.com.br\/blog\/descaracterizacao-de-materiais-qual-a-importancia-e-como-funciona\/#article","isPartOf":{"@id":"https:\/\/www.sanlien.com.br\/blog\/descaracterizacao-de-materiais-qual-a-importancia-e-como-funciona\/"},"author":{"name":"admin","@id":"https:\/\/www.sanlien.com.br\/blog\/#\/schema\/person\/85eb4a356aebbc1679ec5e4b8dac034a"},"headline":"Descaracteriza\u00e7\u00e3o de materiais: qual a import\u00e2ncia e como funciona?","datePublished":"2025-08-19T14:01:11+00:00","dateModified":"2025-08-19T14:03:58+00:00","mainEntityOfPage":{"@id":"https:\/\/www.sanlien.com.br\/blog\/descaracterizacao-de-materiais-qual-a-importancia-e-como-funciona\/"},"wordCount":956,"commentCount":0,"publisher":{"@id":"https:\/\/www.sanlien.com.br\/blog\/#organization"},"keywords":["como descartar produtos fora de linha","como funciona a descaracteriza\u00e7\u00e3o de res\u00edduos","descaracteriza\u00e7\u00e3o ajuda na sustentabilidade","descaracteriza\u00e7\u00e3o ambientalmente correta","descaracteriza\u00e7\u00e3o com certifica\u00e7\u00e3o","descaracteriza\u00e7\u00e3o de documentos","descaracteriza\u00e7\u00e3o de documentos sigilosos","descaracteriza\u00e7\u00e3o de eletr\u00f4nicos","descaracteriza\u00e7\u00e3o de eletr\u00f4nicos \u00e9 segura","descaracteriza\u00e7\u00e3o de equipamentos","descaracteriza\u00e7\u00e3o de materiais em s\u00e3o paulo","descaracteriza\u00e7\u00e3o de materiais em sp","descaracteriza\u00e7\u00e3o de materiais na Penha","descaracteriza\u00e7\u00e3o de materiais na Vila Maria","descaracteriza\u00e7\u00e3o de materiais na zona leste","descaracteriza\u00e7\u00e3o de materiais no Br\u00e1s","descaracteriza\u00e7\u00e3o de materiais no Carr\u00e3o","descaracteriza\u00e7\u00e3o de materiais no Tatuap\u00e9","descaracteriza\u00e7\u00e3o de materiais perto de mim","descaracteriza\u00e7\u00e3o de materiais pre\u00e7o","descaracteriza\u00e7\u00e3o de materiais protege a marca","descaracteriza\u00e7\u00e3o de materiais pr\u00f3ximo a mim","descaracteriza\u00e7\u00e3o de produtos defeituosos","Descaracteriza\u00e7\u00e3o de res\u00edduos","descaracteriza\u00e7\u00e3o deve ter certificado","descaracteriza\u00e7\u00e3o e compliance","descaracteriza\u00e7\u00e3o e descarte correto","descaracteriza\u00e7\u00e3o e economia circular","descaracteriza\u00e7\u00e3o e seguran\u00e7a de dados","descaracteriza\u00e7\u00e3o e sustentabilidade","descaracteriza\u00e7\u00e3o empresarial Brasil","descaracteriza\u00e7\u00e3o empresarial \u00e9 obrigat\u00f3ria","descaracteriza\u00e7\u00e3o para prote\u00e7\u00e3o da marca","descarte de res\u00edduos industriais","descarte seguro de documentos","gest\u00e3o de res\u00edduos empresariais","gest\u00e3o sustent\u00e1vel de res\u00edduos","o que \u00e9 descaracteriza\u00e7\u00e3o de materiais","prote\u00e7\u00e3o da marca descarte","qual a import\u00e2ncia da descaracteriza\u00e7\u00e3o de materiais","quem pode fazer descaracteriza\u00e7\u00e3o de res\u00edduos","reciclagem empresarial","seguran\u00e7a de dados descarte"],"articleSection":["Descaracteriza\u00e7\u00e3o de res\u00edduos"],"inLanguage":"pt-BR","potentialAction":[{"@type":"CommentAction","name":"Comment","target":["https:\/\/www.sanlien.com.br\/blog\/descaracterizacao-de-materiais-qual-a-importancia-e-como-funciona\/#respond"]}]},{"@type":"WebPage","@id":"https:\/\/www.sanlien.com.br\/blog\/descaracterizacao-de-materiais-qual-a-importancia-e-como-funciona\/","url":"https:\/\/www.sanlien.com.br\/blog\/descaracterizacao-de-materiais-qual-a-importancia-e-como-funciona\/","name":"Descaracteriza\u00e7\u00e3o de materiais: qual a import\u00e2ncia e como funciona? - San Lien","isPartOf":{"@id":"https:\/\/www.sanlien.com.br\/blog\/#website"},"datePublished":"2025-08-19T14:01:11+00:00","dateModified":"2025-08-19T14:03:58+00:00","description":"Entenda a import\u00e2ncia da descaracteriza\u00e7\u00e3o de materiais para seguran\u00e7a, prote\u00e7\u00e3o da marca e descarte correto, e como esse processo funciona.","breadcrumb":{"@id":"https:\/\/www.sanlien.com.br\/blog\/descaracterizacao-de-materiais-qual-a-importancia-e-como-funciona\/#breadcrumb"},"inLanguage":"pt-BR","potentialAction":[{"@type":"ReadAction","target":["https:\/\/www.sanlien.com.br\/blog\/descaracterizacao-de-materiais-qual-a-importancia-e-como-funciona\/"]}]},{"@type":"BreadcrumbList","@id":"https:\/\/www.sanlien.com.br\/blog\/descaracterizacao-de-materiais-qual-a-importancia-e-como-funciona\/#breadcrumb","itemListElement":[{"@type":"ListItem","position":1,"name":"In\u00edcio","item":"https:\/\/www.sanlien.com.br\/blog\/"},{"@type":"ListItem","position":2,"name":"Descaracteriza\u00e7\u00e3o de materiais: qual a import\u00e2ncia e como funciona?"}]},{"@type":"WebSite","@id":"https:\/\/www.sanlien.com.br\/blog\/#website","url":"https:\/\/www.sanlien.com.br\/blog\/","name":"San Lien","description":"Blog - San Lien","publisher":{"@id":"https:\/\/www.sanlien.com.br\/blog\/#organization"},"potentialAction":[{"@type":"SearchAction","target":{"@type":"EntryPoint","urlTemplate":"https:\/\/www.sanlien.com.br\/blog\/?s={search_term_string}"},"query-input":"required name=search_term_string"}],"inLanguage":"pt-BR"},{"@type":"Organization","@id":"https:\/\/www.sanlien.com.br\/blog\/#organization","name":"San Lien","url":"https:\/\/www.sanlien.com.br\/blog\/","logo":{"@type":"ImageObject","inLanguage":"pt-BR","@id":"https:\/\/www.sanlien.com.br\/blog\/#\/schema\/logo\/image\/","url":"https:\/\/www.sanlien.com.br\/blog\/wp-content\/uploads\/2023\/11\/logo.png","contentUrl":"https:\/\/www.sanlien.com.br\/blog\/wp-content\/uploads\/2023\/11\/logo.png","width":500,"height":300,"caption":"San Lien"},"image":{"@id":"https:\/\/www.sanlien.com.br\/blog\/#\/schema\/logo\/image\/"}},{"@type":"Person","@id":"https:\/\/www.sanlien.com.br\/blog\/#\/schema\/person\/85eb4a356aebbc1679ec5e4b8dac034a","name":"admin","image":{"@type":"ImageObject","inLanguage":"pt-BR","@id":"https:\/\/www.sanlien.com.br\/blog\/#\/schema\/person\/image\/","url":"https:\/\/secure.gravatar.com\/avatar\/bd8125b24775f217cdea35dcfa839469?s=96&d=mm&r=g","contentUrl":"https:\/\/secure.gravatar.com\/avatar\/bd8125b24775f217cdea35dcfa839469?s=96&d=mm&r=g","caption":"admin"},"sameAs":["https:\/\/sanlien.com.br\/blog"],"url":"https:\/\/www.sanlien.com.br\/blog\/author\/admin\/"}]}},"_links":{"self":[{"href":"https:\/\/www.sanlien.com.br\/blog\/wp-json\/wp\/v2\/posts\/398"}],"collection":[{"href":"https:\/\/www.sanlien.com.br\/blog\/wp-json\/wp\/v2\/posts"}],"about":[{"href":"https:\/\/www.sanlien.com.br\/blog\/wp-json\/wp\/v2\/types\/post"}],"author":[{"embeddable":true,"href":"https:\/\/www.sanlien.com.br\/blog\/wp-json\/wp\/v2\/users\/1"}],"replies":[{"embeddable":true,"href":"https:\/\/www.sanlien.com.br\/blog\/wp-json\/wp\/v2\/comments?post=398"}],"version-history":[{"count":1,"href":"https:\/\/www.sanlien.com.br\/blog\/wp-json\/wp\/v2\/posts\/398\/revisions"}],"predecessor-version":[{"id":401,"href":"https:\/\/www.sanlien.com.br\/blog\/wp-json\/wp\/v2\/posts\/398\/revisions\/401"}],"wp:featuredmedia":[{"embeddable":true,"href":"https:\/\/www.sanlien.com.br\/blog\/wp-json\/wp\/v2\/media\/399"}],"wp:attachment":[{"href":"https:\/\/www.sanlien.com.br\/blog\/wp-json\/wp\/v2\/media?parent=398"}],"wp:term":[{"taxonomy":"category","embeddable":true,"href":"https:\/\/www.sanlien.com.br\/blog\/wp-json\/wp\/v2\/categories?post=398"},{"taxonomy":"post_tag","embeddable":true,"href":"https:\/\/www.sanlien.com.br\/blog\/wp-json\/wp\/v2\/tags?post=398"}],"curies":[{"name":"wp","href":"https:\/\/api.w.org\/{rel}","templated":true}]}}