{"id":374,"date":"2026-04-06T20:22:15","date_gmt":"2026-04-06T20:22:15","guid":{"rendered":"https:\/\/www.sanlien.com.br\/blog\/?p=374"},"modified":"2026-04-06T20:22:16","modified_gmt":"2026-04-06T20:22:16","slug":"empresa-de-manufatura-reversa-conheca-a-san-lien","status":"publish","type":"post","link":"https:\/\/www.sanlien.com.br\/blog\/empresa-de-manufatura-reversa-conheca-a-san-lien\/","title":{"rendered":"Empresa de manufatura reversa: conhe\u00e7a a San Lien"},"content":{"rendered":"<span class=\"rt-reading-time\" style=\"display: block;\"><span class=\"rt-label rt-prefix\">Tempo de leitura: <\/span> <span class=\"rt-time\">4<\/span> <span class=\"rt-label rt-postfix\">minutos<\/span><\/span>\n<p class=\"has-medium-font-size\"><strong><em>Descubra como a San Lien, refer\u00eancia nacional em manufatura reversa, transforma res\u00edduos eletr\u00f4nicos em mat\u00e9ria-prima reutiliz\u00e1vel.<\/em><\/strong><\/p>\n\n\n\n<p>No cen\u00e1rio atual, em que o volume de lixo eletr\u00f4nico s\u00f3 cresce, empresas comprometidas com o meio ambiente s\u00e3o mais necess\u00e1rias do que nunca.&nbsp;<\/p>\n\n\n\n<p>E \u00e9 nesse contexto que a San Lien se destaca. H\u00e1 mais de 20 anos no mercado, a empresa \u00e9 refer\u00eancia nacional em <strong>manufatura reversa<\/strong>, processo que recupera mat\u00e9rias-primas a partir de res\u00edduos eletroeletr\u00f4nicos.<\/p>\n\n\n\n<p>O diferencial da San Lien est\u00e1 na forma como ela encara os res\u00edduos: n\u00e3o como fim de linha, mas como ponto de partida para novos ciclos produtivos. A empresa aposta em inova\u00e7\u00e3o tecnol\u00f3gica, gest\u00e3o consciente e compromisso ambiental para promover uma economia circular real e eficaz.<\/p>\n\n\n\n<p>Neste artigo, voc\u00ea vai entender por que a <strong>San Lien<\/strong> \u00e9 uma das l\u00edderes em sua \u00e1rea, como funciona seu processo de manufatura reversa e quais s\u00e3o os principais benef\u00edcios desse modelo para empresas, governos e o planeta.<\/p>\n\n\n\n<div id=\"ez-toc-container\" class=\"ez-toc-v2_0_62 counter-hierarchy ez-toc-counter ez-toc-grey ez-toc-container-direction\">\n<div class=\"ez-toc-title-container\">\n<p class=\"ez-toc-title \" >T&oacute;picos do artigo<\/p>\n<span class=\"ez-toc-title-toggle\"><a href=\"#\" class=\"ez-toc-pull-right ez-toc-btn ez-toc-btn-xs ez-toc-btn-default ez-toc-toggle\" aria-label=\"Toggle Table of Content\"><span class=\"ez-toc-js-icon-con\"><span class=\"\"><span class=\"eztoc-hide\" style=\"display:none;\">Toggle<\/span><span class=\"ez-toc-icon-toggle-span\"><svg style=\"fill: #999;color:#999\" xmlns=\"http:\/\/www.w3.org\/2000\/svg\" class=\"list-377408\" width=\"20px\" height=\"20px\" viewBox=\"0 0 24 24\" fill=\"none\"><path d=\"M6 6H4v2h2V6zm14 0H8v2h12V6zM4 11h2v2H4v-2zm16 0H8v2h12v-2zM4 16h2v2H4v-2zm16 0H8v2h12v-2z\" fill=\"currentColor\"><\/path><\/svg><svg style=\"fill: #999;color:#999\" class=\"arrow-unsorted-368013\" xmlns=\"http:\/\/www.w3.org\/2000\/svg\" width=\"10px\" height=\"10px\" viewBox=\"0 0 24 24\" version=\"1.2\" baseProfile=\"tiny\"><path d=\"M18.2 9.3l-6.2-6.3-6.2 6.3c-.2.2-.3.4-.3.7s.1.5.3.7c.2.2.4.3.7.3h11c.3 0 .5-.1.7-.3.2-.2.3-.5.3-.7s-.1-.5-.3-.7zM5.8 14.7l6.2 6.3 6.2-6.3c.2-.2.3-.5.3-.7s-.1-.5-.3-.7c-.2-.2-.4-.3-.7-.3h-11c-.3 0-.5.1-.7.3-.2.2-.3.5-.3.7s.1.5.3.7z\"\/><\/svg><\/span><\/span><\/span><\/a><\/span><\/div>\n<nav><ul class='ez-toc-list ez-toc-list-level-1 ' ><li class='ez-toc-page-1 ez-toc-heading-level-2'><a class=\"ez-toc-link ez-toc-heading-1\" href=\"https:\/\/www.sanlien.com.br\/blog\/empresa-de-manufatura-reversa-conheca-a-san-lien\/#O_que_e_a_manufatura_reversa_e_como_ela_funciona\" title=\"O que \u00e9 a manufatura reversa e como ela funciona?\">O que \u00e9 a manufatura reversa e como ela funciona?<\/a><\/li><li class='ez-toc-page-1 ez-toc-heading-level-2'><a class=\"ez-toc-link ez-toc-heading-2\" href=\"https:\/\/www.sanlien.com.br\/blog\/empresa-de-manufatura-reversa-conheca-a-san-lien\/#Diferenciais_da_San_Lien_que_fazem_a_diferenca\" title=\"Diferenciais da San Lien que fazem a diferen\u00e7a\">Diferenciais da San Lien que fazem a diferen\u00e7a<\/a><\/li><li class='ez-toc-page-1 ez-toc-heading-level-2'><a class=\"ez-toc-link ez-toc-heading-3\" href=\"https:\/\/www.sanlien.com.br\/blog\/empresa-de-manufatura-reversa-conheca-a-san-lien\/#O_impacto_ambiental_da_manufatura_reversa\" title=\"O impacto ambiental da manufatura reversa\">O impacto ambiental da manufatura reversa<\/a><\/li><li class='ez-toc-page-1 ez-toc-heading-level-2'><a class=\"ez-toc-link ez-toc-heading-4\" href=\"https:\/\/www.sanlien.com.br\/blog\/empresa-de-manufatura-reversa-conheca-a-san-lien\/#Processos_realizados_pela_San_Lien\" title=\"Processos realizados pela San Lien\">Processos realizados pela San Lien<\/a><\/li><li class='ez-toc-page-1 ez-toc-heading-level-2'><a class=\"ez-toc-link ez-toc-heading-5\" href=\"https:\/\/www.sanlien.com.br\/blog\/empresa-de-manufatura-reversa-conheca-a-san-lien\/#San_Lien_e_a_responsabilidade_corporativa\" title=\"San Lien e a responsabilidade corporativa\">San Lien e a responsabilidade corporativa<\/a><\/li><li class='ez-toc-page-1 ez-toc-heading-level-2'><a class=\"ez-toc-link ez-toc-heading-6\" href=\"https:\/\/www.sanlien.com.br\/blog\/empresa-de-manufatura-reversa-conheca-a-san-lien\/#Setores_atendidos_e_solucoes_oferecidas\" title=\"Setores atendidos e solu\u00e7\u00f5es oferecidas\">Setores atendidos e solu\u00e7\u00f5es oferecidas<\/a><\/li><li class='ez-toc-page-1 ez-toc-heading-level-2'><a class=\"ez-toc-link ez-toc-heading-7\" href=\"https:\/\/www.sanlien.com.br\/blog\/empresa-de-manufatura-reversa-conheca-a-san-lien\/#Por_que_escolher_a_San_Lien_como_parceira_ambiental\" title=\"Por que escolher a San Lien como parceira ambiental?\">Por que escolher a San Lien como parceira ambiental?<\/a><\/li><\/ul><\/nav><\/div>\n<h2 class=\"wp-block-heading\"><span class=\"ez-toc-section\" id=\"O_que_e_a_manufatura_reversa_e_como_ela_funciona\"><\/span><strong>O que \u00e9 a manufatura reversa e como ela funciona?<\/strong><span class=\"ez-toc-section-end\"><\/span><\/h2>\n\n\n\n<p>A manufatura reversa consiste em um processo inteligente e tecnol\u00f3gico que permite o <strong>reaproveitamento de componentes, pe\u00e7as e materiais de produtos que seriam descartados.<\/strong>&nbsp;<\/p>\n\n\n\n<p>Ao inv\u00e9s de apenas reciclar, a manufatura reversa se baseia em <strong>desmontar estrategicamente<\/strong> os res\u00edduos para recuperar o m\u00e1ximo poss\u00edvel de insumos.<\/p>\n\n\n\n<p>A San Lien executa esse processo de forma meticulosa. Todo res\u00edduo eletr\u00f4nico ou industrial \u00e9 cuidadosamente desmontado. Em vez de triturar tudo e esperar que algo \u00fatil sobre, os profissionais analisam e separam cada componente.&nbsp;<\/p>\n\n\n\n<p>Isso permite maior aproveitamento de mat\u00e9rias-primas valiosas e reduz significativamente o impacto ambiental.<\/p>\n\n\n\n<p>A filosofia da empresa \u00e9 clara: <strong>desconstruir para reconstruir<\/strong>. Cada item desmontado pode ser reintegrado a uma cadeia produtiva com menor custo e menor impacto ambiental do que a extra\u00e7\u00e3o de novos recursos.<\/p>\n\n\n\n<ul>\n<li><a href=\"https:\/\/www.sanlien.com.br\/blog\/qual-a-importancia-dos-laudos-tecnicos-ambientais\/\">Qual a import\u00e2ncia dos laudos t\u00e9cnicos ambientais?<\/a><\/li>\n<\/ul>\n\n\n\n<h2 class=\"wp-block-heading\"><span class=\"ez-toc-section\" id=\"Diferenciais_da_San_Lien_que_fazem_a_diferenca\"><\/span><strong>Diferenciais da San Lien que fazem a diferen\u00e7a<\/strong><span class=\"ez-toc-section-end\"><\/span><\/h2>\n\n\n\n<p>Ao escolher a San Lien como parceira, empresas e institui\u00e7\u00f5es p\u00fablicas t\u00eam acesso a uma s\u00e9rie de vantagens:<\/p>\n\n\n\n<ul>\n<li><strong>Experi\u00eancia comprovada:<\/strong> mais de duas d\u00e9cadas de atua\u00e7\u00e3o no setor;<br><br><\/li>\n\n\n\n<li><strong>Equipe altamente qualificada:<\/strong> profissionais treinados, especializados e atualizados nas melhores pr\u00e1ticas ambientais;<br><br><\/li>\n\n\n\n<li><strong>Infraestrutura tecnol\u00f3gica:<\/strong> instala\u00e7\u00f5es modernas que permitem a desmontagem segura e eficaz de res\u00edduos;<br><br><\/li>\n\n\n\n<li><strong>Compromisso legal e ambiental:<\/strong> conformidade com todas as exig\u00eancias da Pol\u00edtica Nacional de Res\u00edduos S\u00f3lidos;<br><br><\/li>\n\n\n\n<li><strong>Atendimento personalizado:<\/strong> solu\u00e7\u00f5es espec\u00edficas para diferentes segmentos e demandas.<br><\/li>\n<\/ul>\n\n\n\n<p>Esses diferenciais posicionam a San Lien como uma das principais refer\u00eancias em <strong>manufatura reversa no Brasil<\/strong>, especialmente nos segmentos de inform\u00e1tica, eletroeletr\u00f4nicos, catalisadores e ligas especiais.<\/p>\n\n\n\n<ul>\n<li><a href=\"https:\/\/www.sanlien.com.br\/blog\/reciclagem-de-material-eletronico-descubra-sua-importancia\/\">Reciclagem de material eletr\u00f4nico: descubra sua import\u00e2ncia<\/a><\/li>\n<\/ul>\n\n\n\n<h2 class=\"wp-block-heading\"><span class=\"ez-toc-section\" id=\"O_impacto_ambiental_da_manufatura_reversa\"><\/span><strong>O impacto ambiental da manufatura reversa<\/strong><span class=\"ez-toc-section-end\"><\/span><\/h2>\n\n\n\n<p>A manufatura reversa vai al\u00e9m do reaproveitamento de materiais. Trata-se de uma estrat\u00e9gia robusta para <strong>reduzir a extra\u00e7\u00e3o de recursos naturais<\/strong>, minimizar o descarte inadequado e <strong>diminuir a pegada de carbono das empresas<\/strong>.<\/p>\n\n\n<div class=\"wp-block-image\">\n<figure class=\"alignright size-full is-resized\"><img decoding=\"async\" loading=\"lazy\" width=\"600\" height=\"400\" src=\"https:\/\/www.sanlien.com.br\/blog\/wp-content\/uploads\/2025\/06\/manufatura-reversa.jpeg\" alt=\"\" class=\"wp-image-376\" style=\"aspect-ratio:1.5;width:276px;height:auto\"\/><\/figure><\/div>\n\n\n<p>Com esse modelo, materiais como ouro, prata, cobre e metais de ligas especiais s\u00e3o recuperados e reinseridos na ind\u00fastria, evitando que sejam extra\u00eddos novamente da natureza. Isso n\u00e3o apenas conserva o meio ambiente, mas tamb\u00e9m gera economia de energia e de custos produtivos.<\/p>\n\n\n\n<p>Ao adotar pr\u00e1ticas como essa, a San Lien contribui diretamente para a <strong>economia circular<\/strong>, conceito que visa manter produtos, componentes e materiais em uso pelo maior tempo poss\u00edvel.<\/p>\n\n\n\n<ul>\n<li><a href=\"https:\/\/www.sanlien.com.br\/blog\/por-que-a-gestao-integrada-de-residuos-solidos-sera-um-diferencial-competitivo\/\">Por que a gest\u00e3o integrada de res\u00edduos s\u00f3lidos ser\u00e1 um diferencial competitivo<\/a><\/li>\n<\/ul>\n\n\n\n<h2 class=\"wp-block-heading\"><span class=\"ez-toc-section\" id=\"Processos_realizados_pela_San_Lien\"><\/span><strong>Processos realizados pela San Lien<\/strong><span class=\"ez-toc-section-end\"><\/span><\/h2>\n\n\n\n<p>A empresa oferece um processo completo, dividido em etapas estrat\u00e9gicas:<\/p>\n\n\n\n<ol>\n<li><strong>Recebimento e triagem<\/strong> dos res\u00edduos;<br><br><\/li>\n\n\n\n<li><strong>Desmontagem t\u00e9cnica<\/strong> dos equipamentos eletroeletr\u00f4nicos;<br><br><\/li>\n\n\n\n<li><strong>Separa\u00e7\u00e3o dos componentes<\/strong> com potencial de reaproveitamento;<br><br><\/li>\n\n\n\n<li><strong>Tratamento espec\u00edfico<\/strong> de res\u00edduos perigosos ou contaminantes;<br><br><\/li>\n\n\n\n<li><strong>Encaminhamento dos materiais recicl\u00e1veis<\/strong> para reinser\u00e7\u00e3o industrial.<br><\/li>\n<\/ol>\n\n\n\n<p>Cada etapa \u00e9 realizada com m\u00e1ximo rigor t\u00e9cnico e aten\u00e7\u00e3o \u00e0 legisla\u00e7\u00e3o ambiental, garantindo seguran\u00e7a e rastreabilidade total do processo.<\/p>\n\n\n\n<h2 class=\"wp-block-heading\"><span class=\"ez-toc-section\" id=\"San_Lien_e_a_responsabilidade_corporativa\"><\/span><strong>San Lien e a responsabilidade corporativa<\/strong><span class=\"ez-toc-section-end\"><\/span><\/h2>\n\n\n\n<p>Empresas que se preocupam com sua imagem institucional e sua responsabilidade socioambiental encontram na San Lien uma aliada estrat\u00e9gica.&nbsp;<\/p>\n\n\n\n<p>Al\u00e9m de executar a destina\u00e7\u00e3o correta dos res\u00edduos, a empresa fornece <strong>certificados ambientais e relat\u00f3rios completos<\/strong>, fundamentais para comprovar conformidade junto a \u00f3rg\u00e3os reguladores e clientes.<\/p>\n\n\n\n<p>Essa postura proativa \u00e9 especialmente importante para organiza\u00e7\u00f5es que participam de licita\u00e7\u00f5es p\u00fablicas, atuam em setores regulados ou desejam conquistar selos de sustentabilidade e responsabilidade ambiental.<\/p>\n\n\n\n<ul>\n<li><a href=\"https:\/\/www.sanlien.com.br\/blog\/coleta-seletiva-para-que-serve-e-como-ela-impulsiona-a-logistica-reversa\/\">Coleta seletiva: para que serve e como ela impulsiona a log\u00edstica reversa<\/a><\/li>\n<\/ul>\n\n\n\n<h2 class=\"wp-block-heading\"><span class=\"ez-toc-section\" id=\"Setores_atendidos_e_solucoes_oferecidas\"><\/span><strong>Setores atendidos e solu\u00e7\u00f5es oferecidas<\/strong><span class=\"ez-toc-section-end\"><\/span><\/h2>\n\n\n\n<p>A atua\u00e7\u00e3o da San Lien \u00e9 ampla e flex\u00edvel, adaptando-se \u00e0s demandas de diversos segmentos. Entre os setores mais atendidos, destacam-se:<\/p>\n\n\n\n<ul>\n<li>Ind\u00fastrias de tecnologia e inform\u00e1tica;<br><\/li>\n\n\n\n<li>Setor automotivo e qu\u00edmico;<br><\/li>\n\n\n\n<li>Empresas de telecomunica\u00e7\u00f5es;<br><\/li>\n\n\n\n<li>\u00d3rg\u00e3os p\u00fablicos e institui\u00e7\u00f5es governamentais;<br><\/li>\n\n\n\n<li>Centros de coleta seletiva e cooperativas.<br><\/li>\n<\/ul>\n\n\n\n<p>Al\u00e9m da destina\u00e7\u00e3o de res\u00edduos, a empresa tamb\u00e9m oferece consultorias em gest\u00e3o ambiental, suporte t\u00e9cnico e treinamentos para equipes parceiras.<\/p>\n\n\n\n<ul>\n<li><a href=\"https:\/\/www.sanlien.com.br\/blog\/logistica-reversa-no-brasil-o-que-e-e-qual-a-importancia-desse-servico\/\">Log\u00edstica reversa no Brasil: o que \u00e9 e qual a import\u00e2ncia desse servi\u00e7o?<\/a><\/li>\n<\/ul>\n\n\n\n<h2 class=\"wp-block-heading\"><span class=\"ez-toc-section\" id=\"Por_que_escolher_a_San_Lien_como_parceira_ambiental\"><\/span><strong>Por que escolher a San Lien como parceira ambiental?<\/strong><span class=\"ez-toc-section-end\"><\/span><\/h2>\n\n\n\n<p>Optar pela San Lien significa mais do que cumprir uma exig\u00eancia legal. Significa alinhar sua marca com valores de <strong>inova\u00e7\u00e3o, consci\u00eancia ambiental e responsabilidade corporativa<\/strong>.&nbsp;<\/p>\n\n\n\n<p>A empresa combina experi\u00eancia, tecnologia e compromisso para entregar solu\u00e7\u00f5es de alta qualidade, personalizadas e realmente eficazes.<\/p>\n\n\n\n<p>Para qualquer empresa que busca reduzir impactos, melhorar sua performance ambiental e se destacar no mercado, a San Lien \u00e9 uma escolha estrat\u00e9gica e segura.<\/p>\n\n\n\n<p><strong>Quer transformar seus res\u00edduos em oportunidades? <a href=\"https:\/\/www.sanlien.com.br\/contato\">Entre em contato<\/a> com a San Lien e conhe\u00e7a nossas solu\u00e7\u00f5es em manufatura reversa.<\/strong><\/p>\n","protected":false},"excerpt":{"rendered":"<p><span class=\"rt-reading-time\" style=\"display: block;\"><span class=\"rt-label rt-prefix\">Tempo de leitura: <\/span> <span class=\"rt-time\">4<\/span> <span class=\"rt-label rt-postfix\">minutos<\/span><\/span> Descubra como a San Lien, refer\u00eancia nacional em manufatura reversa, transforma res\u00edduos eletr\u00f4nicos em mat\u00e9ria-prima reutiliz\u00e1vel. No cen\u00e1rio atual, em que o volume de lixo eletr\u00f4nico s\u00f3 cresce, empresas comprometidas com o meio ambiente s\u00e3o mais necess\u00e1rias do que nunca.&nbsp; E \u00e9 nesse contexto que a San Lien se destaca. H\u00e1 mais de 20 anos &hellip; <\/p>\n","protected":false},"author":1,"featured_media":375,"comment_status":"open","ping_status":"open","sticky":false,"template":"","format":"standard","meta":{"footnotes":""},"categories":[127],"tags":[1832,1829,1830,1837,1826,1838,130,1840,1839,1842,1848,1846,1841,1847,1845,1843,1844,1834,1833,1251,1827,1828,1526,1831,1701,269,1836,1174,1835],"yoast_head":"<!-- This site is optimized with the Yoast SEO plugin v21.5 - https:\/\/yoast.com\/wordpress\/plugins\/seo\/ -->\n<title>Empresa de manufatura reversa: conhe\u00e7a a San Lien - San Lien<\/title>\n<meta name=\"description\" content=\"Descubra como a San Lien, refer\u00eancia nacional em manufatura reversa, transforma res\u00edduos eletr\u00f4nicos em mat\u00e9ria-prima reutiliz\u00e1vel.\" \/>\n<meta name=\"robots\" content=\"index, follow, max-snippet:-1, max-image-preview:large, max-video-preview:-1\" \/>\n<link rel=\"canonical\" href=\"https:\/\/www.sanlien.com.br\/blog\/empresa-de-manufatura-reversa-conheca-a-san-lien\/\" \/>\n<meta property=\"og:locale\" content=\"pt_BR\" \/>\n<meta property=\"og:type\" content=\"article\" \/>\n<meta property=\"og:title\" content=\"Empresa de manufatura reversa: conhe\u00e7a a San Lien - San Lien\" \/>\n<meta property=\"og:description\" content=\"Descubra como a San Lien, refer\u00eancia nacional em manufatura reversa, transforma res\u00edduos eletr\u00f4nicos em mat\u00e9ria-prima reutiliz\u00e1vel.\" \/>\n<meta property=\"og:url\" content=\"https:\/\/www.sanlien.com.br\/blog\/empresa-de-manufatura-reversa-conheca-a-san-lien\/\" \/>\n<meta property=\"og:site_name\" content=\"San Lien\" \/>\n<meta property=\"article:published_time\" content=\"2026-04-06T20:22:15+00:00\" \/>\n<meta property=\"article:modified_time\" content=\"2026-04-06T20:22:16+00:00\" \/>\n<meta property=\"og:image\" content=\"https:\/\/www.sanlien.com.br\/blog\/wp-content\/uploads\/2025\/06\/Captura-de-Tela-2025-06-25-a\u0300s-11.13.18.png\" \/>\n\t<meta property=\"og:image:width\" content=\"632\" \/>\n\t<meta property=\"og:image:height\" content=\"416\" \/>\n\t<meta property=\"og:image:type\" content=\"image\/png\" \/>\n<meta name=\"author\" content=\"admin\" \/>\n<meta name=\"twitter:card\" content=\"summary_large_image\" \/>\n<meta name=\"twitter:label1\" content=\"Escrito por\" \/>\n\t<meta name=\"twitter:data1\" content=\"admin\" \/>\n\t<meta name=\"twitter:label2\" content=\"Est. tempo de leitura\" \/>\n\t<meta name=\"twitter:data2\" content=\"6 minutos\" \/>\n<script type=\"application\/ld+json\" class=\"yoast-schema-graph\">{\"@context\":\"https:\/\/schema.org\",\"@graph\":[{\"@type\":\"Article\",\"@id\":\"https:\/\/www.sanlien.com.br\/blog\/empresa-de-manufatura-reversa-conheca-a-san-lien\/#article\",\"isPartOf\":{\"@id\":\"https:\/\/www.sanlien.com.br\/blog\/empresa-de-manufatura-reversa-conheca-a-san-lien\/\"},\"author\":{\"name\":\"admin\",\"@id\":\"https:\/\/www.sanlien.com.br\/blog\/#\/schema\/person\/85eb4a356aebbc1679ec5e4b8dac034a\"},\"headline\":\"Empresa de manufatura reversa: conhe\u00e7a a San Lien\",\"datePublished\":\"2026-04-06T20:22:15+00:00\",\"dateModified\":\"2026-04-06T20:22:16+00:00\",\"mainEntityOfPage\":{\"@id\":\"https:\/\/www.sanlien.com.br\/blog\/empresa-de-manufatura-reversa-conheca-a-san-lien\/\"},\"wordCount\":997,\"commentCount\":0,\"publisher\":{\"@id\":\"https:\/\/www.sanlien.com.br\/blog\/#organization\"},\"keywords\":[\"descarte ambiental de inform\u00e1tica\",\"desmontagem de equipamentos eletr\u00f4nicos\",\"destina\u00e7\u00e3o correta de lixo eletr\u00f4nico\",\"destina\u00e7\u00e3o ecol\u00f3gica de res\u00edduos\",\"economia circular Brasil\",\"empresa de desmontagem t\u00e9cnica\",\"empresa de Manufatura reversa\",\"empresa de manufatura reversa em s\u00e3o paulo\",\"empresa de manufatura reversa em sp\",\"empresa de manufatura reversa na Penha\",\"empresa de manufatura reversa na Vila Maria\",\"empresa de manufatura reversa na zona leste\",\"empresa de manufatura reversa no Br\u00e1s\",\"empresa de manufatura reversa no Carr\u00e3o\",\"empresa de manufatura reversa no Tatuap\u00e9\",\"empresa de manufatura reversa perto de mim\",\"empresa de manufatura reversa pr\u00f3ximo a mim\",\"empresa sustent\u00e1vel SP\",\"gest\u00e3o ambiental empresarial\",\"Gest\u00e3o de res\u00edduos tecnol\u00f3gicos\",\"reaproveitamento de componentes eletr\u00f4nicos\",\"reciclagem de catalisadores industriais\",\"Reciclagem de eletroeletr\u00f4nicos\",\"recupera\u00e7\u00e3o de metais nobres\",\"Res\u00edduos eletroeletr\u00f4nicos\",\"San Lien reciclagem\",\"solu\u00e7\u00f5es para res\u00edduos industriais\",\"sustentabilidade industrial\",\"tratamento de ligas especiais\"],\"articleSection\":[\"Manufatura Reversa\"],\"inLanguage\":\"pt-BR\",\"potentialAction\":[{\"@type\":\"CommentAction\",\"name\":\"Comment\",\"target\":[\"https:\/\/www.sanlien.com.br\/blog\/empresa-de-manufatura-reversa-conheca-a-san-lien\/#respond\"]}]},{\"@type\":\"WebPage\",\"@id\":\"https:\/\/www.sanlien.com.br\/blog\/empresa-de-manufatura-reversa-conheca-a-san-lien\/\",\"url\":\"https:\/\/www.sanlien.com.br\/blog\/empresa-de-manufatura-reversa-conheca-a-san-lien\/\",\"name\":\"Empresa de manufatura reversa: conhe\u00e7a a San Lien - San Lien\",\"isPartOf\":{\"@id\":\"https:\/\/www.sanlien.com.br\/blog\/#website\"},\"datePublished\":\"2026-04-06T20:22:15+00:00\",\"dateModified\":\"2026-04-06T20:22:16+00:00\",\"description\":\"Descubra como a San Lien, refer\u00eancia nacional em manufatura reversa, transforma res\u00edduos eletr\u00f4nicos em mat\u00e9ria-prima reutiliz\u00e1vel.\",\"breadcrumb\":{\"@id\":\"https:\/\/www.sanlien.com.br\/blog\/empresa-de-manufatura-reversa-conheca-a-san-lien\/#breadcrumb\"},\"inLanguage\":\"pt-BR\",\"potentialAction\":[{\"@type\":\"ReadAction\",\"target\":[\"https:\/\/www.sanlien.com.br\/blog\/empresa-de-manufatura-reversa-conheca-a-san-lien\/\"]}]},{\"@type\":\"BreadcrumbList\",\"@id\":\"https:\/\/www.sanlien.com.br\/blog\/empresa-de-manufatura-reversa-conheca-a-san-lien\/#breadcrumb\",\"itemListElement\":[{\"@type\":\"ListItem\",\"position\":1,\"name\":\"In\u00edcio\",\"item\":\"https:\/\/www.sanlien.com.br\/blog\/\"},{\"@type\":\"ListItem\",\"position\":2,\"name\":\"Empresa de manufatura reversa: conhe\u00e7a a San Lien\"}]},{\"@type\":\"WebSite\",\"@id\":\"https:\/\/www.sanlien.com.br\/blog\/#website\",\"url\":\"https:\/\/www.sanlien.com.br\/blog\/\",\"name\":\"San Lien\",\"description\":\"Blog - San Lien\",\"publisher\":{\"@id\":\"https:\/\/www.sanlien.com.br\/blog\/#organization\"},\"potentialAction\":[{\"@type\":\"SearchAction\",\"target\":{\"@type\":\"EntryPoint\",\"urlTemplate\":\"https:\/\/www.sanlien.com.br\/blog\/?s={search_term_string}\"},\"query-input\":\"required name=search_term_string\"}],\"inLanguage\":\"pt-BR\"},{\"@type\":\"Organization\",\"@id\":\"https:\/\/www.sanlien.com.br\/blog\/#organization\",\"name\":\"San Lien\",\"url\":\"https:\/\/www.sanlien.com.br\/blog\/\",\"logo\":{\"@type\":\"ImageObject\",\"inLanguage\":\"pt-BR\",\"@id\":\"https:\/\/www.sanlien.com.br\/blog\/#\/schema\/logo\/image\/\",\"url\":\"https:\/\/www.sanlien.com.br\/blog\/wp-content\/uploads\/2023\/11\/logo.png\",\"contentUrl\":\"https:\/\/www.sanlien.com.br\/blog\/wp-content\/uploads\/2023\/11\/logo.png\",\"width\":500,\"height\":300,\"caption\":\"San Lien\"},\"image\":{\"@id\":\"https:\/\/www.sanlien.com.br\/blog\/#\/schema\/logo\/image\/\"}},{\"@type\":\"Person\",\"@id\":\"https:\/\/www.sanlien.com.br\/blog\/#\/schema\/person\/85eb4a356aebbc1679ec5e4b8dac034a\",\"name\":\"admin\",\"image\":{\"@type\":\"ImageObject\",\"inLanguage\":\"pt-BR\",\"@id\":\"https:\/\/www.sanlien.com.br\/blog\/#\/schema\/person\/image\/\",\"url\":\"https:\/\/secure.gravatar.com\/avatar\/bd8125b24775f217cdea35dcfa839469?s=96&d=mm&r=g\",\"contentUrl\":\"https:\/\/secure.gravatar.com\/avatar\/bd8125b24775f217cdea35dcfa839469?s=96&d=mm&r=g\",\"caption\":\"admin\"},\"sameAs\":[\"https:\/\/sanlien.com.br\/blog\"],\"url\":\"https:\/\/www.sanlien.com.br\/blog\/author\/admin\/\"}]}<\/script>\n<!-- \/ Yoast SEO plugin. -->","yoast_head_json":{"title":"Empresa de manufatura reversa: conhe\u00e7a a San Lien - San Lien","description":"Descubra como a San Lien, refer\u00eancia nacional em manufatura reversa, transforma res\u00edduos eletr\u00f4nicos em mat\u00e9ria-prima reutiliz\u00e1vel.","robots":{"index":"index","follow":"follow","max-snippet":"max-snippet:-1","max-image-preview":"max-image-preview:large","max-video-preview":"max-video-preview:-1"},"canonical":"https:\/\/www.sanlien.com.br\/blog\/empresa-de-manufatura-reversa-conheca-a-san-lien\/","og_locale":"pt_BR","og_type":"article","og_title":"Empresa de manufatura reversa: conhe\u00e7a a San Lien - San Lien","og_description":"Descubra como a San Lien, refer\u00eancia nacional em manufatura reversa, transforma res\u00edduos eletr\u00f4nicos em mat\u00e9ria-prima reutiliz\u00e1vel.","og_url":"https:\/\/www.sanlien.com.br\/blog\/empresa-de-manufatura-reversa-conheca-a-san-lien\/","og_site_name":"San Lien","article_published_time":"2026-04-06T20:22:15+00:00","article_modified_time":"2026-04-06T20:22:16+00:00","og_image":[{"width":632,"height":416,"url":"https:\/\/www.sanlien.com.br\/blog\/wp-content\/uploads\/2025\/06\/Captura-de-Tela-2025-06-25-a\u0300s-11.13.18.png","type":"image\/png"}],"author":"admin","twitter_card":"summary_large_image","twitter_misc":{"Escrito por":"admin","Est. tempo de leitura":"6 minutos"},"schema":{"@context":"https:\/\/schema.org","@graph":[{"@type":"Article","@id":"https:\/\/www.sanlien.com.br\/blog\/empresa-de-manufatura-reversa-conheca-a-san-lien\/#article","isPartOf":{"@id":"https:\/\/www.sanlien.com.br\/blog\/empresa-de-manufatura-reversa-conheca-a-san-lien\/"},"author":{"name":"admin","@id":"https:\/\/www.sanlien.com.br\/blog\/#\/schema\/person\/85eb4a356aebbc1679ec5e4b8dac034a"},"headline":"Empresa de manufatura reversa: conhe\u00e7a a San Lien","datePublished":"2026-04-06T20:22:15+00:00","dateModified":"2026-04-06T20:22:16+00:00","mainEntityOfPage":{"@id":"https:\/\/www.sanlien.com.br\/blog\/empresa-de-manufatura-reversa-conheca-a-san-lien\/"},"wordCount":997,"commentCount":0,"publisher":{"@id":"https:\/\/www.sanlien.com.br\/blog\/#organization"},"keywords":["descarte ambiental de inform\u00e1tica","desmontagem de equipamentos eletr\u00f4nicos","destina\u00e7\u00e3o correta de lixo eletr\u00f4nico","destina\u00e7\u00e3o ecol\u00f3gica de res\u00edduos","economia circular Brasil","empresa de desmontagem t\u00e9cnica","empresa de Manufatura reversa","empresa de manufatura reversa em s\u00e3o paulo","empresa de manufatura reversa em sp","empresa de manufatura reversa na Penha","empresa de manufatura reversa na Vila Maria","empresa de manufatura reversa na zona leste","empresa de manufatura reversa no Br\u00e1s","empresa de manufatura reversa no Carr\u00e3o","empresa de manufatura reversa no Tatuap\u00e9","empresa de manufatura reversa perto de mim","empresa de manufatura reversa pr\u00f3ximo a mim","empresa sustent\u00e1vel SP","gest\u00e3o ambiental empresarial","Gest\u00e3o de res\u00edduos tecnol\u00f3gicos","reaproveitamento de componentes eletr\u00f4nicos","reciclagem de catalisadores industriais","Reciclagem de eletroeletr\u00f4nicos","recupera\u00e7\u00e3o de metais nobres","Res\u00edduos eletroeletr\u00f4nicos","San Lien reciclagem","solu\u00e7\u00f5es para res\u00edduos industriais","sustentabilidade industrial","tratamento de ligas especiais"],"articleSection":["Manufatura Reversa"],"inLanguage":"pt-BR","potentialAction":[{"@type":"CommentAction","name":"Comment","target":["https:\/\/www.sanlien.com.br\/blog\/empresa-de-manufatura-reversa-conheca-a-san-lien\/#respond"]}]},{"@type":"WebPage","@id":"https:\/\/www.sanlien.com.br\/blog\/empresa-de-manufatura-reversa-conheca-a-san-lien\/","url":"https:\/\/www.sanlien.com.br\/blog\/empresa-de-manufatura-reversa-conheca-a-san-lien\/","name":"Empresa de manufatura reversa: conhe\u00e7a a San Lien - San Lien","isPartOf":{"@id":"https:\/\/www.sanlien.com.br\/blog\/#website"},"datePublished":"2026-04-06T20:22:15+00:00","dateModified":"2026-04-06T20:22:16+00:00","description":"Descubra como a San Lien, refer\u00eancia nacional em manufatura reversa, transforma res\u00edduos eletr\u00f4nicos em mat\u00e9ria-prima reutiliz\u00e1vel.","breadcrumb":{"@id":"https:\/\/www.sanlien.com.br\/blog\/empresa-de-manufatura-reversa-conheca-a-san-lien\/#breadcrumb"},"inLanguage":"pt-BR","potentialAction":[{"@type":"ReadAction","target":["https:\/\/www.sanlien.com.br\/blog\/empresa-de-manufatura-reversa-conheca-a-san-lien\/"]}]},{"@type":"BreadcrumbList","@id":"https:\/\/www.sanlien.com.br\/blog\/empresa-de-manufatura-reversa-conheca-a-san-lien\/#breadcrumb","itemListElement":[{"@type":"ListItem","position":1,"name":"In\u00edcio","item":"https:\/\/www.sanlien.com.br\/blog\/"},{"@type":"ListItem","position":2,"name":"Empresa de manufatura reversa: conhe\u00e7a a San Lien"}]},{"@type":"WebSite","@id":"https:\/\/www.sanlien.com.br\/blog\/#website","url":"https:\/\/www.sanlien.com.br\/blog\/","name":"San Lien","description":"Blog - San Lien","publisher":{"@id":"https:\/\/www.sanlien.com.br\/blog\/#organization"},"potentialAction":[{"@type":"SearchAction","target":{"@type":"EntryPoint","urlTemplate":"https:\/\/www.sanlien.com.br\/blog\/?s={search_term_string}"},"query-input":"required name=search_term_string"}],"inLanguage":"pt-BR"},{"@type":"Organization","@id":"https:\/\/www.sanlien.com.br\/blog\/#organization","name":"San Lien","url":"https:\/\/www.sanlien.com.br\/blog\/","logo":{"@type":"ImageObject","inLanguage":"pt-BR","@id":"https:\/\/www.sanlien.com.br\/blog\/#\/schema\/logo\/image\/","url":"https:\/\/www.sanlien.com.br\/blog\/wp-content\/uploads\/2023\/11\/logo.png","contentUrl":"https:\/\/www.sanlien.com.br\/blog\/wp-content\/uploads\/2023\/11\/logo.png","width":500,"height":300,"caption":"San Lien"},"image":{"@id":"https:\/\/www.sanlien.com.br\/blog\/#\/schema\/logo\/image\/"}},{"@type":"Person","@id":"https:\/\/www.sanlien.com.br\/blog\/#\/schema\/person\/85eb4a356aebbc1679ec5e4b8dac034a","name":"admin","image":{"@type":"ImageObject","inLanguage":"pt-BR","@id":"https:\/\/www.sanlien.com.br\/blog\/#\/schema\/person\/image\/","url":"https:\/\/secure.gravatar.com\/avatar\/bd8125b24775f217cdea35dcfa839469?s=96&d=mm&r=g","contentUrl":"https:\/\/secure.gravatar.com\/avatar\/bd8125b24775f217cdea35dcfa839469?s=96&d=mm&r=g","caption":"admin"},"sameAs":["https:\/\/sanlien.com.br\/blog"],"url":"https:\/\/www.sanlien.com.br\/blog\/author\/admin\/"}]}},"_links":{"self":[{"href":"https:\/\/www.sanlien.com.br\/blog\/wp-json\/wp\/v2\/posts\/374"}],"collection":[{"href":"https:\/\/www.sanlien.com.br\/blog\/wp-json\/wp\/v2\/posts"}],"about":[{"href":"https:\/\/www.sanlien.com.br\/blog\/wp-json\/wp\/v2\/types\/post"}],"author":[{"embeddable":true,"href":"https:\/\/www.sanlien.com.br\/blog\/wp-json\/wp\/v2\/users\/1"}],"replies":[{"embeddable":true,"href":"https:\/\/www.sanlien.com.br\/blog\/wp-json\/wp\/v2\/comments?post=374"}],"version-history":[{"count":2,"href":"https:\/\/www.sanlien.com.br\/blog\/wp-json\/wp\/v2\/posts\/374\/revisions"}],"predecessor-version":[{"id":492,"href":"https:\/\/www.sanlien.com.br\/blog\/wp-json\/wp\/v2\/posts\/374\/revisions\/492"}],"wp:featuredmedia":[{"embeddable":true,"href":"https:\/\/www.sanlien.com.br\/blog\/wp-json\/wp\/v2\/media\/375"}],"wp:attachment":[{"href":"https:\/\/www.sanlien.com.br\/blog\/wp-json\/wp\/v2\/media?parent=374"}],"wp:term":[{"taxonomy":"category","embeddable":true,"href":"https:\/\/www.sanlien.com.br\/blog\/wp-json\/wp\/v2\/categories?post=374"},{"taxonomy":"post_tag","embeddable":true,"href":"https:\/\/www.sanlien.com.br\/blog\/wp-json\/wp\/v2\/tags?post=374"}],"curies":[{"name":"wp","href":"https:\/\/api.w.org\/{rel}","templated":true}]}}