{"id":325,"date":"2025-04-08T19:36:07","date_gmt":"2025-04-08T19:36:07","guid":{"rendered":"https:\/\/www.sanlien.com.br\/blog\/?p=325"},"modified":"2025-04-08T19:37:57","modified_gmt":"2025-04-08T19:37:57","slug":"por-que-a-gestao-integrada-de-residuos-solidos-sera-um-diferencial-competitivo","status":"publish","type":"post","link":"https:\/\/www.sanlien.com.br\/blog\/por-que-a-gestao-integrada-de-residuos-solidos-sera-um-diferencial-competitivo\/","title":{"rendered":"Por que a gest\u00e3o integrada de res\u00edduos s\u00f3lidos ser\u00e1 um diferencial competitivo"},"content":{"rendered":"<span class=\"rt-reading-time\" style=\"display: block;\"><span class=\"rt-label rt-prefix\">Tempo de leitura: <\/span> <span class=\"rt-time\">3<\/span> <span class=\"rt-label rt-postfix\">minutos<\/span><\/span>\n<p><strong><em>Descubra como a gest\u00e3o integrada de res\u00edduos s\u00f3lidos \u00e9 um diferencial competitivo para empresas. Explore solu\u00e7\u00f5es sustent\u00e1veis com a San Lien.<\/em><\/strong><\/p>\n\n\n\n<p>Na era do desenvolvimento sustent\u00e1vel, a <strong>gest\u00e3o integrada de res\u00edduos s\u00f3lidos <\/strong>surge como um diferencial competitivo crucial para empresas que buscam n\u00e3o apenas conformidade ambiental, mas tamb\u00e9m vantagem no mercado.&nbsp;<\/p>\n\n\n\n<p>Esse conceito abrange mais do que o simples manejo de res\u00edduos; trata-se de uma abordagem hol\u00edstica que busca minimizar os impactos ambientais e maximizar a efici\u00eancia econ\u00f4mica.&nbsp;<\/p>\n\n\n\n<p>A import\u00e2ncia de adotar essa pr\u00e1tica transcende a opera\u00e7\u00e3o interna das empresas, influenciando positivamente toda a cadeia de valor e a comunidade ao redor.<\/p>\n\n\n\n<ul>\n<li><a href=\"https:\/\/www.sanlien.com.br\/blog\/reciclagem-de-celulares-por-que-voce-deve-comecar-a-descartar-seus-aparelhos-corretamente\/\">Reciclagem de celulares: por que voc\u00ea deve come\u00e7ar a descartar seus aparelhos corretamente<\/a><\/li>\n\n\n\n<li><a href=\"https:\/\/www.sanlien.com.br\/blog\/coleta-seletiva-para-que-serve-e-como-ela-impulsiona-a-logistica-reversa\/\">Coleta seletiva: para que serve e como ela impulsiona a log\u00edstica reversa<\/a><\/li>\n<\/ul>\n\n\n\n<div id=\"ez-toc-container\" class=\"ez-toc-v2_0_62 counter-hierarchy ez-toc-counter ez-toc-grey ez-toc-container-direction\">\n<div class=\"ez-toc-title-container\">\n<p class=\"ez-toc-title \" >T&oacute;picos do artigo<\/p>\n<span class=\"ez-toc-title-toggle\"><a href=\"#\" class=\"ez-toc-pull-right ez-toc-btn ez-toc-btn-xs ez-toc-btn-default ez-toc-toggle\" aria-label=\"Toggle Table of Content\"><span class=\"ez-toc-js-icon-con\"><span class=\"\"><span class=\"eztoc-hide\" style=\"display:none;\">Toggle<\/span><span class=\"ez-toc-icon-toggle-span\"><svg style=\"fill: #999;color:#999\" xmlns=\"http:\/\/www.w3.org\/2000\/svg\" class=\"list-377408\" width=\"20px\" height=\"20px\" viewBox=\"0 0 24 24\" fill=\"none\"><path d=\"M6 6H4v2h2V6zm14 0H8v2h12V6zM4 11h2v2H4v-2zm16 0H8v2h12v-2zM4 16h2v2H4v-2zm16 0H8v2h12v-2z\" fill=\"currentColor\"><\/path><\/svg><svg style=\"fill: #999;color:#999\" class=\"arrow-unsorted-368013\" xmlns=\"http:\/\/www.w3.org\/2000\/svg\" width=\"10px\" height=\"10px\" viewBox=\"0 0 24 24\" version=\"1.2\" baseProfile=\"tiny\"><path d=\"M18.2 9.3l-6.2-6.3-6.2 6.3c-.2.2-.3.4-.3.7s.1.5.3.7c.2.2.4.3.7.3h11c.3 0 .5-.1.7-.3.2-.2.3-.5.3-.7s-.1-.5-.3-.7zM5.8 14.7l6.2 6.3 6.2-6.3c.2-.2.3-.5.3-.7s-.1-.5-.3-.7c-.2-.2-.4-.3-.7-.3h-11c-.3 0-.5.1-.7.3-.2.2-.3.5-.3.7s.1.5.3.7z\"\/><\/svg><\/span><\/span><\/span><\/a><\/span><\/div>\n<nav><ul class='ez-toc-list ez-toc-list-level-1 ' ><li class='ez-toc-page-1 ez-toc-heading-level-2'><a class=\"ez-toc-link ez-toc-heading-1\" href=\"https:\/\/www.sanlien.com.br\/blog\/por-que-a-gestao-integrada-de-residuos-solidos-sera-um-diferencial-competitivo\/#O_que_e_gestao_integrada_de_residuos_solidos\" title=\"O que \u00e9 gest\u00e3o integrada de res\u00edduos s\u00f3lidos?\">O que \u00e9 gest\u00e3o integrada de res\u00edduos s\u00f3lidos?<\/a><\/li><li class='ez-toc-page-1 ez-toc-heading-level-2'><a class=\"ez-toc-link ez-toc-heading-2\" href=\"https:\/\/www.sanlien.com.br\/blog\/por-que-a-gestao-integrada-de-residuos-solidos-sera-um-diferencial-competitivo\/#O_que_a_gestao_integrada_de_residuos_solidos_visa\" title=\"O que a gest\u00e3o integrada de res\u00edduos s\u00f3lidos visa?\">O que a gest\u00e3o integrada de res\u00edduos s\u00f3lidos visa?<\/a><\/li><li class='ez-toc-page-1 ez-toc-heading-level-2'><a class=\"ez-toc-link ez-toc-heading-3\" href=\"https:\/\/www.sanlien.com.br\/blog\/por-que-a-gestao-integrada-de-residuos-solidos-sera-um-diferencial-competitivo\/#Como_funciona\" title=\"Como funciona?\">Como funciona?<\/a><\/li><li class='ez-toc-page-1 ez-toc-heading-level-2'><a class=\"ez-toc-link ez-toc-heading-4\" href=\"https:\/\/www.sanlien.com.br\/blog\/por-que-a-gestao-integrada-de-residuos-solidos-sera-um-diferencial-competitivo\/#Quem_e_o_responsavel_pelo_gerenciamento_dos_residuos_solidos\" title=\"Quem \u00e9 o respons\u00e1vel pelo gerenciamento dos res\u00edduos s\u00f3lidos?\">Quem \u00e9 o respons\u00e1vel pelo gerenciamento dos res\u00edduos s\u00f3lidos?<\/a><\/li><li class='ez-toc-page-1 ez-toc-heading-level-2'><a class=\"ez-toc-link ez-toc-heading-5\" href=\"https:\/\/www.sanlien.com.br\/blog\/por-que-a-gestao-integrada-de-residuos-solidos-sera-um-diferencial-competitivo\/#Qual_empresa_escolher_para_gestao_integrada_de_residuos_solidos\" title=\"Qual empresa escolher para gest\u00e3o integrada de res\u00edduos s\u00f3lidos?\">Qual empresa escolher para gest\u00e3o integrada de res\u00edduos s\u00f3lidos?<\/a><\/li><\/ul><\/nav><\/div>\n<h2 class=\"wp-block-heading\"><span class=\"ez-toc-section\" id=\"O_que_e_gestao_integrada_de_residuos_solidos\"><\/span>O que \u00e9 gest\u00e3o integrada de res\u00edduos s\u00f3lidos?<span class=\"ez-toc-section-end\"><\/span><\/h2>\n\n\n\n<p>Gest\u00e3o integrada de res\u00edduos s\u00f3lidos <strong>refere-se ao conjunto de pol\u00edticas e pr\u00e1ticas administrativas e operacionais que visam ao manejo dos res\u00edduos<\/strong> desde a sua gera\u00e7\u00e3o at\u00e9 a disposi\u00e7\u00e3o final. Isso inclui coleta, transporte, tratamento e disposi\u00e7\u00e3o de res\u00edduos, bem como monitoramento e regulamenta\u00e7\u00e3o.&nbsp;<\/p>\n\n\n\n<p>\u00c9 um processo que integra aspectos legais, ambientais, sociais e tecnol\u00f3gicos, visando a redu\u00e7\u00e3o na fonte e a reciclagem de materiais.<\/p>\n\n\n\n<h2 class=\"wp-block-heading\"><span class=\"ez-toc-section\" id=\"O_que_a_gestao_integrada_de_residuos_solidos_visa\"><\/span>O que a gest\u00e3o integrada de res\u00edduos s\u00f3lidos visa?<span class=\"ez-toc-section-end\"><\/span><\/h2>\n\n\n\n<p>O principal objetivo dessa gest\u00e3o \u00e9 r<strong>eduzir os impactos negativos dos res\u00edduos ao meio ambiente e \u00e0 sa\u00fade p\u00fablica<\/strong>. Visa promover uma economia circular, onde o m\u00e1ximo de recursos \u00e9 reaproveitado, e a quantidade de res\u00edduo descartado \u00e9 minimizada.&nbsp;<\/p>\n\n\n\n<p>Al\u00e9m disso, busca-se a <strong>conscientiza\u00e7\u00e3o da sociedade<\/strong> sobre a import\u00e2ncia do consumo respons\u00e1vel e da correta disposi\u00e7\u00e3o dos res\u00edduos.<\/p>\n\n\n\n<h2 class=\"wp-block-heading\"><span class=\"ez-toc-section\" id=\"Como_funciona\"><\/span>Como funciona?<span class=\"ez-toc-section-end\"><\/span><\/h2>\n\n\n\n<p>A gest\u00e3o integrada de res\u00edduos come\u00e7a na fase de <strong>planejamento<\/strong>, onde s\u00e3o identificadas as melhores pr\u00e1ticas e tecnologias dispon\u00edveis para o tratamento e redu\u00e7\u00e3o de res\u00edduos.&nbsp;<\/p>\n\n\n<div class=\"wp-block-image is-style-rounded\">\n<figure class=\"alignright size-full is-resized\"><img decoding=\"async\" loading=\"lazy\" width=\"1000\" height=\"667\" src=\"https:\/\/www.sanlien.com.br\/blog\/wp-content\/uploads\/2025\/04\/2149139763-1.jpg\" alt=\"Por que a gest\u00e3o integrada de res\u00edduos s\u00f3lidos ser\u00e1 um diferencial competitivo\" class=\"wp-image-327\" style=\"aspect-ratio:1.4992503748125936;width:275px;height:auto\"\/><\/figure><\/div>\n\n\n<p>Segue-se a <strong>implementa\u00e7\u00e3o de programas<\/strong> de coleta seletiva, reciclagem, compostagem, tratamento t\u00e9rmico e outras tecnologias de recupera\u00e7\u00e3o.&nbsp;<\/p>\n\n\n\n<p><strong>Pol\u00edticas de responsabilidade compartilhada<\/strong> pelo ciclo de vida dos produtos tamb\u00e9m s\u00e3o essenciais, envolvendo fabricantes, varejistas, consumidores e governos.<\/p>\n\n\n\n<h2 class=\"wp-block-heading\"><span class=\"ez-toc-section\" id=\"Quem_e_o_responsavel_pelo_gerenciamento_dos_residuos_solidos\"><\/span>Quem \u00e9 o respons\u00e1vel pelo gerenciamento dos res\u00edduos s\u00f3lidos?<span class=\"ez-toc-section-end\"><\/span><\/h2>\n\n\n\n<p>O gerenciamento dos res\u00edduos s\u00f3lidos \u00e9 uma responsabilidade compartilhada que envolve o <strong>governo, empresas e a sociedade civil<\/strong>.&nbsp;<\/p>\n\n\n\n<p>Governos locais e nacionais elaboram regulamenta\u00e7\u00f5es e pol\u00edticas p\u00fablicas, enquanto as empresas implementam sistemas de gest\u00e3o que atendam a essas normas.<\/p>\n\n\n\n<p>A sociedade civil, por sua vez, participa ativamente na separa\u00e7\u00e3o e no encaminhamento adequado dos res\u00edduos.<\/p>\n\n\n\n<ul>\n<li><a href=\"https:\/\/www.sanlien.com.br\/blog\/logistica-reversa-no-brasil-o-que-e-e-qual-a-importancia-desse-servico\/\">Log\u00edstica reversa no Brasil: o que \u00e9 e qual a import\u00e2ncia desse servi\u00e7o?<\/a><\/li>\n\n\n\n<li><a href=\"https:\/\/www.sanlien.com.br\/blog\/certificado-de-destinacao-final-por-que-sua-empresa-pode-estar-em-risco-sem-ele\/\">Certificado de Destina\u00e7\u00e3o Final: por que sua empresa pode estar em risco sem ele?<\/a><\/li>\n<\/ul>\n\n\n\n<h2 class=\"wp-block-heading\"><span class=\"ez-toc-section\" id=\"Qual_empresa_escolher_para_gestao_integrada_de_residuos_solidos\"><\/span>Qual empresa escolher para gest\u00e3o integrada de res\u00edduos s\u00f3lidos?<span class=\"ez-toc-section-end\"><\/span><\/h2>\n\n\n\n<p>Ao escolher um parceiro para a gest\u00e3o de res\u00edduos, \u00e9 fundamental optar por uma empresa que n\u00e3o apenas cumpra as regulamenta\u00e7\u00f5es, mas que tamb\u00e9m ofere\u00e7a solu\u00e7\u00f5es inovadoras e sustent\u00e1veis. A <strong><a href=\"https:\/\/www.sanlien.com.br\/\">San Lien<\/a><\/strong>, por exemplo, \u00e9 uma escolha exemplar nesse setor.\u00a0<\/p>\n\n\n\n<p>Com mais de 20 anos de experi\u00eancia, a San Lien oferece solu\u00e7\u00f5es completas e qualificadas em gest\u00e3o de res\u00edduos, consolidando-se como uma das mais conceituadas do pa\u00eds. Seu compromisso com a sustentabilidade \u00e9 evidente na adapta\u00e7\u00e3o \u00e0s normas ambientais e na oferta de solu\u00e7\u00f5es respons\u00e1veis e de alta qualidade.<\/p>\n\n\n\n<p>Entre em <a href=\"https:\/\/www.sanlien.com.br\/contato\">contato<\/a> conosco!<\/p>\n\n\n\n<p>O que achou do conte\u00fado? Caso tenha gostado, continue acompanhando o <a href=\"https:\/\/www.sanlien.com.br\/blog\/\">blog da San Lien<\/a> e saiba mais informa\u00e7\u00f5es!<\/p>\n\n\n\n<p>At\u00e9 a pr\u00f3xima!<\/p>\n","protected":false},"excerpt":{"rendered":"<p><span class=\"rt-reading-time\" style=\"display: block;\"><span class=\"rt-label rt-prefix\">Tempo de leitura: <\/span> <span class=\"rt-time\">3<\/span> <span class=\"rt-label rt-postfix\">minutos<\/span><\/span> Descubra como a gest\u00e3o integrada de res\u00edduos s\u00f3lidos \u00e9 um diferencial competitivo para empresas. Explore solu\u00e7\u00f5es sustent\u00e1veis com a San Lien. Na era do desenvolvimento sustent\u00e1vel, a gest\u00e3o integrada de res\u00edduos s\u00f3lidos surge como um diferencial competitivo crucial para empresas que buscam n\u00e3o apenas conformidade ambiental, mas tamb\u00e9m vantagem no mercado.&nbsp; Esse conceito abrange mais &hellip; <\/p>\n","protected":false},"author":1,"featured_media":326,"comment_status":"open","ping_status":"open","sticky":false,"template":"","format":"standard","meta":{"footnotes":""},"categories":[424],"tags":[715,872,1676,270,873,425,516,7,886,879,896,900,882,894,898,884,890,877,892,1669,1683,1680,1679,1688,1690,1681,1687,1689,1682,1685,1678,1686,1671,875,1677,870,1672,1674,330,1670,1335,819,941,414,888,1684,1673,514,1675,638],"yoast_head":"<!-- This site is optimized with the Yoast SEO plugin v21.5 - https:\/\/yoast.com\/wordpress\/plugins\/seo\/ -->\n<title>Por que a gest\u00e3o integrada de res\u00edduos s\u00f3lidos ser\u00e1 um diferencial competitivo - San Lien<\/title>\n<meta name=\"description\" content=\"Descubra como a gest\u00e3o integrada de res\u00edduos s\u00f3lidos \u00e9 um diferencial competitivo para empresas. Explore solu\u00e7\u00f5es sustent\u00e1veis com a San Lien.\" \/>\n<meta name=\"robots\" content=\"index, follow, max-snippet:-1, max-image-preview:large, max-video-preview:-1\" \/>\n<link rel=\"canonical\" href=\"https:\/\/www.sanlien.com.br\/blog\/por-que-a-gestao-integrada-de-residuos-solidos-sera-um-diferencial-competitivo\/\" \/>\n<meta property=\"og:locale\" content=\"pt_BR\" \/>\n<meta property=\"og:type\" content=\"article\" \/>\n<meta property=\"og:title\" content=\"Por que a gest\u00e3o integrada de res\u00edduos s\u00f3lidos ser\u00e1 um diferencial competitivo - San Lien\" \/>\n<meta property=\"og:description\" content=\"Descubra como a gest\u00e3o integrada de res\u00edduos s\u00f3lidos \u00e9 um diferencial competitivo para empresas. Explore solu\u00e7\u00f5es sustent\u00e1veis com a San Lien.\" \/>\n<meta property=\"og:url\" content=\"https:\/\/www.sanlien.com.br\/blog\/por-que-a-gestao-integrada-de-residuos-solidos-sera-um-diferencial-competitivo\/\" \/>\n<meta property=\"og:site_name\" content=\"San Lien\" \/>\n<meta property=\"article:published_time\" content=\"2025-04-08T19:36:07+00:00\" \/>\n<meta property=\"article:modified_time\" content=\"2025-04-08T19:37:57+00:00\" \/>\n<meta property=\"og:image\" content=\"https:\/\/www.sanlien.com.br\/blog\/wp-content\/uploads\/2025\/04\/2148889828-1.jpg\" \/>\n\t<meta property=\"og:image:width\" content=\"1000\" \/>\n\t<meta property=\"og:image:height\" content=\"563\" \/>\n\t<meta property=\"og:image:type\" content=\"image\/jpeg\" \/>\n<meta name=\"author\" content=\"admin\" \/>\n<meta name=\"twitter:card\" content=\"summary_large_image\" \/>\n<meta name=\"twitter:label1\" content=\"Escrito por\" \/>\n\t<meta name=\"twitter:data1\" content=\"admin\" \/>\n\t<meta name=\"twitter:label2\" content=\"Est. tempo de leitura\" \/>\n\t<meta name=\"twitter:data2\" content=\"4 minutos\" \/>\n<script type=\"application\/ld+json\" class=\"yoast-schema-graph\">{\"@context\":\"https:\/\/schema.org\",\"@graph\":[{\"@type\":\"Article\",\"@id\":\"https:\/\/www.sanlien.com.br\/blog\/por-que-a-gestao-integrada-de-residuos-solidos-sera-um-diferencial-competitivo\/#article\",\"isPartOf\":{\"@id\":\"https:\/\/www.sanlien.com.br\/blog\/por-que-a-gestao-integrada-de-residuos-solidos-sera-um-diferencial-competitivo\/\"},\"author\":{\"name\":\"admin\",\"@id\":\"https:\/\/www.sanlien.com.br\/blog\/#\/schema\/person\/85eb4a356aebbc1679ec5e4b8dac034a\"},\"headline\":\"Por que a gest\u00e3o integrada de res\u00edduos s\u00f3lidos ser\u00e1 um diferencial competitivo\",\"datePublished\":\"2025-04-08T19:36:07+00:00\",\"dateModified\":\"2025-04-08T19:37:57+00:00\",\"mainEntityOfPage\":{\"@id\":\"https:\/\/www.sanlien.com.br\/blog\/por-que-a-gestao-integrada-de-residuos-solidos-sera-um-diferencial-competitivo\/\"},\"wordCount\":655,\"commentCount\":0,\"publisher\":{\"@id\":\"https:\/\/www.sanlien.com.br\/blog\/#organization\"},\"keywords\":[\"Coleta Seletiva\",\"comprar gest\u00e3o de res\u00edduos s\u00f3lidos\",\"comprar gest\u00e3o integrada de res\u00edduos s\u00f3lidos\",\"Economia circular\",\"empresa de gest\u00e3o de res\u00edduos s\u00f3lidos\",\"gerenciamento de res\u00edduos\",\"gest\u00e3o ambiental\",\"Gest\u00e3o de Res\u00edduos\",\"gest\u00e3o de res\u00edduos s\u00f3lidos direto da fabrica\",\"gest\u00e3o de res\u00edduos s\u00f3lidos em sp\",\"gest\u00e3o de res\u00edduos s\u00f3lidos na Penha\",\"gest\u00e3o de res\u00edduos s\u00f3lidos na Vila Maria\",\"gest\u00e3o de res\u00edduos s\u00f3lidos na zona norte\",\"gest\u00e3o de res\u00edduos s\u00f3lidos no Br\u00e1s\",\"gest\u00e3o de res\u00edduos s\u00f3lidos no Carr\u00e3o\",\"gest\u00e3o de res\u00edduos s\u00f3lidos no Tatuap\u00e9\",\"gest\u00e3o de res\u00edduos s\u00f3lidos perto de mim\",\"gest\u00e3o de res\u00edduos s\u00f3lidos pre\u00e7o\",\"gest\u00e3o de res\u00edduos s\u00f3lidos pr\u00f3ximo a mim\",\"gest\u00e3o integrada de res\u00edduos s\u00f3lidos\",\"gest\u00e3o integrada de res\u00edduos s\u00f3lidos direto da fabrica\",\"gest\u00e3o integrada de res\u00edduos s\u00f3lidos em s\u00e3o paulo\",\"gest\u00e3o integrada de res\u00edduos s\u00f3lidos em sp\",\"gest\u00e3o integrada de res\u00edduos s\u00f3lidos na Penha\",\"gest\u00e3o integrada de res\u00edduos s\u00f3lidos na Vila Maria\",\"gest\u00e3o integrada de res\u00edduos s\u00f3lidos na zona norte\",\"gest\u00e3o integrada de res\u00edduos s\u00f3lidos no Br\u00e1s\",\"gest\u00e3o integrada de res\u00edduos s\u00f3lidos no Carr\u00e3o\",\"gest\u00e3o integrada de res\u00edduos s\u00f3lidos no Tatuap\u00e9\",\"gest\u00e3o integrada de res\u00edduos s\u00f3lidos perto de mim\",\"gest\u00e3o integrada de res\u00edduos s\u00f3lidos pre\u00e7o\",\"gest\u00e3o integrada de res\u00edduos s\u00f3lidos pr\u00f3ximo a mim\",\"impacto ambiental\",\"loja de gest\u00e3o de res\u00edduos s\u00f3lidos\",\"loja de gest\u00e3o integrada de res\u00edduos s\u00f3lidos\",\"onde encontrar gest\u00e3o de res\u00edduos s\u00f3lidos\",\"planejamento de res\u00edduos\",\"pol\u00edticas de res\u00edduos\",\"reciclagem\",\"recupera\u00e7\u00e3o de res\u00edduos\",\"redu\u00e7\u00e3o de res\u00edduos\",\"res\u00edduos s\u00f3lidos\",\"responsabilidade ambiental\",\"San Lien\",\"servi\u00e7o de gest\u00e3o de res\u00edduos s\u00f3lidos\",\"servi\u00e7o de gest\u00e3o integrada de res\u00edduos s\u00f3lidos\",\"solu\u00e7\u00f5es sustent\u00e1veis\",\"sustentabilidade empresarial\",\"tecnologias de recupera\u00e7\u00e3o\",\"Tratamento de res\u00edduos\"],\"articleSection\":[\"Gerenciamento de res\u00edduos\"],\"inLanguage\":\"pt-BR\",\"potentialAction\":[{\"@type\":\"CommentAction\",\"name\":\"Comment\",\"target\":[\"https:\/\/www.sanlien.com.br\/blog\/por-que-a-gestao-integrada-de-residuos-solidos-sera-um-diferencial-competitivo\/#respond\"]}]},{\"@type\":\"WebPage\",\"@id\":\"https:\/\/www.sanlien.com.br\/blog\/por-que-a-gestao-integrada-de-residuos-solidos-sera-um-diferencial-competitivo\/\",\"url\":\"https:\/\/www.sanlien.com.br\/blog\/por-que-a-gestao-integrada-de-residuos-solidos-sera-um-diferencial-competitivo\/\",\"name\":\"Por que a gest\u00e3o integrada de res\u00edduos s\u00f3lidos ser\u00e1 um diferencial competitivo - San Lien\",\"isPartOf\":{\"@id\":\"https:\/\/www.sanlien.com.br\/blog\/#website\"},\"datePublished\":\"2025-04-08T19:36:07+00:00\",\"dateModified\":\"2025-04-08T19:37:57+00:00\",\"description\":\"Descubra como a gest\u00e3o integrada de res\u00edduos s\u00f3lidos \u00e9 um diferencial competitivo para empresas. Explore solu\u00e7\u00f5es sustent\u00e1veis com a San Lien.\",\"breadcrumb\":{\"@id\":\"https:\/\/www.sanlien.com.br\/blog\/por-que-a-gestao-integrada-de-residuos-solidos-sera-um-diferencial-competitivo\/#breadcrumb\"},\"inLanguage\":\"pt-BR\",\"potentialAction\":[{\"@type\":\"ReadAction\",\"target\":[\"https:\/\/www.sanlien.com.br\/blog\/por-que-a-gestao-integrada-de-residuos-solidos-sera-um-diferencial-competitivo\/\"]}]},{\"@type\":\"BreadcrumbList\",\"@id\":\"https:\/\/www.sanlien.com.br\/blog\/por-que-a-gestao-integrada-de-residuos-solidos-sera-um-diferencial-competitivo\/#breadcrumb\",\"itemListElement\":[{\"@type\":\"ListItem\",\"position\":1,\"name\":\"In\u00edcio\",\"item\":\"https:\/\/www.sanlien.com.br\/blog\/\"},{\"@type\":\"ListItem\",\"position\":2,\"name\":\"Por que a gest\u00e3o integrada de res\u00edduos s\u00f3lidos ser\u00e1 um diferencial competitivo\"}]},{\"@type\":\"WebSite\",\"@id\":\"https:\/\/www.sanlien.com.br\/blog\/#website\",\"url\":\"https:\/\/www.sanlien.com.br\/blog\/\",\"name\":\"San Lien\",\"description\":\"Blog - San Lien\",\"publisher\":{\"@id\":\"https:\/\/www.sanlien.com.br\/blog\/#organization\"},\"potentialAction\":[{\"@type\":\"SearchAction\",\"target\":{\"@type\":\"EntryPoint\",\"urlTemplate\":\"https:\/\/www.sanlien.com.br\/blog\/?s={search_term_string}\"},\"query-input\":\"required name=search_term_string\"}],\"inLanguage\":\"pt-BR\"},{\"@type\":\"Organization\",\"@id\":\"https:\/\/www.sanlien.com.br\/blog\/#organization\",\"name\":\"San Lien\",\"url\":\"https:\/\/www.sanlien.com.br\/blog\/\",\"logo\":{\"@type\":\"ImageObject\",\"inLanguage\":\"pt-BR\",\"@id\":\"https:\/\/www.sanlien.com.br\/blog\/#\/schema\/logo\/image\/\",\"url\":\"https:\/\/www.sanlien.com.br\/blog\/wp-content\/uploads\/2023\/11\/logo.png\",\"contentUrl\":\"https:\/\/www.sanlien.com.br\/blog\/wp-content\/uploads\/2023\/11\/logo.png\",\"width\":500,\"height\":300,\"caption\":\"San Lien\"},\"image\":{\"@id\":\"https:\/\/www.sanlien.com.br\/blog\/#\/schema\/logo\/image\/\"}},{\"@type\":\"Person\",\"@id\":\"https:\/\/www.sanlien.com.br\/blog\/#\/schema\/person\/85eb4a356aebbc1679ec5e4b8dac034a\",\"name\":\"admin\",\"image\":{\"@type\":\"ImageObject\",\"inLanguage\":\"pt-BR\",\"@id\":\"https:\/\/www.sanlien.com.br\/blog\/#\/schema\/person\/image\/\",\"url\":\"https:\/\/secure.gravatar.com\/avatar\/bd8125b24775f217cdea35dcfa839469?s=96&d=mm&r=g\",\"contentUrl\":\"https:\/\/secure.gravatar.com\/avatar\/bd8125b24775f217cdea35dcfa839469?s=96&d=mm&r=g\",\"caption\":\"admin\"},\"sameAs\":[\"https:\/\/sanlien.com.br\/blog\"],\"url\":\"https:\/\/www.sanlien.com.br\/blog\/author\/admin\/\"}]}<\/script>\n<!-- \/ Yoast SEO plugin. -->","yoast_head_json":{"title":"Por que a gest\u00e3o integrada de res\u00edduos s\u00f3lidos ser\u00e1 um diferencial competitivo - San Lien","description":"Descubra como a gest\u00e3o integrada de res\u00edduos s\u00f3lidos \u00e9 um diferencial competitivo para empresas. Explore solu\u00e7\u00f5es sustent\u00e1veis com a San Lien.","robots":{"index":"index","follow":"follow","max-snippet":"max-snippet:-1","max-image-preview":"max-image-preview:large","max-video-preview":"max-video-preview:-1"},"canonical":"https:\/\/www.sanlien.com.br\/blog\/por-que-a-gestao-integrada-de-residuos-solidos-sera-um-diferencial-competitivo\/","og_locale":"pt_BR","og_type":"article","og_title":"Por que a gest\u00e3o integrada de res\u00edduos s\u00f3lidos ser\u00e1 um diferencial competitivo - San Lien","og_description":"Descubra como a gest\u00e3o integrada de res\u00edduos s\u00f3lidos \u00e9 um diferencial competitivo para empresas. Explore solu\u00e7\u00f5es sustent\u00e1veis com a San Lien.","og_url":"https:\/\/www.sanlien.com.br\/blog\/por-que-a-gestao-integrada-de-residuos-solidos-sera-um-diferencial-competitivo\/","og_site_name":"San Lien","article_published_time":"2025-04-08T19:36:07+00:00","article_modified_time":"2025-04-08T19:37:57+00:00","og_image":[{"width":1000,"height":563,"url":"https:\/\/www.sanlien.com.br\/blog\/wp-content\/uploads\/2025\/04\/2148889828-1.jpg","type":"image\/jpeg"}],"author":"admin","twitter_card":"summary_large_image","twitter_misc":{"Escrito por":"admin","Est. tempo de leitura":"4 minutos"},"schema":{"@context":"https:\/\/schema.org","@graph":[{"@type":"Article","@id":"https:\/\/www.sanlien.com.br\/blog\/por-que-a-gestao-integrada-de-residuos-solidos-sera-um-diferencial-competitivo\/#article","isPartOf":{"@id":"https:\/\/www.sanlien.com.br\/blog\/por-que-a-gestao-integrada-de-residuos-solidos-sera-um-diferencial-competitivo\/"},"author":{"name":"admin","@id":"https:\/\/www.sanlien.com.br\/blog\/#\/schema\/person\/85eb4a356aebbc1679ec5e4b8dac034a"},"headline":"Por que a gest\u00e3o integrada de res\u00edduos s\u00f3lidos ser\u00e1 um diferencial competitivo","datePublished":"2025-04-08T19:36:07+00:00","dateModified":"2025-04-08T19:37:57+00:00","mainEntityOfPage":{"@id":"https:\/\/www.sanlien.com.br\/blog\/por-que-a-gestao-integrada-de-residuos-solidos-sera-um-diferencial-competitivo\/"},"wordCount":655,"commentCount":0,"publisher":{"@id":"https:\/\/www.sanlien.com.br\/blog\/#organization"},"keywords":["Coleta Seletiva","comprar gest\u00e3o de res\u00edduos s\u00f3lidos","comprar gest\u00e3o integrada de res\u00edduos s\u00f3lidos","Economia circular","empresa de gest\u00e3o de res\u00edduos s\u00f3lidos","gerenciamento de res\u00edduos","gest\u00e3o ambiental","Gest\u00e3o de Res\u00edduos","gest\u00e3o de res\u00edduos s\u00f3lidos direto da fabrica","gest\u00e3o de res\u00edduos s\u00f3lidos em sp","gest\u00e3o de res\u00edduos s\u00f3lidos na Penha","gest\u00e3o de res\u00edduos s\u00f3lidos na Vila Maria","gest\u00e3o de res\u00edduos s\u00f3lidos na zona norte","gest\u00e3o de res\u00edduos s\u00f3lidos no Br\u00e1s","gest\u00e3o de res\u00edduos s\u00f3lidos no Carr\u00e3o","gest\u00e3o de res\u00edduos s\u00f3lidos no Tatuap\u00e9","gest\u00e3o de res\u00edduos s\u00f3lidos perto de mim","gest\u00e3o de res\u00edduos s\u00f3lidos pre\u00e7o","gest\u00e3o de res\u00edduos s\u00f3lidos pr\u00f3ximo a mim","gest\u00e3o integrada de res\u00edduos s\u00f3lidos","gest\u00e3o integrada de res\u00edduos s\u00f3lidos direto da fabrica","gest\u00e3o integrada de res\u00edduos s\u00f3lidos em s\u00e3o paulo","gest\u00e3o integrada de res\u00edduos s\u00f3lidos em sp","gest\u00e3o integrada de res\u00edduos s\u00f3lidos na Penha","gest\u00e3o integrada de res\u00edduos s\u00f3lidos na Vila Maria","gest\u00e3o integrada de res\u00edduos s\u00f3lidos na zona norte","gest\u00e3o integrada de res\u00edduos s\u00f3lidos no Br\u00e1s","gest\u00e3o integrada de res\u00edduos s\u00f3lidos no Carr\u00e3o","gest\u00e3o integrada de res\u00edduos s\u00f3lidos no Tatuap\u00e9","gest\u00e3o integrada de res\u00edduos s\u00f3lidos perto de mim","gest\u00e3o integrada de res\u00edduos s\u00f3lidos pre\u00e7o","gest\u00e3o integrada de res\u00edduos s\u00f3lidos pr\u00f3ximo a mim","impacto ambiental","loja de gest\u00e3o de res\u00edduos s\u00f3lidos","loja de gest\u00e3o integrada de res\u00edduos s\u00f3lidos","onde encontrar gest\u00e3o de res\u00edduos s\u00f3lidos","planejamento de res\u00edduos","pol\u00edticas de res\u00edduos","reciclagem","recupera\u00e7\u00e3o de res\u00edduos","redu\u00e7\u00e3o de res\u00edduos","res\u00edduos s\u00f3lidos","responsabilidade ambiental","San Lien","servi\u00e7o de gest\u00e3o de res\u00edduos s\u00f3lidos","servi\u00e7o de gest\u00e3o integrada de res\u00edduos s\u00f3lidos","solu\u00e7\u00f5es sustent\u00e1veis","sustentabilidade empresarial","tecnologias de recupera\u00e7\u00e3o","Tratamento de res\u00edduos"],"articleSection":["Gerenciamento de res\u00edduos"],"inLanguage":"pt-BR","potentialAction":[{"@type":"CommentAction","name":"Comment","target":["https:\/\/www.sanlien.com.br\/blog\/por-que-a-gestao-integrada-de-residuos-solidos-sera-um-diferencial-competitivo\/#respond"]}]},{"@type":"WebPage","@id":"https:\/\/www.sanlien.com.br\/blog\/por-que-a-gestao-integrada-de-residuos-solidos-sera-um-diferencial-competitivo\/","url":"https:\/\/www.sanlien.com.br\/blog\/por-que-a-gestao-integrada-de-residuos-solidos-sera-um-diferencial-competitivo\/","name":"Por que a gest\u00e3o integrada de res\u00edduos s\u00f3lidos ser\u00e1 um diferencial competitivo - San Lien","isPartOf":{"@id":"https:\/\/www.sanlien.com.br\/blog\/#website"},"datePublished":"2025-04-08T19:36:07+00:00","dateModified":"2025-04-08T19:37:57+00:00","description":"Descubra como a gest\u00e3o integrada de res\u00edduos s\u00f3lidos \u00e9 um diferencial competitivo para empresas. Explore solu\u00e7\u00f5es sustent\u00e1veis com a San Lien.","breadcrumb":{"@id":"https:\/\/www.sanlien.com.br\/blog\/por-que-a-gestao-integrada-de-residuos-solidos-sera-um-diferencial-competitivo\/#breadcrumb"},"inLanguage":"pt-BR","potentialAction":[{"@type":"ReadAction","target":["https:\/\/www.sanlien.com.br\/blog\/por-que-a-gestao-integrada-de-residuos-solidos-sera-um-diferencial-competitivo\/"]}]},{"@type":"BreadcrumbList","@id":"https:\/\/www.sanlien.com.br\/blog\/por-que-a-gestao-integrada-de-residuos-solidos-sera-um-diferencial-competitivo\/#breadcrumb","itemListElement":[{"@type":"ListItem","position":1,"name":"In\u00edcio","item":"https:\/\/www.sanlien.com.br\/blog\/"},{"@type":"ListItem","position":2,"name":"Por que a gest\u00e3o integrada de res\u00edduos s\u00f3lidos ser\u00e1 um diferencial competitivo"}]},{"@type":"WebSite","@id":"https:\/\/www.sanlien.com.br\/blog\/#website","url":"https:\/\/www.sanlien.com.br\/blog\/","name":"San Lien","description":"Blog - San Lien","publisher":{"@id":"https:\/\/www.sanlien.com.br\/blog\/#organization"},"potentialAction":[{"@type":"SearchAction","target":{"@type":"EntryPoint","urlTemplate":"https:\/\/www.sanlien.com.br\/blog\/?s={search_term_string}"},"query-input":"required name=search_term_string"}],"inLanguage":"pt-BR"},{"@type":"Organization","@id":"https:\/\/www.sanlien.com.br\/blog\/#organization","name":"San Lien","url":"https:\/\/www.sanlien.com.br\/blog\/","logo":{"@type":"ImageObject","inLanguage":"pt-BR","@id":"https:\/\/www.sanlien.com.br\/blog\/#\/schema\/logo\/image\/","url":"https:\/\/www.sanlien.com.br\/blog\/wp-content\/uploads\/2023\/11\/logo.png","contentUrl":"https:\/\/www.sanlien.com.br\/blog\/wp-content\/uploads\/2023\/11\/logo.png","width":500,"height":300,"caption":"San Lien"},"image":{"@id":"https:\/\/www.sanlien.com.br\/blog\/#\/schema\/logo\/image\/"}},{"@type":"Person","@id":"https:\/\/www.sanlien.com.br\/blog\/#\/schema\/person\/85eb4a356aebbc1679ec5e4b8dac034a","name":"admin","image":{"@type":"ImageObject","inLanguage":"pt-BR","@id":"https:\/\/www.sanlien.com.br\/blog\/#\/schema\/person\/image\/","url":"https:\/\/secure.gravatar.com\/avatar\/bd8125b24775f217cdea35dcfa839469?s=96&d=mm&r=g","contentUrl":"https:\/\/secure.gravatar.com\/avatar\/bd8125b24775f217cdea35dcfa839469?s=96&d=mm&r=g","caption":"admin"},"sameAs":["https:\/\/sanlien.com.br\/blog"],"url":"https:\/\/www.sanlien.com.br\/blog\/author\/admin\/"}]}},"_links":{"self":[{"href":"https:\/\/www.sanlien.com.br\/blog\/wp-json\/wp\/v2\/posts\/325"}],"collection":[{"href":"https:\/\/www.sanlien.com.br\/blog\/wp-json\/wp\/v2\/posts"}],"about":[{"href":"https:\/\/www.sanlien.com.br\/blog\/wp-json\/wp\/v2\/types\/post"}],"author":[{"embeddable":true,"href":"https:\/\/www.sanlien.com.br\/blog\/wp-json\/wp\/v2\/users\/1"}],"replies":[{"embeddable":true,"href":"https:\/\/www.sanlien.com.br\/blog\/wp-json\/wp\/v2\/comments?post=325"}],"version-history":[{"count":1,"href":"https:\/\/www.sanlien.com.br\/blog\/wp-json\/wp\/v2\/posts\/325\/revisions"}],"predecessor-version":[{"id":328,"href":"https:\/\/www.sanlien.com.br\/blog\/wp-json\/wp\/v2\/posts\/325\/revisions\/328"}],"wp:featuredmedia":[{"embeddable":true,"href":"https:\/\/www.sanlien.com.br\/blog\/wp-json\/wp\/v2\/media\/326"}],"wp:attachment":[{"href":"https:\/\/www.sanlien.com.br\/blog\/wp-json\/wp\/v2\/media?parent=325"}],"wp:term":[{"taxonomy":"category","embeddable":true,"href":"https:\/\/www.sanlien.com.br\/blog\/wp-json\/wp\/v2\/categories?post=325"},{"taxonomy":"post_tag","embeddable":true,"href":"https:\/\/www.sanlien.com.br\/blog\/wp-json\/wp\/v2\/tags?post=325"}],"curies":[{"name":"wp","href":"https:\/\/api.w.org\/{rel}","templated":true}]}}