{"id":304,"date":"2026-01-12T14:00:25","date_gmt":"2026-01-12T14:00:25","guid":{"rendered":"https:\/\/www.sanlien.com.br\/blog\/?p=304"},"modified":"2026-01-12T14:00:26","modified_gmt":"2026-01-12T14:00:26","slug":"gestao-de-residuos-eletroeletronicos-o-guia-definitivo-que-empresas-sustentaveis-precisam-seguir","status":"publish","type":"post","link":"https:\/\/www.sanlien.com.br\/blog\/gestao-de-residuos-eletroeletronicos-o-guia-definitivo-que-empresas-sustentaveis-precisam-seguir\/","title":{"rendered":"Gest\u00e3o de res\u00edduos eletroeletr\u00f4nicos: o guia definitivo que empresas sustent\u00e1veis \u200b\u200bprecisam seguir!"},"content":{"rendered":"<span class=\"rt-reading-time\" style=\"display: block;\"><span class=\"rt-label rt-prefix\">Tempo de leitura: <\/span> <span class=\"rt-time\">3<\/span> <span class=\"rt-label rt-postfix\">minutos<\/span><\/span>\n<p class=\"has-medium-font-size\"><strong><em>Descubra como implementar uma gest\u00e3o de res\u00edduos eletroeletr\u00f4nicos eficiente em sua empresa com nosso guia completo.<\/em><\/strong><\/p>\n\n\n\n<p>Em um mundo onde a tecnologia evolui a passos largos, a <strong>gest\u00e3o de res\u00edduos eletroeletr\u00f4nicos <\/strong>torna-se um desafio crescente para empresas sustent\u00e1veis.&nbsp;<\/p>\n\n\n\n<p>Este guia definitivo visa equipar as organiza\u00e7\u00f5es com conhecimentos e pr\u00e1ticas permitidas para lidar com essa quest\u00e3o cr\u00edtica de forma eficaz.&nbsp;<\/p>\n\n\n\n<p>A import\u00e2ncia de uma gest\u00e3o adequada n\u00e3o se restringe apenas \u00e0 conformidade legal; ela \u00e9 crucial para proteger o meio ambiente e promover uma economia circular.<\/p>\n\n\n\n<ul>\n<li><a href=\"https:\/\/www.sanlien.com.br\/blog\/certificado-de-destinacao-final-por-que-sua-empresa-pode-estar-em-risco-sem-ele\/\">Certificado de Destina\u00e7\u00e3o Final: por que sua empresa pode estar em risco sem ele?<\/a><\/li>\n\n\n\n<li><a href=\"https:\/\/www.sanlien.com.br\/blog\/voce-esta-descartando-seu-lixo-do-jeito-errado-descubra-como-fazer-o-gerenciamento-de-residuo-solido-corretamente\/\">Voc\u00ea est\u00e1 descartando seu lixo do jeito errado? Descubra como fazer o gerenciamento de res\u00edduo s\u00f3lido corretamente<\/a><\/li>\n<\/ul>\n\n\n\n<div id=\"ez-toc-container\" class=\"ez-toc-v2_0_62 counter-hierarchy ez-toc-counter ez-toc-grey ez-toc-container-direction\">\n<div class=\"ez-toc-title-container\">\n<p class=\"ez-toc-title \" >T&oacute;picos do artigo<\/p>\n<span class=\"ez-toc-title-toggle\"><a href=\"#\" class=\"ez-toc-pull-right ez-toc-btn ez-toc-btn-xs ez-toc-btn-default ez-toc-toggle\" aria-label=\"Toggle Table of Content\"><span class=\"ez-toc-js-icon-con\"><span class=\"\"><span class=\"eztoc-hide\" style=\"display:none;\">Toggle<\/span><span class=\"ez-toc-icon-toggle-span\"><svg style=\"fill: #999;color:#999\" xmlns=\"http:\/\/www.w3.org\/2000\/svg\" class=\"list-377408\" width=\"20px\" height=\"20px\" viewBox=\"0 0 24 24\" fill=\"none\"><path d=\"M6 6H4v2h2V6zm14 0H8v2h12V6zM4 11h2v2H4v-2zm16 0H8v2h12v-2zM4 16h2v2H4v-2zm16 0H8v2h12v-2z\" fill=\"currentColor\"><\/path><\/svg><svg style=\"fill: #999;color:#999\" class=\"arrow-unsorted-368013\" xmlns=\"http:\/\/www.w3.org\/2000\/svg\" width=\"10px\" height=\"10px\" viewBox=\"0 0 24 24\" version=\"1.2\" baseProfile=\"tiny\"><path d=\"M18.2 9.3l-6.2-6.3-6.2 6.3c-.2.2-.3.4-.3.7s.1.5.3.7c.2.2.4.3.7.3h11c.3 0 .5-.1.7-.3.2-.2.3-.5.3-.7s-.1-.5-.3-.7zM5.8 14.7l6.2 6.3 6.2-6.3c.2-.2.3-.5.3-.7s-.1-.5-.3-.7c-.2-.2-.4-.3-.7-.3h-11c-.3 0-.5.1-.7.3-.2.2-.3.5-.3.7s.1.5.3.7z\"\/><\/svg><\/span><\/span><\/span><\/a><\/span><\/div>\n<nav><ul class='ez-toc-list ez-toc-list-level-1 ' ><li class='ez-toc-page-1 ez-toc-heading-level-2'><a class=\"ez-toc-link ez-toc-heading-1\" href=\"https:\/\/www.sanlien.com.br\/blog\/gestao-de-residuos-eletroeletronicos-o-guia-definitivo-que-empresas-sustentaveis-precisam-seguir\/#O_que_e_a_gestao_de_residuos_eletroeletronicos\" title=\"O que \u00e9 a gest\u00e3o de res\u00edduos eletroeletr\u00f4nicos?\">O que \u00e9 a gest\u00e3o de res\u00edduos eletroeletr\u00f4nicos?<\/a><\/li><li class='ez-toc-page-1 ez-toc-heading-level-2'><a class=\"ez-toc-link ez-toc-heading-2\" href=\"https:\/\/www.sanlien.com.br\/blog\/gestao-de-residuos-eletroeletronicos-o-guia-definitivo-que-empresas-sustentaveis-precisam-seguir\/#O_que_sao_residuos_eletroeletronicos\" title=\"O que s\u00e3o res\u00edduos eletroeletr\u00f4nicos?\">O que s\u00e3o res\u00edduos eletroeletr\u00f4nicos?<\/a><\/li><li class='ez-toc-page-1 ez-toc-heading-level-2'><a class=\"ez-toc-link ez-toc-heading-3\" href=\"https:\/\/www.sanlien.com.br\/blog\/gestao-de-residuos-eletroeletronicos-o-guia-definitivo-que-empresas-sustentaveis-precisam-seguir\/#Como_deve_ser_realizada_a_gestao_desses_residuos\" title=\"Como deve ser realizada a gest\u00e3o desses res\u00edduos?\">Como deve ser realizada a gest\u00e3o desses res\u00edduos?<\/a><\/li><li class='ez-toc-page-1 ez-toc-heading-level-2'><a class=\"ez-toc-link ez-toc-heading-4\" href=\"https:\/\/www.sanlien.com.br\/blog\/gestao-de-residuos-eletroeletronicos-o-guia-definitivo-que-empresas-sustentaveis-precisam-seguir\/#Qual_a_importancia\" title=\"Qual a import\u00e2ncia?\">Qual a import\u00e2ncia?<\/a><\/li><li class='ez-toc-page-1 ez-toc-heading-level-2'><a class=\"ez-toc-link ez-toc-heading-5\" href=\"https:\/\/www.sanlien.com.br\/blog\/gestao-de-residuos-eletroeletronicos-o-guia-definitivo-que-empresas-sustentaveis-precisam-seguir\/#Quem_deve_ser_responsavel_pela_destinacao_correta_dos_residuos\" title=\"Quem deve ser respons\u00e1vel pela destina\u00e7\u00e3o correta dos res\u00edduos?\">Quem deve ser respons\u00e1vel pela destina\u00e7\u00e3o correta dos res\u00edduos?<\/a><\/li><li class='ez-toc-page-1 ez-toc-heading-level-2'><a class=\"ez-toc-link ez-toc-heading-6\" href=\"https:\/\/www.sanlien.com.br\/blog\/gestao-de-residuos-eletroeletronicos-o-guia-definitivo-que-empresas-sustentaveis-precisam-seguir\/#Onde_encontrar_uma_empresa_para_gestao_de_residuos_eletroeletronicos\" title=\"Onde encontrar uma empresa para gest\u00e3o de res\u00edduos eletroeletr\u00f4nicos?\">Onde encontrar uma empresa para gest\u00e3o de res\u00edduos eletroeletr\u00f4nicos?<\/a><\/li><\/ul><\/nav><\/div>\n<h2 class=\"wp-block-heading\"><span class=\"ez-toc-section\" id=\"O_que_e_a_gestao_de_residuos_eletroeletronicos\"><\/span>O que \u00e9 a gest\u00e3o de res\u00edduos eletroeletr\u00f4nicos?<span class=\"ez-toc-section-end\"><\/span><\/h2>\n\n\n\n<p>O gerenciamento de res\u00edduos eletroeletr\u00f4nicos <strong>refere-se ao processo de coleta, tratamento e reciclagem de equipamentos eletr\u00f4nicos ao final de sua vida \u00fatil.<\/strong>&nbsp;<\/p>\n\n\n\n<p>Este tipo de gest\u00e3o busca minimizar o impacto ambiental negativo dos res\u00edduos, evitando que subst\u00e2ncias t\u00f3xicas contaminem o solo e a \u00e1gua, e recuperando materiais valiosos que podem ser reutilizados.<\/p>\n\n\n\n<h2 class=\"wp-block-heading\"><span class=\"ez-toc-section\" id=\"O_que_sao_residuos_eletroeletronicos\"><\/span>O que s\u00e3o res\u00edduos eletroeletr\u00f4nicos?<span class=\"ez-toc-section-end\"><\/span><\/h2>\n\n\n\n<p>Res\u00edduos eletroeletr\u00f4nicos, ou lixo eletr\u00f4nico, <strong>incluem produtos eletr\u00f4nicos descartados, como computadores, telefones, TVs e eletrodom\u00e9sticos<\/strong>.&nbsp;<\/p>\n\n\n\n<p>Com o ciclo de vida dos produtos tecnol\u00f3gicos tornando-se cada vez mais curto, a quantidade de lixo eletr\u00f4nico gerado globalmente est\u00e1 aumentando rapidamente, tornando essencial uma gest\u00e3o eficaz.<\/p>\n\n\n\n<h2 class=\"wp-block-heading\"><span class=\"ez-toc-section\" id=\"Como_deve_ser_realizada_a_gestao_desses_residuos\"><\/span>Como deve ser realizada a gest\u00e3o desses res\u00edduos?<span class=\"ez-toc-section-end\"><\/span><\/h2>\n\n\n\n<p>A gest\u00e3o eficiente de res\u00edduos eletroeletr\u00f4nicos come\u00e7a com a<strong> redu\u00e7\u00e3o na fonte, seguida por pr\u00e1ticas de reutiliza\u00e7\u00e3o e reciclagem<\/strong>.&nbsp;<\/p>\n\n\n<div class=\"wp-block-image is-style-rounded\">\n<figure class=\"alignright size-full is-resized\"><img decoding=\"async\" loading=\"lazy\" width=\"1000\" height=\"667\" src=\"https:\/\/www.sanlien.com.br\/blog\/wp-content\/uploads\/2025\/02\/132-1.jpg\" alt=\"Gest\u00e3o de res\u00edduos eletroeletr\u00f4nicos: o guia definitivo que empresas sustent\u00e1veis \u200b\u200bprecisam seguir!\" class=\"wp-image-306\" style=\"aspect-ratio:1.4992503748125936;width:236px;height:auto\"\/><\/figure><\/div>\n\n\n<p>As empresas devem<strong> <\/strong>implementar programas de retorno de produtos e incentivo aos consumidores para devolver dispositivos antigos.&nbsp;<\/p>\n\n\n\n<p>Al\u00e9m disso, \u00e9 fundamental que haja investimento em tecnologias de reciclagem que permitam a recupera\u00e7\u00e3o de materiais preciosos de maneira segura e eficiente.<\/p>\n\n\n\n<h2 class=\"wp-block-heading\"><span class=\"ez-toc-section\" id=\"Qual_a_importancia\"><\/span>Qual a import\u00e2ncia?<span class=\"ez-toc-section-end\"><\/span><\/h2>\n\n\n\n<p>A gest\u00e3o adequada do lixo eletr\u00f4nico n\u00e3o apenas reduz o impacto ambiental, mas tamb\u00e9m oferece benef\u00edcios econ\u00f4micos significativos.&nbsp;<\/p>\n\n\n\n<p>Empresas que adotam pr\u00e1ticas de gest\u00e3o sustent\u00e1vel podem <strong>melhorar sua imagem corporativa, reduzir custos de produ\u00e7\u00e3o ao reutilizar materiais e cumprir as regulamenta\u00e7\u00f5es ambientais vigentes.<\/strong><\/p>\n\n\n\n<h2 class=\"wp-block-heading\"><span class=\"ez-toc-section\" id=\"Quem_deve_ser_responsavel_pela_destinacao_correta_dos_residuos\"><\/span>Quem deve ser respons\u00e1vel pela destina\u00e7\u00e3o correta dos res\u00edduos?<span class=\"ez-toc-section-end\"><\/span><\/h2>\n\n\n\n<p>A responsabilidade pela gest\u00e3o correta do lixo eletr\u00f4nico deve ser <strong>compartilhada entre fabricantes, consumidores, governos e empresas especializadas em gest\u00e3o de res\u00edduos<\/strong>.&nbsp;<\/p>\n\n\n\n<p>\u00c9 essencial que todos os envolvidos compreendam o seu papel e colaborem para um sistema de gest\u00e3o eficaz.<\/p>\n\n\n\n<ul>\n<li><a href=\"https:\/\/www.sanlien.com.br\/blog\/qual-a-logistica-para-coleta-de-sucata\/\">Qual a log\u00edstica para coleta de sucata?<\/a><\/li>\n\n\n\n<li><a href=\"https:\/\/www.sanlien.com.br\/blog\/por-que-a-destruicao-de-documentos-sigilosos-pode-salvar-sua-empresa-de-um-desastre-financeiro\/\">Por que a destrui\u00e7\u00e3o de documentos sigilosos pode salvar sua empresa de um desastre financeiro?<\/a><\/li>\n<\/ul>\n\n\n\n<h2 class=\"wp-block-heading\"><span class=\"ez-toc-section\" id=\"Onde_encontrar_uma_empresa_para_gestao_de_residuos_eletroeletronicos\"><\/span>Onde encontrar uma empresa para gest\u00e3o de res\u00edduos eletroeletr\u00f4nicos?<span class=\"ez-toc-section-end\"><\/span><\/h2>\n\n\n\n<p>A empresa <strong><a href=\"https:\/\/www.sanlien.com.br\/\">San Lien<\/a><\/strong>, com mais de 20 anos de experi\u00eancia no mercado, oferece solu\u00e7\u00f5es completas e habilidades para a gest\u00e3o de res\u00edduos eletroeletr\u00f4nicos, consolidando-se como uma das mais conceituadas do pa\u00eds.&nbsp;<\/p>\n\n\n\n<p>Para empresas interessadas em adotar pr\u00e1ticas respons\u00e1veis, a San Lien \u00e9 a parceira ideal, garantindo a destina\u00e7\u00e3o correta e segura do lixo eletr\u00f4nico.<\/p>\n\n\n\n<p>Entre em <a href=\"https:\/\/www.sanlien.com.br\/contato\">contato<\/a> conosco!<\/p>\n\n\n\n<p>O que achou do conte\u00fado? Caso tenha gostado, continue acompanhando o <a href=\"https:\/\/www.sanlien.com.br\/blog\/\">blog da San Lien<\/a> e saiba mais informa\u00e7\u00f5es!<\/p>\n\n\n\n<p>At\u00e9 a pr\u00f3xima!<\/p>\n","protected":false},"excerpt":{"rendered":"<p><span class=\"rt-reading-time\" style=\"display: block;\"><span class=\"rt-label rt-prefix\">Tempo de leitura: <\/span> <span class=\"rt-time\">3<\/span> <span class=\"rt-label rt-postfix\">minutos<\/span><\/span> Descubra como implementar uma gest\u00e3o de res\u00edduos eletroeletr\u00f4nicos eficiente em sua empresa com nosso guia completo. Em um mundo onde a tecnologia evolui a passos largos, a gest\u00e3o de res\u00edduos eletroeletr\u00f4nicos torna-se um desafio crescente para empresas sustent\u00e1veis.&nbsp; Este guia definitivo visa equipar as organiza\u00e7\u00f5es com conhecimentos e pr\u00e1ticas permitidas para lidar com essa quest\u00e3o &hellip; <\/p>\n","protected":false},"author":1,"featured_media":305,"comment_status":"open","ping_status":"open","sticky":false,"template":"","format":"standard","meta":{"footnotes":""},"categories":[1254,424,61],"tags":[1529,441,1540,270,445,1541,447,1537,1538,477,1524,1548,1545,1544,1553,1555,1546,1552,1554,1547,1550,1543,1551,479,463,459,495,507,841,503,471,499,487,491,461,457,493,505,734,501,469,497,485,453,489,1530,1535,1527,1305,449,1542,451,437,439,1539,1533,1536,1526,1534,1528,1532,1525,941,481,1549,483,514,1531],"yoast_head":"<!-- This site is optimized with the Yoast SEO plugin v21.5 - https:\/\/yoast.com\/wordpress\/plugins\/seo\/ -->\n<title>Gest\u00e3o de res\u00edduos eletroeletr\u00f4nicos: o guia definitivo que empresas sustent\u00e1veis \u200b\u200bprecisam seguir! - San Lien<\/title>\n<meta name=\"description\" content=\"Descubra como implementar uma gest\u00e3o de res\u00edduos eletroeletr\u00f4nicos eficiente em sua empresa com nosso guia completo.\" \/>\n<meta name=\"robots\" content=\"index, follow, max-snippet:-1, max-image-preview:large, max-video-preview:-1\" \/>\n<link rel=\"canonical\" href=\"https:\/\/www.sanlien.com.br\/blog\/gestao-de-residuos-eletroeletronicos-o-guia-definitivo-que-empresas-sustentaveis-precisam-seguir\/\" \/>\n<meta property=\"og:locale\" content=\"pt_BR\" \/>\n<meta property=\"og:type\" content=\"article\" \/>\n<meta property=\"og:title\" content=\"Gest\u00e3o de res\u00edduos eletroeletr\u00f4nicos: o guia definitivo que empresas sustent\u00e1veis \u200b\u200bprecisam seguir! - San Lien\" \/>\n<meta property=\"og:description\" content=\"Descubra como implementar uma gest\u00e3o de res\u00edduos eletroeletr\u00f4nicos eficiente em sua empresa com nosso guia completo.\" \/>\n<meta property=\"og:url\" content=\"https:\/\/www.sanlien.com.br\/blog\/gestao-de-residuos-eletroeletronicos-o-guia-definitivo-que-empresas-sustentaveis-precisam-seguir\/\" \/>\n<meta property=\"og:site_name\" content=\"San Lien\" \/>\n<meta property=\"article:published_time\" content=\"2026-01-12T14:00:25+00:00\" \/>\n<meta property=\"article:modified_time\" content=\"2026-01-12T14:00:26+00:00\" \/>\n<meta property=\"og:image\" content=\"https:\/\/www.sanlien.com.br\/blog\/wp-content\/uploads\/2025\/02\/2915-1.jpg\" \/>\n\t<meta property=\"og:image:width\" content=\"1000\" \/>\n\t<meta property=\"og:image:height\" content=\"668\" \/>\n\t<meta property=\"og:image:type\" content=\"image\/jpeg\" \/>\n<meta name=\"author\" content=\"admin\" \/>\n<meta name=\"twitter:card\" content=\"summary_large_image\" \/>\n<meta name=\"twitter:label1\" content=\"Escrito por\" \/>\n\t<meta name=\"twitter:data1\" content=\"admin\" \/>\n\t<meta name=\"twitter:label2\" content=\"Est. tempo de leitura\" \/>\n\t<meta name=\"twitter:data2\" content=\"3 minutos\" \/>\n<script type=\"application\/ld+json\" class=\"yoast-schema-graph\">{\"@context\":\"https:\/\/schema.org\",\"@graph\":[{\"@type\":\"Article\",\"@id\":\"https:\/\/www.sanlien.com.br\/blog\/gestao-de-residuos-eletroeletronicos-o-guia-definitivo-que-empresas-sustentaveis-precisam-seguir\/#article\",\"isPartOf\":{\"@id\":\"https:\/\/www.sanlien.com.br\/blog\/gestao-de-residuos-eletroeletronicos-o-guia-definitivo-que-empresas-sustentaveis-precisam-seguir\/\"},\"author\":{\"name\":\"admin\",\"@id\":\"https:\/\/www.sanlien.com.br\/blog\/#\/schema\/person\/85eb4a356aebbc1679ec5e4b8dac034a\"},\"headline\":\"Gest\u00e3o de res\u00edduos eletroeletr\u00f4nicos: o guia definitivo que empresas sustent\u00e1veis \u200b\u200bprecisam seguir!\",\"datePublished\":\"2026-01-12T14:00:25+00:00\",\"dateModified\":\"2026-01-12T14:00:26+00:00\",\"mainEntityOfPage\":{\"@id\":\"https:\/\/www.sanlien.com.br\/blog\/gestao-de-residuos-eletroeletronicos-o-guia-definitivo-que-empresas-sustentaveis-precisam-seguir\/\"},\"wordCount\":603,\"commentCount\":0,\"publisher\":{\"@id\":\"https:\/\/www.sanlien.com.br\/blog\/#organization\"},\"keywords\":[\"Coleta de e-mails\",\"comprar Gest\u00e3o de res\u00edduos\",\"comprar Gest\u00e3o de res\u00edduos eletroeletr\u00f4nicos\",\"Economia circular\",\"empresa de Gest\u00e3o de res\u00edduos\",\"empresa de Gest\u00e3o de res\u00edduos eletroeletr\u00f4nicos\",\"empresa de Gest\u00e3o de res\u00edduos eletr\u00f4nicos\",\"Empresas de gest\u00e3o de res\u00edduos\",\"Engajamento do consumidor em reciclagem\",\"Gest\u00e3o de res\u00edduos direto da fabrica\",\"Gest\u00e3o de res\u00edduos eletroeletr\u00f4nicos\",\"Gest\u00e3o de res\u00edduos eletroeletr\u00f4nicos direto da fabrica\",\"Gest\u00e3o de res\u00edduos eletroeletr\u00f4nicos em s\u00e3o paulo\",\"Gest\u00e3o de res\u00edduos eletroeletr\u00f4nicos em sp\",\"Gest\u00e3o de res\u00edduos eletroeletr\u00f4nicos na Penha\",\"Gest\u00e3o de res\u00edduos eletroeletr\u00f4nicos na Vila Maria\",\"Gest\u00e3o de res\u00edduos eletroeletr\u00f4nicos na zona norte\",\"Gest\u00e3o de res\u00edduos eletroeletr\u00f4nicos no Br\u00e1s\",\"Gest\u00e3o de res\u00edduos eletroeletr\u00f4nicos no Carr\u00e3o\",\"Gest\u00e3o de res\u00edduos eletroeletr\u00f4nicos no Tatuap\u00e9\",\"Gest\u00e3o de res\u00edduos eletroeletr\u00f4nicos perto de mim\",\"Gest\u00e3o de res\u00edduos eletroeletr\u00f4nicos pre\u00e7o\",\"Gest\u00e3o de res\u00edduos eletroeletr\u00f4nicos pr\u00f3ximo a mim\",\"Gest\u00e3o de res\u00edduos eletr\u00f4nicos direto da fabrica\",\"Gest\u00e3o de res\u00edduos eletr\u00f4nicos em s\u00e3o paulo\",\"Gest\u00e3o de res\u00edduos eletr\u00f4nicos em sp\",\"Gest\u00e3o de res\u00edduos eletr\u00f4nicos na Penha\",\"Gest\u00e3o de res\u00edduos eletr\u00f4nicos na Vila Maria\",\"gest\u00e3o de res\u00edduos eletr\u00f4nicos na zona norte\",\"Gest\u00e3o de res\u00edduos eletr\u00f4nicos no Br\u00e1s\",\"Gest\u00e3o de res\u00edduos eletr\u00f4nicos no Carr\u00e3o\",\"Gest\u00e3o de res\u00edduos eletr\u00f4nicos no Tatuap\u00e9\",\"Gest\u00e3o de res\u00edduos eletr\u00f4nicos perto de mim\",\"Gest\u00e3o de res\u00edduos eletr\u00f4nicos pr\u00f3ximo a mim\",\"Gest\u00e3o de res\u00edduos em s\u00e3o paulo\",\"Gest\u00e3o de res\u00edduos em sp\",\"Gest\u00e3o de res\u00edduos na Penha\",\"Gest\u00e3o de res\u00edduos na Vila Maria\",\"gest\u00e3o de res\u00edduos na zona norte\",\"Gest\u00e3o de res\u00edduos no Br\u00e1s\",\"Gest\u00e3o de res\u00edduos no Carr\u00e3o\",\"Gest\u00e3o de res\u00edduos no Tatuap\u00e9\",\"Gest\u00e3o de res\u00edduos perto de mim\",\"Gest\u00e3o de res\u00edduos pre\u00e7o\",\"Gest\u00e3o de res\u00edduos pr\u00f3ximo a mim\",\"Impacto ambiental do lixo eletr\u00f4nico\",\"Investimento em tecnologia de reciclagem\",\"Legisla\u00e7\u00e3o sobre res\u00edduos eletr\u00f4nicos\",\"lixo eletr\u00f4nico\",\"loja de Gest\u00e3o de res\u00edduos\",\"loja de Gest\u00e3o de res\u00edduos eletroeletr\u00f4nicos\",\"loja de Gest\u00e3o de res\u00edduos eletr\u00f4nicos\",\"onde encontrar Gest\u00e3o de res\u00edduos\",\"onde encontrar Gest\u00e3o de res\u00edduos eletr\u00f4nicos\",\"Parcerias em sustentabilidade\",\"Pol\u00edtica de retorno de eletr\u00f4nicos\",\"Prote\u00e7\u00e3o ambiental\",\"Reciclagem de eletroeletr\u00f4nicos\",\"Reciclagem segura\",\"Recupera\u00e7\u00e3o de materiais\",\"Redu\u00e7\u00e3o de res\u00edduos tecnol\u00f3gicos\",\"res\u00edduos de San Lien\",\"responsabilidade ambiental\",\"servi\u00e7o de Gest\u00e3o de res\u00edduos\",\"servi\u00e7o de Gest\u00e3o de res\u00edduos eletroeletr\u00f4nicos\",\"servi\u00e7o de Gest\u00e3o de res\u00edduos eletr\u00f4nicos\",\"sustentabilidade empresarial\",\"Tecnologia e meio ambiente\"],\"articleSection\":[\"Descarte de lixo eletr\u00f4nico\",\"Gerenciamento de res\u00edduos\",\"Sucata de equipamento eletr\u00f4nico\"],\"inLanguage\":\"pt-BR\",\"potentialAction\":[{\"@type\":\"CommentAction\",\"name\":\"Comment\",\"target\":[\"https:\/\/www.sanlien.com.br\/blog\/gestao-de-residuos-eletroeletronicos-o-guia-definitivo-que-empresas-sustentaveis-precisam-seguir\/#respond\"]}]},{\"@type\":\"WebPage\",\"@id\":\"https:\/\/www.sanlien.com.br\/blog\/gestao-de-residuos-eletroeletronicos-o-guia-definitivo-que-empresas-sustentaveis-precisam-seguir\/\",\"url\":\"https:\/\/www.sanlien.com.br\/blog\/gestao-de-residuos-eletroeletronicos-o-guia-definitivo-que-empresas-sustentaveis-precisam-seguir\/\",\"name\":\"Gest\u00e3o de res\u00edduos eletroeletr\u00f4nicos: o guia definitivo que empresas sustent\u00e1veis \u200b\u200bprecisam seguir! - San Lien\",\"isPartOf\":{\"@id\":\"https:\/\/www.sanlien.com.br\/blog\/#website\"},\"datePublished\":\"2026-01-12T14:00:25+00:00\",\"dateModified\":\"2026-01-12T14:00:26+00:00\",\"description\":\"Descubra como implementar uma gest\u00e3o de res\u00edduos eletroeletr\u00f4nicos eficiente em sua empresa com nosso guia completo.\",\"breadcrumb\":{\"@id\":\"https:\/\/www.sanlien.com.br\/blog\/gestao-de-residuos-eletroeletronicos-o-guia-definitivo-que-empresas-sustentaveis-precisam-seguir\/#breadcrumb\"},\"inLanguage\":\"pt-BR\",\"potentialAction\":[{\"@type\":\"ReadAction\",\"target\":[\"https:\/\/www.sanlien.com.br\/blog\/gestao-de-residuos-eletroeletronicos-o-guia-definitivo-que-empresas-sustentaveis-precisam-seguir\/\"]}]},{\"@type\":\"BreadcrumbList\",\"@id\":\"https:\/\/www.sanlien.com.br\/blog\/gestao-de-residuos-eletroeletronicos-o-guia-definitivo-que-empresas-sustentaveis-precisam-seguir\/#breadcrumb\",\"itemListElement\":[{\"@type\":\"ListItem\",\"position\":1,\"name\":\"In\u00edcio\",\"item\":\"https:\/\/www.sanlien.com.br\/blog\/\"},{\"@type\":\"ListItem\",\"position\":2,\"name\":\"Gest\u00e3o de res\u00edduos eletroeletr\u00f4nicos: o guia definitivo que empresas sustent\u00e1veis \u200b\u200bprecisam seguir!\"}]},{\"@type\":\"WebSite\",\"@id\":\"https:\/\/www.sanlien.com.br\/blog\/#website\",\"url\":\"https:\/\/www.sanlien.com.br\/blog\/\",\"name\":\"San Lien\",\"description\":\"Blog - San Lien\",\"publisher\":{\"@id\":\"https:\/\/www.sanlien.com.br\/blog\/#organization\"},\"potentialAction\":[{\"@type\":\"SearchAction\",\"target\":{\"@type\":\"EntryPoint\",\"urlTemplate\":\"https:\/\/www.sanlien.com.br\/blog\/?s={search_term_string}\"},\"query-input\":\"required name=search_term_string\"}],\"inLanguage\":\"pt-BR\"},{\"@type\":\"Organization\",\"@id\":\"https:\/\/www.sanlien.com.br\/blog\/#organization\",\"name\":\"San Lien\",\"url\":\"https:\/\/www.sanlien.com.br\/blog\/\",\"logo\":{\"@type\":\"ImageObject\",\"inLanguage\":\"pt-BR\",\"@id\":\"https:\/\/www.sanlien.com.br\/blog\/#\/schema\/logo\/image\/\",\"url\":\"https:\/\/www.sanlien.com.br\/blog\/wp-content\/uploads\/2023\/11\/logo.png\",\"contentUrl\":\"https:\/\/www.sanlien.com.br\/blog\/wp-content\/uploads\/2023\/11\/logo.png\",\"width\":500,\"height\":300,\"caption\":\"San Lien\"},\"image\":{\"@id\":\"https:\/\/www.sanlien.com.br\/blog\/#\/schema\/logo\/image\/\"}},{\"@type\":\"Person\",\"@id\":\"https:\/\/www.sanlien.com.br\/blog\/#\/schema\/person\/85eb4a356aebbc1679ec5e4b8dac034a\",\"name\":\"admin\",\"image\":{\"@type\":\"ImageObject\",\"inLanguage\":\"pt-BR\",\"@id\":\"https:\/\/www.sanlien.com.br\/blog\/#\/schema\/person\/image\/\",\"url\":\"https:\/\/secure.gravatar.com\/avatar\/bd8125b24775f217cdea35dcfa839469?s=96&d=mm&r=g\",\"contentUrl\":\"https:\/\/secure.gravatar.com\/avatar\/bd8125b24775f217cdea35dcfa839469?s=96&d=mm&r=g\",\"caption\":\"admin\"},\"sameAs\":[\"https:\/\/sanlien.com.br\/blog\"],\"url\":\"https:\/\/www.sanlien.com.br\/blog\/author\/admin\/\"}]}<\/script>\n<!-- \/ Yoast SEO plugin. -->","yoast_head_json":{"title":"Gest\u00e3o de res\u00edduos eletroeletr\u00f4nicos: o guia definitivo que empresas sustent\u00e1veis \u200b\u200bprecisam seguir! - San Lien","description":"Descubra como implementar uma gest\u00e3o de res\u00edduos eletroeletr\u00f4nicos eficiente em sua empresa com nosso guia completo.","robots":{"index":"index","follow":"follow","max-snippet":"max-snippet:-1","max-image-preview":"max-image-preview:large","max-video-preview":"max-video-preview:-1"},"canonical":"https:\/\/www.sanlien.com.br\/blog\/gestao-de-residuos-eletroeletronicos-o-guia-definitivo-que-empresas-sustentaveis-precisam-seguir\/","og_locale":"pt_BR","og_type":"article","og_title":"Gest\u00e3o de res\u00edduos eletroeletr\u00f4nicos: o guia definitivo que empresas sustent\u00e1veis \u200b\u200bprecisam seguir! - San Lien","og_description":"Descubra como implementar uma gest\u00e3o de res\u00edduos eletroeletr\u00f4nicos eficiente em sua empresa com nosso guia completo.","og_url":"https:\/\/www.sanlien.com.br\/blog\/gestao-de-residuos-eletroeletronicos-o-guia-definitivo-que-empresas-sustentaveis-precisam-seguir\/","og_site_name":"San Lien","article_published_time":"2026-01-12T14:00:25+00:00","article_modified_time":"2026-01-12T14:00:26+00:00","og_image":[{"width":1000,"height":668,"url":"https:\/\/www.sanlien.com.br\/blog\/wp-content\/uploads\/2025\/02\/2915-1.jpg","type":"image\/jpeg"}],"author":"admin","twitter_card":"summary_large_image","twitter_misc":{"Escrito por":"admin","Est. tempo de leitura":"3 minutos"},"schema":{"@context":"https:\/\/schema.org","@graph":[{"@type":"Article","@id":"https:\/\/www.sanlien.com.br\/blog\/gestao-de-residuos-eletroeletronicos-o-guia-definitivo-que-empresas-sustentaveis-precisam-seguir\/#article","isPartOf":{"@id":"https:\/\/www.sanlien.com.br\/blog\/gestao-de-residuos-eletroeletronicos-o-guia-definitivo-que-empresas-sustentaveis-precisam-seguir\/"},"author":{"name":"admin","@id":"https:\/\/www.sanlien.com.br\/blog\/#\/schema\/person\/85eb4a356aebbc1679ec5e4b8dac034a"},"headline":"Gest\u00e3o de res\u00edduos eletroeletr\u00f4nicos: o guia definitivo que empresas sustent\u00e1veis \u200b\u200bprecisam seguir!","datePublished":"2026-01-12T14:00:25+00:00","dateModified":"2026-01-12T14:00:26+00:00","mainEntityOfPage":{"@id":"https:\/\/www.sanlien.com.br\/blog\/gestao-de-residuos-eletroeletronicos-o-guia-definitivo-que-empresas-sustentaveis-precisam-seguir\/"},"wordCount":603,"commentCount":0,"publisher":{"@id":"https:\/\/www.sanlien.com.br\/blog\/#organization"},"keywords":["Coleta de e-mails","comprar Gest\u00e3o de res\u00edduos","comprar Gest\u00e3o de res\u00edduos eletroeletr\u00f4nicos","Economia circular","empresa de Gest\u00e3o de res\u00edduos","empresa de Gest\u00e3o de res\u00edduos eletroeletr\u00f4nicos","empresa de Gest\u00e3o de res\u00edduos eletr\u00f4nicos","Empresas de gest\u00e3o de res\u00edduos","Engajamento do consumidor em reciclagem","Gest\u00e3o de res\u00edduos direto da fabrica","Gest\u00e3o de res\u00edduos eletroeletr\u00f4nicos","Gest\u00e3o de res\u00edduos eletroeletr\u00f4nicos direto da fabrica","Gest\u00e3o de res\u00edduos eletroeletr\u00f4nicos em s\u00e3o paulo","Gest\u00e3o de res\u00edduos eletroeletr\u00f4nicos em sp","Gest\u00e3o de res\u00edduos eletroeletr\u00f4nicos na Penha","Gest\u00e3o de res\u00edduos eletroeletr\u00f4nicos na Vila Maria","Gest\u00e3o de res\u00edduos eletroeletr\u00f4nicos na zona norte","Gest\u00e3o de res\u00edduos eletroeletr\u00f4nicos no Br\u00e1s","Gest\u00e3o de res\u00edduos eletroeletr\u00f4nicos no Carr\u00e3o","Gest\u00e3o de res\u00edduos eletroeletr\u00f4nicos no Tatuap\u00e9","Gest\u00e3o de res\u00edduos eletroeletr\u00f4nicos perto de mim","Gest\u00e3o de res\u00edduos eletroeletr\u00f4nicos pre\u00e7o","Gest\u00e3o de res\u00edduos eletroeletr\u00f4nicos pr\u00f3ximo a mim","Gest\u00e3o de res\u00edduos eletr\u00f4nicos direto da fabrica","Gest\u00e3o de res\u00edduos eletr\u00f4nicos em s\u00e3o paulo","Gest\u00e3o de res\u00edduos eletr\u00f4nicos em sp","Gest\u00e3o de res\u00edduos eletr\u00f4nicos na Penha","Gest\u00e3o de res\u00edduos eletr\u00f4nicos na Vila Maria","gest\u00e3o de res\u00edduos eletr\u00f4nicos na zona norte","Gest\u00e3o de res\u00edduos eletr\u00f4nicos no Br\u00e1s","Gest\u00e3o de res\u00edduos eletr\u00f4nicos no Carr\u00e3o","Gest\u00e3o de res\u00edduos eletr\u00f4nicos no Tatuap\u00e9","Gest\u00e3o de res\u00edduos eletr\u00f4nicos perto de mim","Gest\u00e3o de res\u00edduos eletr\u00f4nicos pr\u00f3ximo a mim","Gest\u00e3o de res\u00edduos em s\u00e3o paulo","Gest\u00e3o de res\u00edduos em sp","Gest\u00e3o de res\u00edduos na Penha","Gest\u00e3o de res\u00edduos na Vila Maria","gest\u00e3o de res\u00edduos na zona norte","Gest\u00e3o de res\u00edduos no Br\u00e1s","Gest\u00e3o de res\u00edduos no Carr\u00e3o","Gest\u00e3o de res\u00edduos no Tatuap\u00e9","Gest\u00e3o de res\u00edduos perto de mim","Gest\u00e3o de res\u00edduos pre\u00e7o","Gest\u00e3o de res\u00edduos pr\u00f3ximo a mim","Impacto ambiental do lixo eletr\u00f4nico","Investimento em tecnologia de reciclagem","Legisla\u00e7\u00e3o sobre res\u00edduos eletr\u00f4nicos","lixo eletr\u00f4nico","loja de Gest\u00e3o de res\u00edduos","loja de Gest\u00e3o de res\u00edduos eletroeletr\u00f4nicos","loja de Gest\u00e3o de res\u00edduos eletr\u00f4nicos","onde encontrar Gest\u00e3o de res\u00edduos","onde encontrar Gest\u00e3o de res\u00edduos eletr\u00f4nicos","Parcerias em sustentabilidade","Pol\u00edtica de retorno de eletr\u00f4nicos","Prote\u00e7\u00e3o ambiental","Reciclagem de eletroeletr\u00f4nicos","Reciclagem segura","Recupera\u00e7\u00e3o de materiais","Redu\u00e7\u00e3o de res\u00edduos tecnol\u00f3gicos","res\u00edduos de San Lien","responsabilidade ambiental","servi\u00e7o de Gest\u00e3o de res\u00edduos","servi\u00e7o de Gest\u00e3o de res\u00edduos eletroeletr\u00f4nicos","servi\u00e7o de Gest\u00e3o de res\u00edduos eletr\u00f4nicos","sustentabilidade empresarial","Tecnologia e meio ambiente"],"articleSection":["Descarte de lixo eletr\u00f4nico","Gerenciamento de res\u00edduos","Sucata de equipamento eletr\u00f4nico"],"inLanguage":"pt-BR","potentialAction":[{"@type":"CommentAction","name":"Comment","target":["https:\/\/www.sanlien.com.br\/blog\/gestao-de-residuos-eletroeletronicos-o-guia-definitivo-que-empresas-sustentaveis-precisam-seguir\/#respond"]}]},{"@type":"WebPage","@id":"https:\/\/www.sanlien.com.br\/blog\/gestao-de-residuos-eletroeletronicos-o-guia-definitivo-que-empresas-sustentaveis-precisam-seguir\/","url":"https:\/\/www.sanlien.com.br\/blog\/gestao-de-residuos-eletroeletronicos-o-guia-definitivo-que-empresas-sustentaveis-precisam-seguir\/","name":"Gest\u00e3o de res\u00edduos eletroeletr\u00f4nicos: o guia definitivo que empresas sustent\u00e1veis \u200b\u200bprecisam seguir! - San Lien","isPartOf":{"@id":"https:\/\/www.sanlien.com.br\/blog\/#website"},"datePublished":"2026-01-12T14:00:25+00:00","dateModified":"2026-01-12T14:00:26+00:00","description":"Descubra como implementar uma gest\u00e3o de res\u00edduos eletroeletr\u00f4nicos eficiente em sua empresa com nosso guia completo.","breadcrumb":{"@id":"https:\/\/www.sanlien.com.br\/blog\/gestao-de-residuos-eletroeletronicos-o-guia-definitivo-que-empresas-sustentaveis-precisam-seguir\/#breadcrumb"},"inLanguage":"pt-BR","potentialAction":[{"@type":"ReadAction","target":["https:\/\/www.sanlien.com.br\/blog\/gestao-de-residuos-eletroeletronicos-o-guia-definitivo-que-empresas-sustentaveis-precisam-seguir\/"]}]},{"@type":"BreadcrumbList","@id":"https:\/\/www.sanlien.com.br\/blog\/gestao-de-residuos-eletroeletronicos-o-guia-definitivo-que-empresas-sustentaveis-precisam-seguir\/#breadcrumb","itemListElement":[{"@type":"ListItem","position":1,"name":"In\u00edcio","item":"https:\/\/www.sanlien.com.br\/blog\/"},{"@type":"ListItem","position":2,"name":"Gest\u00e3o de res\u00edduos eletroeletr\u00f4nicos: o guia definitivo que empresas sustent\u00e1veis \u200b\u200bprecisam seguir!"}]},{"@type":"WebSite","@id":"https:\/\/www.sanlien.com.br\/blog\/#website","url":"https:\/\/www.sanlien.com.br\/blog\/","name":"San Lien","description":"Blog - San Lien","publisher":{"@id":"https:\/\/www.sanlien.com.br\/blog\/#organization"},"potentialAction":[{"@type":"SearchAction","target":{"@type":"EntryPoint","urlTemplate":"https:\/\/www.sanlien.com.br\/blog\/?s={search_term_string}"},"query-input":"required name=search_term_string"}],"inLanguage":"pt-BR"},{"@type":"Organization","@id":"https:\/\/www.sanlien.com.br\/blog\/#organization","name":"San Lien","url":"https:\/\/www.sanlien.com.br\/blog\/","logo":{"@type":"ImageObject","inLanguage":"pt-BR","@id":"https:\/\/www.sanlien.com.br\/blog\/#\/schema\/logo\/image\/","url":"https:\/\/www.sanlien.com.br\/blog\/wp-content\/uploads\/2023\/11\/logo.png","contentUrl":"https:\/\/www.sanlien.com.br\/blog\/wp-content\/uploads\/2023\/11\/logo.png","width":500,"height":300,"caption":"San Lien"},"image":{"@id":"https:\/\/www.sanlien.com.br\/blog\/#\/schema\/logo\/image\/"}},{"@type":"Person","@id":"https:\/\/www.sanlien.com.br\/blog\/#\/schema\/person\/85eb4a356aebbc1679ec5e4b8dac034a","name":"admin","image":{"@type":"ImageObject","inLanguage":"pt-BR","@id":"https:\/\/www.sanlien.com.br\/blog\/#\/schema\/person\/image\/","url":"https:\/\/secure.gravatar.com\/avatar\/bd8125b24775f217cdea35dcfa839469?s=96&d=mm&r=g","contentUrl":"https:\/\/secure.gravatar.com\/avatar\/bd8125b24775f217cdea35dcfa839469?s=96&d=mm&r=g","caption":"admin"},"sameAs":["https:\/\/sanlien.com.br\/blog"],"url":"https:\/\/www.sanlien.com.br\/blog\/author\/admin\/"}]}},"_links":{"self":[{"href":"https:\/\/www.sanlien.com.br\/blog\/wp-json\/wp\/v2\/posts\/304"}],"collection":[{"href":"https:\/\/www.sanlien.com.br\/blog\/wp-json\/wp\/v2\/posts"}],"about":[{"href":"https:\/\/www.sanlien.com.br\/blog\/wp-json\/wp\/v2\/types\/post"}],"author":[{"embeddable":true,"href":"https:\/\/www.sanlien.com.br\/blog\/wp-json\/wp\/v2\/users\/1"}],"replies":[{"embeddable":true,"href":"https:\/\/www.sanlien.com.br\/blog\/wp-json\/wp\/v2\/comments?post=304"}],"version-history":[{"count":2,"href":"https:\/\/www.sanlien.com.br\/blog\/wp-json\/wp\/v2\/posts\/304\/revisions"}],"predecessor-version":[{"id":473,"href":"https:\/\/www.sanlien.com.br\/blog\/wp-json\/wp\/v2\/posts\/304\/revisions\/473"}],"wp:featuredmedia":[{"embeddable":true,"href":"https:\/\/www.sanlien.com.br\/blog\/wp-json\/wp\/v2\/media\/305"}],"wp:attachment":[{"href":"https:\/\/www.sanlien.com.br\/blog\/wp-json\/wp\/v2\/media?parent=304"}],"wp:term":[{"taxonomy":"category","embeddable":true,"href":"https:\/\/www.sanlien.com.br\/blog\/wp-json\/wp\/v2\/categories?post=304"},{"taxonomy":"post_tag","embeddable":true,"href":"https:\/\/www.sanlien.com.br\/blog\/wp-json\/wp\/v2\/tags?post=304"}],"curies":[{"name":"wp","href":"https:\/\/api.w.org\/{rel}","templated":true}]}}