{"id":263,"date":"2024-12-13T11:00:00","date_gmt":"2024-12-13T11:00:00","guid":{"rendered":"https:\/\/www.sanlien.com.br\/blog\/?p=263"},"modified":"2024-12-12T19:48:20","modified_gmt":"2024-12-12T19:48:20","slug":"por-que-a-falta-de-coleta-de-sucata-eletronica-pode-colocar-sua-empresa-em-risco-legal","status":"publish","type":"post","link":"https:\/\/www.sanlien.com.br\/blog\/por-que-a-falta-de-coleta-de-sucata-eletronica-pode-colocar-sua-empresa-em-risco-legal\/","title":{"rendered":"Por que a falta de coleta de sucata eletr\u00f4nica pode colocar sua empresa em risco legal?"},"content":{"rendered":"<span class=\"rt-reading-time\" style=\"display: block;\"><span class=\"rt-label rt-prefix\">Tempo de leitura: <\/span> <span class=\"rt-time\">3<\/span> <span class=\"rt-label rt-postfix\">minutos<\/span><\/span>\n<p class=\"has-medium-font-size\"><strong><em>Descubra como a falta de coleta de sucata eletr\u00f4nica pode expor sua empresa a riscos legais. Saiba mais sobre a import\u00e2ncia deste servi\u00e7o essencial.<\/em><\/strong><\/p>\n\n\n\n<p>No mundo acelerado de hoje, a tecnologia evolui rapidamente, deixando para tr\u00e1s um rastro de dispositivos obsoletos e equipamentos eletr\u00f4nicos. A gest\u00e3o eficaz da <strong>sucata eletr\u00f4nica<\/strong> tornou-se uma necessidade urgente, n\u00e3o apenas por raz\u00f5es ambientais, mas tamb\u00e9m para a conformidade legal das empresas. Negligenciar esse dever pode expor as organiza\u00e7\u00f5es a riscos legais, afetando sua negocia\u00e7\u00e3o e resultados financeiros.<\/p>\n\n\n\n<ul>\n<li><a href=\"https:\/\/www.sanlien.com.br\/blog\/como-descartar-o-lixo-eletronico-de-forma-correta\/\">Como descartar o lixo eletr\u00f4nico de forma correta?<\/a><\/li>\n\n\n\n<li><a href=\"https:\/\/www.sanlien.com.br\/blog\/segredos-da-reciclagem-transforme-sucata-de-metal-em-dinheiro\/\">Segredos da reciclagem: transforme sucata de metal em dinheiro<\/a><\/li>\n<\/ul>\n\n\n\n<div id=\"ez-toc-container\" class=\"ez-toc-v2_0_62 counter-hierarchy ez-toc-counter ez-toc-grey ez-toc-container-direction\">\n<div class=\"ez-toc-title-container\">\n<p class=\"ez-toc-title \" >T&oacute;picos do artigo<\/p>\n<span class=\"ez-toc-title-toggle\"><a href=\"#\" class=\"ez-toc-pull-right ez-toc-btn ez-toc-btn-xs ez-toc-btn-default ez-toc-toggle\" aria-label=\"Toggle Table of Content\"><span class=\"ez-toc-js-icon-con\"><span class=\"\"><span class=\"eztoc-hide\" style=\"display:none;\">Toggle<\/span><span class=\"ez-toc-icon-toggle-span\"><svg style=\"fill: #999;color:#999\" xmlns=\"http:\/\/www.w3.org\/2000\/svg\" class=\"list-377408\" width=\"20px\" height=\"20px\" viewBox=\"0 0 24 24\" fill=\"none\"><path d=\"M6 6H4v2h2V6zm14 0H8v2h12V6zM4 11h2v2H4v-2zm16 0H8v2h12v-2zM4 16h2v2H4v-2zm16 0H8v2h12v-2z\" fill=\"currentColor\"><\/path><\/svg><svg style=\"fill: #999;color:#999\" class=\"arrow-unsorted-368013\" xmlns=\"http:\/\/www.w3.org\/2000\/svg\" width=\"10px\" height=\"10px\" viewBox=\"0 0 24 24\" version=\"1.2\" baseProfile=\"tiny\"><path d=\"M18.2 9.3l-6.2-6.3-6.2 6.3c-.2.2-.3.4-.3.7s.1.5.3.7c.2.2.4.3.7.3h11c.3 0 .5-.1.7-.3.2-.2.3-.5.3-.7s-.1-.5-.3-.7zM5.8 14.7l6.2 6.3 6.2-6.3c.2-.2.3-.5.3-.7s-.1-.5-.3-.7c-.2-.2-.4-.3-.7-.3h-11c-.3 0-.5.1-.7.3-.2.2-.3.5-.3.7s.1.5.3.7z\"\/><\/svg><\/span><\/span><\/span><\/a><\/span><\/div>\n<nav><ul class='ez-toc-list ez-toc-list-level-1 ' ><li class='ez-toc-page-1 ez-toc-heading-level-2'><a class=\"ez-toc-link ez-toc-heading-1\" href=\"https:\/\/www.sanlien.com.br\/blog\/por-que-a-falta-de-coleta-de-sucata-eletronica-pode-colocar-sua-empresa-em-risco-legal\/#O_que_e_sucata_eletronica\" title=\"O que \u00e9 sucata eletr\u00f4nica?\">O que \u00e9 sucata eletr\u00f4nica?<\/a><\/li><li class='ez-toc-page-1 ez-toc-heading-level-2'><a class=\"ez-toc-link ez-toc-heading-2\" href=\"https:\/\/www.sanlien.com.br\/blog\/por-que-a-falta-de-coleta-de-sucata-eletronica-pode-colocar-sua-empresa-em-risco-legal\/#Como_funciona_a_coleta\" title=\"Como funciona a coleta?\">Como funciona a coleta?<\/a><\/li><li class='ez-toc-page-1 ez-toc-heading-level-2'><a class=\"ez-toc-link ez-toc-heading-3\" href=\"https:\/\/www.sanlien.com.br\/blog\/por-que-a-falta-de-coleta-de-sucata-eletronica-pode-colocar-sua-empresa-em-risco-legal\/#Qual_a_importancia_para_sua_empresa\" title=\"Qual a import\u00e2ncia para sua empresa?\">Qual a import\u00e2ncia para sua empresa?<\/a><\/li><li class='ez-toc-page-1 ez-toc-heading-level-2'><a class=\"ez-toc-link ez-toc-heading-4\" href=\"https:\/\/www.sanlien.com.br\/blog\/por-que-a-falta-de-coleta-de-sucata-eletronica-pode-colocar-sua-empresa-em-risco-legal\/#Quais_sao_as_principais_leis\" title=\"Quais s\u00e3o as principais leis?\">Quais s\u00e3o as principais leis?<\/a><\/li><li class='ez-toc-page-1 ez-toc-heading-level-2'><a class=\"ez-toc-link ez-toc-heading-5\" href=\"https:\/\/www.sanlien.com.br\/blog\/por-que-a-falta-de-coleta-de-sucata-eletronica-pode-colocar-sua-empresa-em-risco-legal\/#Qual_empresa_realiza_a_coleta_de_sucata_eletronica\" title=\"Qual empresa realiza a coleta de sucata eletr\u00f4nica?\">Qual empresa realiza a coleta de sucata eletr\u00f4nica?<\/a><\/li><\/ul><\/nav><\/div>\n<h2 class=\"wp-block-heading\"><span class=\"ez-toc-section\" id=\"O_que_e_sucata_eletronica\"><\/span>O que \u00e9 sucata eletr\u00f4nica?<span class=\"ez-toc-section-end\"><\/span><\/h2>\n\n\n\n<p>A sucata eletr\u00f4nica, ou lixo eletr\u00f4nico, refere-se a <strong>produtos eletr\u00f4nicos que chegam ao fim de sua vida \u00fatil<\/strong>. Isso inclui computadores, impressoras, telefones, TVs, e at\u00e9 equipamentos maiores como copiadoras e equipamentos de ar condicionado.&nbsp;<\/p>\n\n\n\n<p>Com a r\u00e1pida substitui\u00e7\u00e3o de dispositivos antigos por novos, o volume de lixo eletr\u00f4nico cresce exponencialmente, criando desafios significativos para o descarte adequado.<\/p>\n\n\n\n<h2 class=\"wp-block-heading\"><span class=\"ez-toc-section\" id=\"Como_funciona_a_coleta\"><\/span>Como funciona a coleta?<span class=\"ez-toc-section-end\"><\/span><\/h2>\n\n\n<div class=\"wp-block-image is-style-rounded\">\n<figure class=\"alignright size-full is-resized\"><img decoding=\"async\" loading=\"lazy\" width=\"1000\" height=\"667\" src=\"https:\/\/www.sanlien.com.br\/blog\/wp-content\/uploads\/2024\/12\/2148996978-1.jpg\" alt=\"Por que a falta de coleta de sucata eletr\u00f4nica pode colocar sua empresa em risco legal?\" class=\"wp-image-265\" style=\"aspect-ratio:1.4992503748125936;width:298px;height:auto\"\/><\/figure><\/div>\n\n\n<p>A coleta de sucata eletr\u00f4nica envolve<strong> processos espec\u00edficos para garantir que os materiais sejam reciclados ou descartados de forma segura<\/strong>.&nbsp;<\/p>\n\n\n\n<p>Empresas especializadas coletam esses itens, desmontam e separam os componentes recicl\u00e1veis, tratam os res\u00edduos perigosos e descartam de maneira respons\u00e1vel os materiais que n\u00e3o podem ser recuperados.&nbsp;<\/p>\n\n\n\n<p>Este processo n\u00e3o protege apenas o meio ambiente, mas tamb\u00e9m recupera materiais importantes que podem ser reintroduzidos na cadeia produtiva.<\/p>\n\n\n\n<ul>\n<li><a href=\"https:\/\/www.sanlien.com.br\/blog\/empresa-de-coleta-de-sucata-de-equipamento-eletronico-conheca-a-san-lien\/\">Empresa de coleta de sucata de equipamento eletr\u00f4nico: conhe\u00e7a a San Lien<\/a><\/li>\n\n\n\n<li><a href=\"https:\/\/www.sanlien.com.br\/blog\/por-que-o-gerenciamento-de-residuos-eletronicos-e-crucial-para-o-ambiente\/\">Por que o gerenciamento de res\u00edduos eletr\u00f4nicos \u00e9 crucial para o ambiente?<\/a><\/li>\n<\/ul>\n\n\n\n<h2 class=\"wp-block-heading\"><span class=\"ez-toc-section\" id=\"Qual_a_importancia_para_sua_empresa\"><\/span>Qual a import\u00e2ncia para sua empresa?<span class=\"ez-toc-section-end\"><\/span><\/h2>\n\n\n\n<p>Para uma empresa, adotar pr\u00e1ticas sustent\u00e1veis \u200b\u200bde gest\u00e3o de lixo eletr\u00f4nico n\u00e3o \u00e9 apenas uma<strong> boa pr\u00e1tica ambiental<\/strong>, \u00e9 uma <strong>exig\u00eancia legal <\/strong>em muitos pa\u00edses. Ignorar as regulamenta\u00e7\u00f5es pode levar a ganhos severos, processos judiciais e danos \u00e0 imagem corporativa.&nbsp;<\/p>\n\n\n\n<p>Al\u00e9m disso, programas de reciclagem de lixo eletr\u00f4nico podem revelar-se <strong>economicamente vantajosos<\/strong>, reduzindo custos de descarte e at\u00e9 gerando receita a partir de materiais reciclados.<\/p>\n\n\n\n<h2 class=\"wp-block-heading\"><span class=\"ez-toc-section\" id=\"Quais_sao_as_principais_leis\"><\/span>Quais s\u00e3o as principais leis?<span class=\"ez-toc-section-end\"><\/span><\/h2>\n\n\n\n<p>Diversos pa\u00edses implementaram legisla\u00e7\u00e3o rigorosa para regular a coleta e reciclagem de sucata eletr\u00f4nica. Na Uni\u00e3o Europeia, por exemplo, a Diretiva WEEE exige que os fabricantes e importadores assumam a responsabilidade pelo fim da vida \u00fatil de seus produtos eletr\u00f4nicos.&nbsp;<\/p>\n\n\n\n<p>No Brasil, a <strong>Pol\u00edtica Nacional de Res\u00edduos S\u00f3lidos<\/strong> estabelece diretrizes semelhantes, exigindo que as empresas<strong> implementem sistemas de log\u00edstica reversa<\/strong>.<\/p>\n\n\n\n<h2 class=\"wp-block-heading\"><span class=\"ez-toc-section\" id=\"Qual_empresa_realiza_a_coleta_de_sucata_eletronica\"><\/span>Qual empresa realiza a coleta de sucata eletr\u00f4nica?<span class=\"ez-toc-section-end\"><\/span><\/h2>\n\n\n\n<p>A <strong><a href=\"https:\/\/www.sanlien.com.br\/\">San Lien<\/a><\/strong>, com mais de 20 anos de experi\u00eancia no mercado, \u00e9 um exemplo de excel\u00eancia na coleta de sucata eletr\u00f4nica. Oferecendo solu\u00e7\u00f5es completas e perdas em gest\u00e3o de res\u00edduos, a empresa se consolida como uma das mais conceituadas do pa\u00eds.\u00a0<\/p>\n\n\n\n<p>Suas pr\u00e1ticas n\u00e3o apenas atendem, mas frequentemente superam as crit\u00e9rios legais, garantindo que seus clientes mantenham conformidade com a legisla\u00e7\u00e3o vigente.<\/p>\n\n\n\n<p>Entre em <a href=\"https:\/\/www.sanlien.com.br\/contato\">contato<\/a> conosco!<\/p>\n\n\n\n<p>O que achou do conte\u00fado? Caso tenha gostado, continue acompanhando o <a href=\"https:\/\/www.sanlien.com.br\/blog\/\">blog da San Lien<\/a> e saiba mais informa\u00e7\u00f5es!<\/p>\n\n\n\n<p>At\u00e9 a pr\u00f3xima!<\/p>\n","protected":false},"excerpt":{"rendered":"<p><span class=\"rt-reading-time\" style=\"display: block;\"><span class=\"rt-label rt-prefix\">Tempo de leitura: <\/span> <span class=\"rt-time\">3<\/span> <span class=\"rt-label rt-postfix\">minutos<\/span><\/span> Descubra como a falta de coleta de sucata eletr\u00f4nica pode expor sua empresa a riscos legais. Saiba mais sobre a import\u00e2ncia deste servi\u00e7o essencial. No mundo acelerado de hoje, a tecnologia evolui rapidamente, deixando para tr\u00e1s um rastro de dispositivos obsoletos e equipamentos eletr\u00f4nicos. A gest\u00e3o eficaz da sucata eletr\u00f4nica tornou-se uma necessidade urgente, n\u00e3o &hellip; <\/p>\n","protected":false},"author":1,"featured_media":264,"comment_status":"open","ping_status":"open","sticky":false,"template":"","format":"standard","meta":{"footnotes":""},"categories":[626,1254],"tags":[634,329,1324,1321,1320,1329,1331,1322,1328,1330,1323,1326,1319,1327,19,637,31,27,635,636,147,43,15,47,1313,1316,1315,766,1306,1270,1310,144,1314,1040,1276,1303,1305,1311,1318,1317,11,1312,426,1304,1275,1309,1308,1307,39,1325,514],"yoast_head":"<!-- This site is optimized with the Yoast SEO plugin v21.5 - https:\/\/yoast.com\/wordpress\/plugins\/seo\/ -->\n<title>Por que a falta de coleta de sucata eletr\u00f4nica pode colocar sua empresa em risco legal? - San Lien<\/title>\n<meta name=\"description\" content=\"Descubra como a falta de coleta de sucata eletr\u00f4nica pode expor sua empresa a riscos legais. Saiba mais sobre a import\u00e2ncia deste servi\u00e7o\" \/>\n<meta name=\"robots\" content=\"index, follow, max-snippet:-1, max-image-preview:large, max-video-preview:-1\" \/>\n<link rel=\"canonical\" href=\"https:\/\/www.sanlien.com.br\/blog\/por-que-a-falta-de-coleta-de-sucata-eletronica-pode-colocar-sua-empresa-em-risco-legal\/\" \/>\n<meta property=\"og:locale\" content=\"pt_BR\" \/>\n<meta property=\"og:type\" content=\"article\" \/>\n<meta property=\"og:title\" content=\"Por que a falta de coleta de sucata eletr\u00f4nica pode colocar sua empresa em risco legal? - San Lien\" \/>\n<meta property=\"og:description\" content=\"Descubra como a falta de coleta de sucata eletr\u00f4nica pode expor sua empresa a riscos legais. Saiba mais sobre a import\u00e2ncia deste servi\u00e7o\" \/>\n<meta property=\"og:url\" content=\"https:\/\/www.sanlien.com.br\/blog\/por-que-a-falta-de-coleta-de-sucata-eletronica-pode-colocar-sua-empresa-em-risco-legal\/\" \/>\n<meta property=\"og:site_name\" content=\"San Lien\" \/>\n<meta property=\"article:published_time\" content=\"2024-12-13T11:00:00+00:00\" \/>\n<meta property=\"article:modified_time\" content=\"2024-12-12T19:48:20+00:00\" \/>\n<meta property=\"og:image\" content=\"https:\/\/www.sanlien.com.br\/blog\/wp-content\/uploads\/2024\/12\/2148996917-1.jpg\" \/>\n\t<meta property=\"og:image:width\" content=\"1000\" \/>\n\t<meta property=\"og:image:height\" content=\"594\" \/>\n\t<meta property=\"og:image:type\" content=\"image\/jpeg\" \/>\n<meta name=\"author\" content=\"admin\" \/>\n<meta name=\"twitter:card\" content=\"summary_large_image\" \/>\n<meta name=\"twitter:label1\" content=\"Escrito por\" \/>\n\t<meta name=\"twitter:data1\" content=\"admin\" \/>\n\t<meta name=\"twitter:label2\" content=\"Est. tempo de leitura\" \/>\n\t<meta name=\"twitter:data2\" content=\"3 minutos\" \/>\n<script type=\"application\/ld+json\" class=\"yoast-schema-graph\">{\"@context\":\"https:\/\/schema.org\",\"@graph\":[{\"@type\":\"Article\",\"@id\":\"https:\/\/www.sanlien.com.br\/blog\/por-que-a-falta-de-coleta-de-sucata-eletronica-pode-colocar-sua-empresa-em-risco-legal\/#article\",\"isPartOf\":{\"@id\":\"https:\/\/www.sanlien.com.br\/blog\/por-que-a-falta-de-coleta-de-sucata-eletronica-pode-colocar-sua-empresa-em-risco-legal\/\"},\"author\":{\"name\":\"admin\",\"@id\":\"https:\/\/www.sanlien.com.br\/blog\/#\/schema\/person\/85eb4a356aebbc1679ec5e4b8dac034a\"},\"headline\":\"Por que a falta de coleta de sucata eletr\u00f4nica pode colocar sua empresa em risco legal?\",\"datePublished\":\"2024-12-13T11:00:00+00:00\",\"dateModified\":\"2024-12-12T19:48:20+00:00\",\"mainEntityOfPage\":{\"@id\":\"https:\/\/www.sanlien.com.br\/blog\/por-que-a-falta-de-coleta-de-sucata-eletronica-pode-colocar-sua-empresa-em-risco-legal\/\"},\"wordCount\":575,\"commentCount\":0,\"publisher\":{\"@id\":\"https:\/\/www.sanlien.com.br\/blog\/#organization\"},\"keywords\":[\"coleta de sucata direto da fabrica\",\"coleta de sucata eletr\u00f4nica\",\"coleta de sucata eletr\u00f4nica direto da fabrica\",\"coleta de sucata eletr\u00f4nica em s\u00e3o paulo\",\"coleta de sucata eletr\u00f4nica em sp\",\"coleta de sucata eletr\u00f4nica na Penha\",\"coleta de sucata eletr\u00f4nica na Vila Maria\",\"coleta de sucata eletr\u00f4nica na zona norte\",\"coleta de sucata eletr\u00f4nica no Br\u00e1s\",\"coleta de sucata eletr\u00f4nica no Carr\u00e3o\",\"coleta de sucata eletr\u00f4nica no Tatuap\u00e9\",\"coleta de sucata eletr\u00f4nica perto de mim\",\"coleta de sucata eletr\u00f4nica pre\u00e7o\",\"coleta de sucata eletr\u00f4nica pr\u00f3ximo a mim\",\"coleta de sucata em sp\",\"coleta de sucata na Penha\",\"coleta de sucata na Vila Maria\",\"coleta de sucata na zona norte\",\"coleta de sucata no Br\u00e1s\",\"coleta de sucata no Carr\u00e3o\",\"coleta de sucata no Tatuap\u00e9\",\"coleta de sucata perto de mim\",\"coleta de sucata pre\u00e7o\",\"coleta de sucata pr\u00f3ximo a mim\",\"componentes eletr\u00f4nicos recicl\u00e1veis\",\"comprar coleta de sucata\",\"comprar coleta de sucata eletr\u00f4nica\",\"Conformidade Ambiental\",\"descarte de e-mail\",\"descarte seguro de eletr\u00f4nicos\",\"desmontagem de eletr\u00f4nicos\",\"empresa de coleta de sucata\",\"Espec\u00edfica WEEE\",\"gest\u00e3o de res\u00edduos eletr\u00f4nicos\",\"impacto ambiental de eletr\u00f4nicos\",\"legisla\u00e7\u00e3o sobre lixo eletr\u00f4nico\",\"lixo eletr\u00f4nico\",\"log\u00edstica reversa eletr\u00f4nica\",\"loja de coleta de sucata\",\"loja de coleta de sucata eletr\u00f4nica\",\"onde encontrar coleta de sucata\",\"Pol\u00edtica Nacional de Res\u00edduos S\u00f3lidos\",\"reciclagem de eletr\u00f4nicos\",\"reciclagem de tecnologia\",\"recupera\u00e7\u00e3o de materiais eletr\u00f4nicos\",\"responsabilidade empresarial\",\"risco legal por lixo eletr\u00f4nico\",\"San Lien coleta eletr\u00f4nica\",\"servi\u00e7o de coleta de sucata\",\"servi\u00e7o de coleta de sucata eletr\u00f4nica\",\"sustentabilidade empresarial\"],\"articleSection\":[\"Coleta de sucata\",\"Descarte de lixo eletr\u00f4nico\"],\"inLanguage\":\"pt-BR\",\"potentialAction\":[{\"@type\":\"CommentAction\",\"name\":\"Comment\",\"target\":[\"https:\/\/www.sanlien.com.br\/blog\/por-que-a-falta-de-coleta-de-sucata-eletronica-pode-colocar-sua-empresa-em-risco-legal\/#respond\"]}]},{\"@type\":\"WebPage\",\"@id\":\"https:\/\/www.sanlien.com.br\/blog\/por-que-a-falta-de-coleta-de-sucata-eletronica-pode-colocar-sua-empresa-em-risco-legal\/\",\"url\":\"https:\/\/www.sanlien.com.br\/blog\/por-que-a-falta-de-coleta-de-sucata-eletronica-pode-colocar-sua-empresa-em-risco-legal\/\",\"name\":\"Por que a falta de coleta de sucata eletr\u00f4nica pode colocar sua empresa em risco legal? - San Lien\",\"isPartOf\":{\"@id\":\"https:\/\/www.sanlien.com.br\/blog\/#website\"},\"datePublished\":\"2024-12-13T11:00:00+00:00\",\"dateModified\":\"2024-12-12T19:48:20+00:00\",\"description\":\"Descubra como a falta de coleta de sucata eletr\u00f4nica pode expor sua empresa a riscos legais. Saiba mais sobre a import\u00e2ncia deste servi\u00e7o\",\"breadcrumb\":{\"@id\":\"https:\/\/www.sanlien.com.br\/blog\/por-que-a-falta-de-coleta-de-sucata-eletronica-pode-colocar-sua-empresa-em-risco-legal\/#breadcrumb\"},\"inLanguage\":\"pt-BR\",\"potentialAction\":[{\"@type\":\"ReadAction\",\"target\":[\"https:\/\/www.sanlien.com.br\/blog\/por-que-a-falta-de-coleta-de-sucata-eletronica-pode-colocar-sua-empresa-em-risco-legal\/\"]}]},{\"@type\":\"BreadcrumbList\",\"@id\":\"https:\/\/www.sanlien.com.br\/blog\/por-que-a-falta-de-coleta-de-sucata-eletronica-pode-colocar-sua-empresa-em-risco-legal\/#breadcrumb\",\"itemListElement\":[{\"@type\":\"ListItem\",\"position\":1,\"name\":\"In\u00edcio\",\"item\":\"https:\/\/www.sanlien.com.br\/blog\/\"},{\"@type\":\"ListItem\",\"position\":2,\"name\":\"Por que a falta de coleta de sucata eletr\u00f4nica pode colocar sua empresa em risco legal?\"}]},{\"@type\":\"WebSite\",\"@id\":\"https:\/\/www.sanlien.com.br\/blog\/#website\",\"url\":\"https:\/\/www.sanlien.com.br\/blog\/\",\"name\":\"San Lien\",\"description\":\"Blog - San Lien\",\"publisher\":{\"@id\":\"https:\/\/www.sanlien.com.br\/blog\/#organization\"},\"potentialAction\":[{\"@type\":\"SearchAction\",\"target\":{\"@type\":\"EntryPoint\",\"urlTemplate\":\"https:\/\/www.sanlien.com.br\/blog\/?s={search_term_string}\"},\"query-input\":\"required name=search_term_string\"}],\"inLanguage\":\"pt-BR\"},{\"@type\":\"Organization\",\"@id\":\"https:\/\/www.sanlien.com.br\/blog\/#organization\",\"name\":\"San Lien\",\"url\":\"https:\/\/www.sanlien.com.br\/blog\/\",\"logo\":{\"@type\":\"ImageObject\",\"inLanguage\":\"pt-BR\",\"@id\":\"https:\/\/www.sanlien.com.br\/blog\/#\/schema\/logo\/image\/\",\"url\":\"https:\/\/www.sanlien.com.br\/blog\/wp-content\/uploads\/2023\/11\/logo.png\",\"contentUrl\":\"https:\/\/www.sanlien.com.br\/blog\/wp-content\/uploads\/2023\/11\/logo.png\",\"width\":500,\"height\":300,\"caption\":\"San Lien\"},\"image\":{\"@id\":\"https:\/\/www.sanlien.com.br\/blog\/#\/schema\/logo\/image\/\"}},{\"@type\":\"Person\",\"@id\":\"https:\/\/www.sanlien.com.br\/blog\/#\/schema\/person\/85eb4a356aebbc1679ec5e4b8dac034a\",\"name\":\"admin\",\"image\":{\"@type\":\"ImageObject\",\"inLanguage\":\"pt-BR\",\"@id\":\"https:\/\/www.sanlien.com.br\/blog\/#\/schema\/person\/image\/\",\"url\":\"https:\/\/secure.gravatar.com\/avatar\/bd8125b24775f217cdea35dcfa839469?s=96&d=mm&r=g\",\"contentUrl\":\"https:\/\/secure.gravatar.com\/avatar\/bd8125b24775f217cdea35dcfa839469?s=96&d=mm&r=g\",\"caption\":\"admin\"},\"sameAs\":[\"https:\/\/sanlien.com.br\/blog\"],\"url\":\"https:\/\/www.sanlien.com.br\/blog\/author\/admin\/\"}]}<\/script>\n<!-- \/ Yoast SEO plugin. -->","yoast_head_json":{"title":"Por que a falta de coleta de sucata eletr\u00f4nica pode colocar sua empresa em risco legal? - San Lien","description":"Descubra como a falta de coleta de sucata eletr\u00f4nica pode expor sua empresa a riscos legais. Saiba mais sobre a import\u00e2ncia deste servi\u00e7o","robots":{"index":"index","follow":"follow","max-snippet":"max-snippet:-1","max-image-preview":"max-image-preview:large","max-video-preview":"max-video-preview:-1"},"canonical":"https:\/\/www.sanlien.com.br\/blog\/por-que-a-falta-de-coleta-de-sucata-eletronica-pode-colocar-sua-empresa-em-risco-legal\/","og_locale":"pt_BR","og_type":"article","og_title":"Por que a falta de coleta de sucata eletr\u00f4nica pode colocar sua empresa em risco legal? - San Lien","og_description":"Descubra como a falta de coleta de sucata eletr\u00f4nica pode expor sua empresa a riscos legais. Saiba mais sobre a import\u00e2ncia deste servi\u00e7o","og_url":"https:\/\/www.sanlien.com.br\/blog\/por-que-a-falta-de-coleta-de-sucata-eletronica-pode-colocar-sua-empresa-em-risco-legal\/","og_site_name":"San Lien","article_published_time":"2024-12-13T11:00:00+00:00","article_modified_time":"2024-12-12T19:48:20+00:00","og_image":[{"width":1000,"height":594,"url":"https:\/\/www.sanlien.com.br\/blog\/wp-content\/uploads\/2024\/12\/2148996917-1.jpg","type":"image\/jpeg"}],"author":"admin","twitter_card":"summary_large_image","twitter_misc":{"Escrito por":"admin","Est. tempo de leitura":"3 minutos"},"schema":{"@context":"https:\/\/schema.org","@graph":[{"@type":"Article","@id":"https:\/\/www.sanlien.com.br\/blog\/por-que-a-falta-de-coleta-de-sucata-eletronica-pode-colocar-sua-empresa-em-risco-legal\/#article","isPartOf":{"@id":"https:\/\/www.sanlien.com.br\/blog\/por-que-a-falta-de-coleta-de-sucata-eletronica-pode-colocar-sua-empresa-em-risco-legal\/"},"author":{"name":"admin","@id":"https:\/\/www.sanlien.com.br\/blog\/#\/schema\/person\/85eb4a356aebbc1679ec5e4b8dac034a"},"headline":"Por que a falta de coleta de sucata eletr\u00f4nica pode colocar sua empresa em risco legal?","datePublished":"2024-12-13T11:00:00+00:00","dateModified":"2024-12-12T19:48:20+00:00","mainEntityOfPage":{"@id":"https:\/\/www.sanlien.com.br\/blog\/por-que-a-falta-de-coleta-de-sucata-eletronica-pode-colocar-sua-empresa-em-risco-legal\/"},"wordCount":575,"commentCount":0,"publisher":{"@id":"https:\/\/www.sanlien.com.br\/blog\/#organization"},"keywords":["coleta de sucata direto da fabrica","coleta de sucata eletr\u00f4nica","coleta de sucata eletr\u00f4nica direto da fabrica","coleta de sucata eletr\u00f4nica em s\u00e3o paulo","coleta de sucata eletr\u00f4nica em sp","coleta de sucata eletr\u00f4nica na Penha","coleta de sucata eletr\u00f4nica na Vila Maria","coleta de sucata eletr\u00f4nica na zona norte","coleta de sucata eletr\u00f4nica no Br\u00e1s","coleta de sucata eletr\u00f4nica no Carr\u00e3o","coleta de sucata eletr\u00f4nica no Tatuap\u00e9","coleta de sucata eletr\u00f4nica perto de mim","coleta de sucata eletr\u00f4nica pre\u00e7o","coleta de sucata eletr\u00f4nica pr\u00f3ximo a mim","coleta de sucata em sp","coleta de sucata na Penha","coleta de sucata na Vila Maria","coleta de sucata na zona norte","coleta de sucata no Br\u00e1s","coleta de sucata no Carr\u00e3o","coleta de sucata no Tatuap\u00e9","coleta de sucata perto de mim","coleta de sucata pre\u00e7o","coleta de sucata pr\u00f3ximo a mim","componentes eletr\u00f4nicos recicl\u00e1veis","comprar coleta de sucata","comprar coleta de sucata eletr\u00f4nica","Conformidade Ambiental","descarte de e-mail","descarte seguro de eletr\u00f4nicos","desmontagem de eletr\u00f4nicos","empresa de coleta de sucata","Espec\u00edfica WEEE","gest\u00e3o de res\u00edduos eletr\u00f4nicos","impacto ambiental de eletr\u00f4nicos","legisla\u00e7\u00e3o sobre lixo eletr\u00f4nico","lixo eletr\u00f4nico","log\u00edstica reversa eletr\u00f4nica","loja de coleta de sucata","loja de coleta de sucata eletr\u00f4nica","onde encontrar coleta de sucata","Pol\u00edtica Nacional de Res\u00edduos S\u00f3lidos","reciclagem de eletr\u00f4nicos","reciclagem de tecnologia","recupera\u00e7\u00e3o de materiais eletr\u00f4nicos","responsabilidade empresarial","risco legal por lixo eletr\u00f4nico","San Lien coleta eletr\u00f4nica","servi\u00e7o de coleta de sucata","servi\u00e7o de coleta de sucata eletr\u00f4nica","sustentabilidade empresarial"],"articleSection":["Coleta de sucata","Descarte de lixo eletr\u00f4nico"],"inLanguage":"pt-BR","potentialAction":[{"@type":"CommentAction","name":"Comment","target":["https:\/\/www.sanlien.com.br\/blog\/por-que-a-falta-de-coleta-de-sucata-eletronica-pode-colocar-sua-empresa-em-risco-legal\/#respond"]}]},{"@type":"WebPage","@id":"https:\/\/www.sanlien.com.br\/blog\/por-que-a-falta-de-coleta-de-sucata-eletronica-pode-colocar-sua-empresa-em-risco-legal\/","url":"https:\/\/www.sanlien.com.br\/blog\/por-que-a-falta-de-coleta-de-sucata-eletronica-pode-colocar-sua-empresa-em-risco-legal\/","name":"Por que a falta de coleta de sucata eletr\u00f4nica pode colocar sua empresa em risco legal? - San Lien","isPartOf":{"@id":"https:\/\/www.sanlien.com.br\/blog\/#website"},"datePublished":"2024-12-13T11:00:00+00:00","dateModified":"2024-12-12T19:48:20+00:00","description":"Descubra como a falta de coleta de sucata eletr\u00f4nica pode expor sua empresa a riscos legais. Saiba mais sobre a import\u00e2ncia deste servi\u00e7o","breadcrumb":{"@id":"https:\/\/www.sanlien.com.br\/blog\/por-que-a-falta-de-coleta-de-sucata-eletronica-pode-colocar-sua-empresa-em-risco-legal\/#breadcrumb"},"inLanguage":"pt-BR","potentialAction":[{"@type":"ReadAction","target":["https:\/\/www.sanlien.com.br\/blog\/por-que-a-falta-de-coleta-de-sucata-eletronica-pode-colocar-sua-empresa-em-risco-legal\/"]}]},{"@type":"BreadcrumbList","@id":"https:\/\/www.sanlien.com.br\/blog\/por-que-a-falta-de-coleta-de-sucata-eletronica-pode-colocar-sua-empresa-em-risco-legal\/#breadcrumb","itemListElement":[{"@type":"ListItem","position":1,"name":"In\u00edcio","item":"https:\/\/www.sanlien.com.br\/blog\/"},{"@type":"ListItem","position":2,"name":"Por que a falta de coleta de sucata eletr\u00f4nica pode colocar sua empresa em risco legal?"}]},{"@type":"WebSite","@id":"https:\/\/www.sanlien.com.br\/blog\/#website","url":"https:\/\/www.sanlien.com.br\/blog\/","name":"San Lien","description":"Blog - San Lien","publisher":{"@id":"https:\/\/www.sanlien.com.br\/blog\/#organization"},"potentialAction":[{"@type":"SearchAction","target":{"@type":"EntryPoint","urlTemplate":"https:\/\/www.sanlien.com.br\/blog\/?s={search_term_string}"},"query-input":"required name=search_term_string"}],"inLanguage":"pt-BR"},{"@type":"Organization","@id":"https:\/\/www.sanlien.com.br\/blog\/#organization","name":"San Lien","url":"https:\/\/www.sanlien.com.br\/blog\/","logo":{"@type":"ImageObject","inLanguage":"pt-BR","@id":"https:\/\/www.sanlien.com.br\/blog\/#\/schema\/logo\/image\/","url":"https:\/\/www.sanlien.com.br\/blog\/wp-content\/uploads\/2023\/11\/logo.png","contentUrl":"https:\/\/www.sanlien.com.br\/blog\/wp-content\/uploads\/2023\/11\/logo.png","width":500,"height":300,"caption":"San Lien"},"image":{"@id":"https:\/\/www.sanlien.com.br\/blog\/#\/schema\/logo\/image\/"}},{"@type":"Person","@id":"https:\/\/www.sanlien.com.br\/blog\/#\/schema\/person\/85eb4a356aebbc1679ec5e4b8dac034a","name":"admin","image":{"@type":"ImageObject","inLanguage":"pt-BR","@id":"https:\/\/www.sanlien.com.br\/blog\/#\/schema\/person\/image\/","url":"https:\/\/secure.gravatar.com\/avatar\/bd8125b24775f217cdea35dcfa839469?s=96&d=mm&r=g","contentUrl":"https:\/\/secure.gravatar.com\/avatar\/bd8125b24775f217cdea35dcfa839469?s=96&d=mm&r=g","caption":"admin"},"sameAs":["https:\/\/sanlien.com.br\/blog"],"url":"https:\/\/www.sanlien.com.br\/blog\/author\/admin\/"}]}},"_links":{"self":[{"href":"https:\/\/www.sanlien.com.br\/blog\/wp-json\/wp\/v2\/posts\/263"}],"collection":[{"href":"https:\/\/www.sanlien.com.br\/blog\/wp-json\/wp\/v2\/posts"}],"about":[{"href":"https:\/\/www.sanlien.com.br\/blog\/wp-json\/wp\/v2\/types\/post"}],"author":[{"embeddable":true,"href":"https:\/\/www.sanlien.com.br\/blog\/wp-json\/wp\/v2\/users\/1"}],"replies":[{"embeddable":true,"href":"https:\/\/www.sanlien.com.br\/blog\/wp-json\/wp\/v2\/comments?post=263"}],"version-history":[{"count":1,"href":"https:\/\/www.sanlien.com.br\/blog\/wp-json\/wp\/v2\/posts\/263\/revisions"}],"predecessor-version":[{"id":266,"href":"https:\/\/www.sanlien.com.br\/blog\/wp-json\/wp\/v2\/posts\/263\/revisions\/266"}],"wp:featuredmedia":[{"embeddable":true,"href":"https:\/\/www.sanlien.com.br\/blog\/wp-json\/wp\/v2\/media\/264"}],"wp:attachment":[{"href":"https:\/\/www.sanlien.com.br\/blog\/wp-json\/wp\/v2\/media?parent=263"}],"wp:term":[{"taxonomy":"category","embeddable":true,"href":"https:\/\/www.sanlien.com.br\/blog\/wp-json\/wp\/v2\/categories?post=263"},{"taxonomy":"post_tag","embeddable":true,"href":"https:\/\/www.sanlien.com.br\/blog\/wp-json\/wp\/v2\/tags?post=263"}],"curies":[{"name":"wp","href":"https:\/\/api.w.org\/{rel}","templated":true}]}}