{"id":249,"date":"2025-12-12T10:32:33","date_gmt":"2025-12-12T10:32:33","guid":{"rendered":"https:\/\/www.sanlien.com.br\/blog\/?p=249"},"modified":"2026-01-05T13:31:31","modified_gmt":"2026-01-05T13:31:31","slug":"por-que-o-gerenciamento-de-residuos-eletronicos-e-crucial-para-o-ambiente","status":"publish","type":"post","link":"https:\/\/www.sanlien.com.br\/blog\/por-que-o-gerenciamento-de-residuos-eletronicos-e-crucial-para-o-ambiente\/","title":{"rendered":"Por que o gerenciamento de res\u00edduos eletr\u00f4nicos \u00e9 crucial para o ambiente?"},"content":{"rendered":"<span class=\"rt-reading-time\" style=\"display: block;\"><span class=\"rt-label rt-prefix\">Tempo de leitura: <\/span> <span class=\"rt-time\">3<\/span> <span class=\"rt-label rt-postfix\">minutos<\/span><\/span>\n<p class=\"has-medium-font-size\"><strong><em>Descubra como o gerenciamento de res\u00edduos eletr\u00f4nicos pode ajudar a proteger o ambiente e conhe\u00e7a a San Lien, l\u00edder no setor.<\/em><\/strong><\/p>\n\n\n\n<p>Vivemos em uma era tecnol\u00f3gica onde a inova\u00e7\u00e3o e a atualiza\u00e7\u00e3o constante de dispositivos eletr\u00f4nicos se tornaram a norma. Com isso, surge um problema ambiental significativo: o ac\u00famulo de res\u00edduos eletr\u00f4nicos.&nbsp;<\/p>\n\n\n\n<p>Estes n\u00e3o s\u00e3o apenas volumosos, mas tamb\u00e9m cont\u00eam subst\u00e2ncias que podem ser extremamente prejudiciais ao meio ambiente se n\u00e3o forem manuseadas corretamente. Entender o <strong>gerenciamento de res\u00edduos eletr\u00f4nicos<\/strong> \u00e9 fundamental para minimizar impactos ambientais negativos, promovendo um futuro mais sustent\u00e1vel.<\/p>\n\n\n\n<ul>\n<li><a href=\"https:\/\/www.sanlien.com.br\/blog\/servico-de-manufatura-reversa-em-sao-paulo-onde-contratar\/\">Servi\u00e7o de manufatura reversa em S\u00e3o Paulo: onde contratar?<\/a><\/li>\n\n\n\n<li><a href=\"https:\/\/www.sanlien.com.br\/blog\/descarte-de-lixo-eletronico-como-realizar-de-forma-consciente-e-segura\/\">Descarte de lixo eletr\u00f4nico: como realizar de forma consciente e segura?<\/a><\/li>\n<\/ul>\n\n\n\n<div id=\"ez-toc-container\" class=\"ez-toc-v2_0_62 counter-hierarchy ez-toc-counter ez-toc-grey ez-toc-container-direction\">\n<div class=\"ez-toc-title-container\">\n<p class=\"ez-toc-title \" >T&oacute;picos do artigo<\/p>\n<span class=\"ez-toc-title-toggle\"><a href=\"#\" class=\"ez-toc-pull-right ez-toc-btn ez-toc-btn-xs ez-toc-btn-default ez-toc-toggle\" aria-label=\"Toggle Table of Content\"><span class=\"ez-toc-js-icon-con\"><span class=\"\"><span class=\"eztoc-hide\" style=\"display:none;\">Toggle<\/span><span class=\"ez-toc-icon-toggle-span\"><svg style=\"fill: #999;color:#999\" xmlns=\"http:\/\/www.w3.org\/2000\/svg\" class=\"list-377408\" width=\"20px\" height=\"20px\" viewBox=\"0 0 24 24\" fill=\"none\"><path d=\"M6 6H4v2h2V6zm14 0H8v2h12V6zM4 11h2v2H4v-2zm16 0H8v2h12v-2zM4 16h2v2H4v-2zm16 0H8v2h12v-2z\" fill=\"currentColor\"><\/path><\/svg><svg style=\"fill: #999;color:#999\" class=\"arrow-unsorted-368013\" xmlns=\"http:\/\/www.w3.org\/2000\/svg\" width=\"10px\" height=\"10px\" viewBox=\"0 0 24 24\" version=\"1.2\" baseProfile=\"tiny\"><path d=\"M18.2 9.3l-6.2-6.3-6.2 6.3c-.2.2-.3.4-.3.7s.1.5.3.7c.2.2.4.3.7.3h11c.3 0 .5-.1.7-.3.2-.2.3-.5.3-.7s-.1-.5-.3-.7zM5.8 14.7l6.2 6.3 6.2-6.3c.2-.2.3-.5.3-.7s-.1-.5-.3-.7c-.2-.2-.4-.3-.7-.3h-11c-.3 0-.5.1-.7.3-.2.2-.3.5-.3.7s.1.5.3.7z\"\/><\/svg><\/span><\/span><\/span><\/a><\/span><\/div>\n<nav><ul class='ez-toc-list ez-toc-list-level-1 ' ><li class='ez-toc-page-1 ez-toc-heading-level-2'><a class=\"ez-toc-link ez-toc-heading-1\" href=\"https:\/\/www.sanlien.com.br\/blog\/por-que-o-gerenciamento-de-residuos-eletronicos-e-crucial-para-o-ambiente\/#O_que_e_o_gerenciamento_de_residuos_eletronicos\" title=\"O que \u00e9 o gerenciamento de res\u00edduos eletr\u00f4nicos?\">O que \u00e9 o gerenciamento de res\u00edduos eletr\u00f4nicos?<\/a><\/li><li class='ez-toc-page-1 ez-toc-heading-level-2'><a class=\"ez-toc-link ez-toc-heading-2\" href=\"https:\/\/www.sanlien.com.br\/blog\/por-que-o-gerenciamento-de-residuos-eletronicos-e-crucial-para-o-ambiente\/#Qual_a_importancia\" title=\"Qual a import\u00e2ncia?\">Qual a import\u00e2ncia?<\/a><\/li><li class='ez-toc-page-1 ez-toc-heading-level-2'><a class=\"ez-toc-link ez-toc-heading-3\" href=\"https:\/\/www.sanlien.com.br\/blog\/por-que-o-gerenciamento-de-residuos-eletronicos-e-crucial-para-o-ambiente\/#Como_descartar_corretamente_os_residuos_eletronicos\" title=\"Como descartar corretamente os res\u00edduos eletr\u00f4nicos?\">Como descartar corretamente os res\u00edduos eletr\u00f4nicos?<\/a><\/li><li class='ez-toc-page-1 ez-toc-heading-level-2'><a class=\"ez-toc-link ez-toc-heading-4\" href=\"https:\/\/www.sanlien.com.br\/blog\/por-que-o-gerenciamento-de-residuos-eletronicos-e-crucial-para-o-ambiente\/#Como_funciona_a_gestao_de_residuos\" title=\"Como funciona a gest\u00e3o de res\u00edduos?\">Como funciona a gest\u00e3o de res\u00edduos?<\/a><\/li><li class='ez-toc-page-1 ez-toc-heading-level-2'><a class=\"ez-toc-link ez-toc-heading-5\" href=\"https:\/\/www.sanlien.com.br\/blog\/por-que-o-gerenciamento-de-residuos-eletronicos-e-crucial-para-o-ambiente\/#Qual_empresa_escolher_para_gerenciamento_de_residuos_eletronicos\" title=\"Qual empresa escolher para gerenciamento de res\u00edduos eletr\u00f4nicos?\">Qual empresa escolher para gerenciamento de res\u00edduos eletr\u00f4nicos?<\/a><\/li><\/ul><\/nav><\/div>\n<h2 class=\"wp-block-heading\"><span class=\"ez-toc-section\" id=\"O_que_e_o_gerenciamento_de_residuos_eletronicos\"><\/span>O que \u00e9 o gerenciamento de res\u00edduos eletr\u00f4nicos?<span class=\"ez-toc-section-end\"><\/span><\/h2>\n\n\n\n<p>O gerenciamento de res\u00edduos eletr\u00f4nicos envolve o <strong>processo de coletar, tratar e descartar equipamentos eletr\u00f4nicos de maneira respons\u00e1vel<\/strong>. Esses equipamentos incluem computadores antigos, celulares, impressoras, televisores e qualquer outro dispositivo que tenha cumprido seu ciclo de vida \u00fatil.&nbsp;<\/p>\n\n\n\n<p>O objetivo do gerenciamento adequado \u00e9 reduzir o volume de res\u00edduos enviados para aterros sanit\u00e1rios, recuperar materiais valiosos que podem ser reciclados e garantir que toxinas n\u00e3o sejam liberadas no ambiente.<\/p>\n\n\n\n<h2 class=\"wp-block-heading\"><span class=\"ez-toc-section\" id=\"Qual_a_importancia\"><\/span>Qual a import\u00e2ncia?<span class=\"ez-toc-section-end\"><\/span><\/h2>\n\n\n\n<p>O gerenciamento eficaz de res\u00edduos eletr\u00f4nicos \u00e9 crucial por v\u00e1rias raz\u00f5es. Primeiramente, <strong>reduz a quantidade de res\u00edduos que acabam em aterros<\/strong>, onde subst\u00e2ncias perigosas como chumbo, merc\u00fario e c\u00e1dmio podem contaminar o solo e \u00e1gua, prejudicando a sa\u00fade humana e de ecossistemas inteiros.&nbsp;<\/p>\n\n\n\n<p>Al\u00e9m disso, a<strong> reciclagem de componentes eletr\u00f4nicos promove a conserva\u00e7\u00e3o de recursos naturais<\/strong>, como metais raros e preciosos, reduzindo a necessidade de extra\u00e7\u00e3o mineral que tamb\u00e9m impacta negativamente o meio ambiente.<\/p>\n\n\n\n<h2 class=\"wp-block-heading\"><span class=\"ez-toc-section\" id=\"Como_descartar_corretamente_os_residuos_eletronicos\"><\/span>Como descartar corretamente os res\u00edduos eletr\u00f4nicos?<span class=\"ez-toc-section-end\"><\/span><\/h2>\n\n\n\n<p>Descartar corretamente os res\u00edduos eletr\u00f4nicos come\u00e7a pela conscientiza\u00e7\u00e3o sobre a import\u00e2ncia de <strong>n\u00e3o jog\u00e1-los no lixo comum<\/strong>. Muitas cidades possuem pontos de coleta especializados e campanhas de recolhimento, onde os eletr\u00f4nicos podem ser entregues para que recebam o tratamento adequado.&nbsp;<\/p>\n\n\n\n<p>Al\u00e9m disso, algumas lojas e fabricantes de eletr\u00f4nicos oferecem programas de retorno de produtos antigos quando novos s\u00e3o comprados, facilitando o processo de reciclagem.<\/p>\n\n\n\n<ul>\n<li><a href=\"https:\/\/www.sanlien.com.br\/blog\/certificado-de-destinacao-de-residuos-o-que-e-e-como-emitir\/\">Certificado de destina\u00e7\u00e3o de res\u00edduos: o que \u00e9 e como emitir?<\/a><\/li>\n\n\n\n<li><a href=\"https:\/\/www.sanlien.com.br\/blog\/protecao-da-marca-e-reciclagem-como-sua-empresa-pode-beneficiar-se-de-praticas-sustentaveis\/\">Prote\u00e7\u00e3o da marca e reciclagem: como sua empresa pode beneficiar-se de pr\u00e1ticas sustent\u00e1veis<\/a><\/li>\n<\/ul>\n\n\n\n<h2 class=\"wp-block-heading\"><span class=\"ez-toc-section\" id=\"Como_funciona_a_gestao_de_residuos\"><\/span>Como funciona a gest\u00e3o de res\u00edduos?<span class=\"ez-toc-section-end\"><\/span><\/h2>\n\n\n\n<p>O processo de gerenciamento de res\u00edduos eletr\u00f4nicos come\u00e7a com a <strong>coleta e o transporte adequados para instala\u00e7\u00f5es especializadas<\/strong>. Nestes locais, uma equipe de profissionais treinados identifica o tipo de material e sua quantidade para determinar o m\u00e9todo de reciclagem ou descarte mais seguro e eficiente.&nbsp;<\/p>\n\n\n\n<p>Esses procedimentos garantem a destina\u00e7\u00e3o ambientalmente correta dos res\u00edduos, acompanhada da emiss\u00e3o de certificados ambientais que comprovam o manejo adequado.<\/p>\n\n\n\n<h2 class=\"wp-block-heading\"><span class=\"ez-toc-section\" id=\"Qual_empresa_escolher_para_gerenciamento_de_residuos_eletronicos\"><\/span>Qual empresa escolher para gerenciamento de res\u00edduos eletr\u00f4nicos?<span class=\"ez-toc-section-end\"><\/span><\/h2>\n\n\n\n<p>Ao escolher uma empresa para o gerenciamento de res\u00edduos eletr\u00f4nicos, \u00e9 essencial optar por aquela que oferece um servi\u00e7o completo e qualificado. A <strong><a href=\"https:\/\/www.sanlien.com.br\/\">San Lien<\/a><\/strong>, com mais de 20 anos de experi\u00eancia no mercado, se destaca por sua compet\u00eancia e confiabilidade no setor.<\/p>\n\n\n\n<p>Com uma abordagem respons\u00e1vel e eficaz, a San Lien fornece solu\u00e7\u00f5es que n\u00e3o apenas protegem o meio ambiente, mas tamb\u00e9m garantem que os materiais reciclados sejam reintroduzidos de forma segura na cadeia de produ\u00e7\u00e3o.<\/p>\n\n\n\n<p>Entre em <a href=\"https:\/\/www.sanlien.com.br\/contato\">contato<\/a> conosco!<\/p>\n\n\n\n<p>O que achou do conte\u00fado? Caso tenha gostado, continue acompanhando o <a href=\"https:\/\/www.sanlien.com.br\/blog\/\">blog da San Lien<\/a> e saiba mais informa\u00e7\u00f5es!<\/p>\n\n\n\n<p>At\u00e9 a pr\u00f3xima!<\/p>\n","protected":false},"excerpt":{"rendered":"<p><span class=\"rt-reading-time\" style=\"display: block;\"><span class=\"rt-label rt-prefix\">Tempo de leitura: <\/span> <span class=\"rt-time\">3<\/span> <span class=\"rt-label rt-postfix\">minutos<\/span><\/span> Descubra como o gerenciamento de res\u00edduos eletr\u00f4nicos pode ajudar a proteger o ambiente e conhe\u00e7a a San Lien, l\u00edder no setor. Vivemos em uma era tecnol\u00f3gica onde a inova\u00e7\u00e3o e a atualiza\u00e7\u00e3o constante de dispositivos eletr\u00f4nicos se tornaram a norma. Com isso, surge um problema ambiental significativo: o ac\u00famulo de res\u00edduos eletr\u00f4nicos.&nbsp; Estes n\u00e3o s\u00e3o &hellip; <\/p>\n","protected":false},"author":1,"featured_media":250,"comment_status":"open","ping_status":"open","sticky":false,"template":"","format":"standard","meta":{"footnotes":""},"categories":[424],"tags":[1271,442,443,1270,444,446,447,1274,476,1272,478,462,458,494,506,1277,502,470,498,486,454,490,460,456,492,504,821,500,468,496,484,488,479,463,459,495,507,841,503,471,499,487,455,491,1276,448,450,451,436,439,426,1275,1253,480,482,483,1273,427],"yoast_head":"<!-- This site is optimized with the Yoast SEO plugin v21.5 - https:\/\/yoast.com\/wordpress\/plugins\/seo\/ -->\n<title>Por que o gerenciamento de res\u00edduos eletr\u00f4nicos \u00e9 crucial para o ambiente? - San Lien<\/title>\n<meta name=\"description\" content=\"Descubra como o gerenciamento de res\u00edduos eletr\u00f4nicos pode ajudar a proteger o ambiente e conhe\u00e7a a San Lien, l\u00edder no setor.\" \/>\n<meta name=\"robots\" content=\"index, follow, max-snippet:-1, max-image-preview:large, max-video-preview:-1\" \/>\n<link rel=\"canonical\" href=\"https:\/\/www.sanlien.com.br\/blog\/por-que-o-gerenciamento-de-residuos-eletronicos-e-crucial-para-o-ambiente\/\" \/>\n<meta property=\"og:locale\" content=\"pt_BR\" \/>\n<meta property=\"og:type\" content=\"article\" \/>\n<meta property=\"og:title\" content=\"Por que o gerenciamento de res\u00edduos eletr\u00f4nicos \u00e9 crucial para o ambiente? - San Lien\" \/>\n<meta property=\"og:description\" content=\"Descubra como o gerenciamento de res\u00edduos eletr\u00f4nicos pode ajudar a proteger o ambiente e conhe\u00e7a a San Lien, l\u00edder no setor.\" \/>\n<meta property=\"og:url\" content=\"https:\/\/www.sanlien.com.br\/blog\/por-que-o-gerenciamento-de-residuos-eletronicos-e-crucial-para-o-ambiente\/\" \/>\n<meta property=\"og:site_name\" content=\"San Lien\" \/>\n<meta property=\"article:published_time\" content=\"2025-12-12T10:32:33+00:00\" \/>\n<meta property=\"article:modified_time\" content=\"2026-01-05T13:31:31+00:00\" \/>\n<meta property=\"og:image\" content=\"https:\/\/www.sanlien.com.br\/blog\/wp-content\/uploads\/2024\/11\/25451035-1.jpg\" \/>\n\t<meta property=\"og:image:width\" content=\"1000\" \/>\n\t<meta property=\"og:image:height\" content=\"667\" \/>\n\t<meta property=\"og:image:type\" content=\"image\/jpeg\" \/>\n<meta name=\"author\" content=\"admin\" \/>\n<meta name=\"twitter:card\" content=\"summary_large_image\" \/>\n<meta name=\"twitter:label1\" content=\"Escrito por\" \/>\n\t<meta name=\"twitter:data1\" content=\"admin\" \/>\n\t<meta name=\"twitter:label2\" content=\"Est. tempo de leitura\" \/>\n\t<meta name=\"twitter:data2\" content=\"3 minutos\" \/>\n<script type=\"application\/ld+json\" class=\"yoast-schema-graph\">{\"@context\":\"https:\/\/schema.org\",\"@graph\":[{\"@type\":\"Article\",\"@id\":\"https:\/\/www.sanlien.com.br\/blog\/por-que-o-gerenciamento-de-residuos-eletronicos-e-crucial-para-o-ambiente\/#article\",\"isPartOf\":{\"@id\":\"https:\/\/www.sanlien.com.br\/blog\/por-que-o-gerenciamento-de-residuos-eletronicos-e-crucial-para-o-ambiente\/\"},\"author\":{\"name\":\"admin\",\"@id\":\"https:\/\/www.sanlien.com.br\/blog\/#\/schema\/person\/85eb4a356aebbc1679ec5e4b8dac034a\"},\"headline\":\"Por que o gerenciamento de res\u00edduos eletr\u00f4nicos \u00e9 crucial para o ambiente?\",\"datePublished\":\"2025-12-12T10:32:33+00:00\",\"dateModified\":\"2026-01-05T13:31:31+00:00\",\"mainEntityOfPage\":{\"@id\":\"https:\/\/www.sanlien.com.br\/blog\/por-que-o-gerenciamento-de-residuos-eletronicos-e-crucial-para-o-ambiente\/\"},\"wordCount\":643,\"commentCount\":0,\"publisher\":{\"@id\":\"https:\/\/www.sanlien.com.br\/blog\/#organization\"},\"keywords\":[\"coleta de eletr\u00f4nicos\",\"comprar Gerenciamento de res\u00edduos eletr\u00f4nicos\",\"comprar Gest\u00e3o de res\u00edduos eletr\u00f4nicos\",\"descarte seguro de eletr\u00f4nicos\",\"empresa de Gerenciamento de res\u00edduos\",\"empresa de Gerenciamento de res\u00edduos eletr\u00f4nicos\",\"empresa de Gest\u00e3o de res\u00edduos eletr\u00f4nicos\",\"empresas de reciclagem de eletr\u00f4nicos\",\"Gerenciamento de res\u00edduos direto da fabrica\",\"gerenciamento de res\u00edduos eletr\u00f4nicos\",\"Gerenciamento de res\u00edduos eletr\u00f4nicos direto da fabrica\",\"Gerenciamento de res\u00edduos eletr\u00f4nicos em s\u00e3o paulo\",\"Gerenciamento de res\u00edduos eletr\u00f4nicos em sp\",\"Gerenciamento de res\u00edduos eletr\u00f4nicos na Penha\",\"Gerenciamento de res\u00edduos eletr\u00f4nicos na Vila Maria\",\"gerenciamento de res\u00edduos eletr\u00f4nicos na zona norte\",\"Gerenciamento de res\u00edduos eletr\u00f4nicos no Br\u00e1s\",\"Gerenciamento de res\u00edduos eletr\u00f4nicos no Carr\u00e3o\",\"Gerenciamento de res\u00edduos eletr\u00f4nicos no Tatuap\u00e9\",\"Gerenciamento de res\u00edduos eletr\u00f4nicos perto de mim\",\"Gerenciamento de res\u00edduos eletr\u00f4nicos pre\u00e7o\",\"Gerenciamento de res\u00edduos eletr\u00f4nicos pr\u00f3ximo a mim\",\"Gerenciamento de res\u00edduos em s\u00e3o paulo\",\"Gerenciamento de res\u00edduos em sp\",\"Gerenciamento de res\u00edduos na Penha\",\"Gerenciamento de res\u00edduos na Vila Maria\",\"gerenciamento de res\u00edduos na zona norte\",\"Gerenciamento de res\u00edduos no Br\u00e1s\",\"Gerenciamento de res\u00edduos no Carr\u00e3o\",\"Gerenciamento de res\u00edduos no Tatuap\u00e9\",\"Gerenciamento de res\u00edduos perto de mim\",\"Gerenciamento de res\u00edduos pr\u00f3ximo a mim\",\"Gest\u00e3o de res\u00edduos eletr\u00f4nicos direto da fabrica\",\"Gest\u00e3o de res\u00edduos eletr\u00f4nicos em s\u00e3o paulo\",\"Gest\u00e3o de res\u00edduos eletr\u00f4nicos em sp\",\"Gest\u00e3o de res\u00edduos eletr\u00f4nicos na Penha\",\"Gest\u00e3o de res\u00edduos eletr\u00f4nicos na Vila Maria\",\"gest\u00e3o de res\u00edduos eletr\u00f4nicos na zona norte\",\"Gest\u00e3o de res\u00edduos eletr\u00f4nicos no Br\u00e1s\",\"Gest\u00e3o de res\u00edduos eletr\u00f4nicos no Carr\u00e3o\",\"Gest\u00e3o de res\u00edduos eletr\u00f4nicos no Tatuap\u00e9\",\"Gest\u00e3o de res\u00edduos eletr\u00f4nicos perto de mim\",\"Gest\u00e3o de res\u00edduos eletr\u00f4nicos pre\u00e7o\",\"Gest\u00e3o de res\u00edduos eletr\u00f4nicos pr\u00f3ximo a mim\",\"impacto ambiental de eletr\u00f4nicos\",\"loja de Gerenciamento de res\u00edduos\",\"loja de Gerenciamento de res\u00edduos eletr\u00f4nicos\",\"loja de Gest\u00e3o de res\u00edduos eletr\u00f4nicos\",\"onde encontrar Gerenciamento de res\u00edduos\",\"onde encontrar Gest\u00e3o de res\u00edduos eletr\u00f4nicos\",\"reciclagem de eletr\u00f4nicos\",\"recupera\u00e7\u00e3o de materiais eletr\u00f4nicos\",\"San Lien res\u00edduos eletr\u00f4nicos\",\"servi\u00e7o de Gerenciamento de res\u00edduos\",\"servi\u00e7o de Gerenciamento de res\u00edduos eletr\u00f4nicos\",\"servi\u00e7o de Gest\u00e3o de res\u00edduos eletr\u00f4nicos\",\"servi\u00e7os de reciclagem de eletr\u00f4nicos\",\"tratamento de res\u00edduos eletr\u00f4nicos\"],\"articleSection\":[\"Gerenciamento de res\u00edduos\"],\"inLanguage\":\"pt-BR\",\"potentialAction\":[{\"@type\":\"CommentAction\",\"name\":\"Comment\",\"target\":[\"https:\/\/www.sanlien.com.br\/blog\/por-que-o-gerenciamento-de-residuos-eletronicos-e-crucial-para-o-ambiente\/#respond\"]}]},{\"@type\":\"WebPage\",\"@id\":\"https:\/\/www.sanlien.com.br\/blog\/por-que-o-gerenciamento-de-residuos-eletronicos-e-crucial-para-o-ambiente\/\",\"url\":\"https:\/\/www.sanlien.com.br\/blog\/por-que-o-gerenciamento-de-residuos-eletronicos-e-crucial-para-o-ambiente\/\",\"name\":\"Por que o gerenciamento de res\u00edduos eletr\u00f4nicos \u00e9 crucial para o ambiente? - San Lien\",\"isPartOf\":{\"@id\":\"https:\/\/www.sanlien.com.br\/blog\/#website\"},\"datePublished\":\"2025-12-12T10:32:33+00:00\",\"dateModified\":\"2026-01-05T13:31:31+00:00\",\"description\":\"Descubra como o gerenciamento de res\u00edduos eletr\u00f4nicos pode ajudar a proteger o ambiente e conhe\u00e7a a San Lien, l\u00edder no setor.\",\"breadcrumb\":{\"@id\":\"https:\/\/www.sanlien.com.br\/blog\/por-que-o-gerenciamento-de-residuos-eletronicos-e-crucial-para-o-ambiente\/#breadcrumb\"},\"inLanguage\":\"pt-BR\",\"potentialAction\":[{\"@type\":\"ReadAction\",\"target\":[\"https:\/\/www.sanlien.com.br\/blog\/por-que-o-gerenciamento-de-residuos-eletronicos-e-crucial-para-o-ambiente\/\"]}]},{\"@type\":\"BreadcrumbList\",\"@id\":\"https:\/\/www.sanlien.com.br\/blog\/por-que-o-gerenciamento-de-residuos-eletronicos-e-crucial-para-o-ambiente\/#breadcrumb\",\"itemListElement\":[{\"@type\":\"ListItem\",\"position\":1,\"name\":\"In\u00edcio\",\"item\":\"https:\/\/www.sanlien.com.br\/blog\/\"},{\"@type\":\"ListItem\",\"position\":2,\"name\":\"Por que o gerenciamento de res\u00edduos eletr\u00f4nicos \u00e9 crucial para o ambiente?\"}]},{\"@type\":\"WebSite\",\"@id\":\"https:\/\/www.sanlien.com.br\/blog\/#website\",\"url\":\"https:\/\/www.sanlien.com.br\/blog\/\",\"name\":\"San Lien\",\"description\":\"Blog - San Lien\",\"publisher\":{\"@id\":\"https:\/\/www.sanlien.com.br\/blog\/#organization\"},\"potentialAction\":[{\"@type\":\"SearchAction\",\"target\":{\"@type\":\"EntryPoint\",\"urlTemplate\":\"https:\/\/www.sanlien.com.br\/blog\/?s={search_term_string}\"},\"query-input\":\"required name=search_term_string\"}],\"inLanguage\":\"pt-BR\"},{\"@type\":\"Organization\",\"@id\":\"https:\/\/www.sanlien.com.br\/blog\/#organization\",\"name\":\"San Lien\",\"url\":\"https:\/\/www.sanlien.com.br\/blog\/\",\"logo\":{\"@type\":\"ImageObject\",\"inLanguage\":\"pt-BR\",\"@id\":\"https:\/\/www.sanlien.com.br\/blog\/#\/schema\/logo\/image\/\",\"url\":\"https:\/\/www.sanlien.com.br\/blog\/wp-content\/uploads\/2023\/11\/logo.png\",\"contentUrl\":\"https:\/\/www.sanlien.com.br\/blog\/wp-content\/uploads\/2023\/11\/logo.png\",\"width\":500,\"height\":300,\"caption\":\"San Lien\"},\"image\":{\"@id\":\"https:\/\/www.sanlien.com.br\/blog\/#\/schema\/logo\/image\/\"}},{\"@type\":\"Person\",\"@id\":\"https:\/\/www.sanlien.com.br\/blog\/#\/schema\/person\/85eb4a356aebbc1679ec5e4b8dac034a\",\"name\":\"admin\",\"image\":{\"@type\":\"ImageObject\",\"inLanguage\":\"pt-BR\",\"@id\":\"https:\/\/www.sanlien.com.br\/blog\/#\/schema\/person\/image\/\",\"url\":\"https:\/\/secure.gravatar.com\/avatar\/bd8125b24775f217cdea35dcfa839469?s=96&d=mm&r=g\",\"contentUrl\":\"https:\/\/secure.gravatar.com\/avatar\/bd8125b24775f217cdea35dcfa839469?s=96&d=mm&r=g\",\"caption\":\"admin\"},\"sameAs\":[\"https:\/\/sanlien.com.br\/blog\"],\"url\":\"https:\/\/www.sanlien.com.br\/blog\/author\/admin\/\"}]}<\/script>\n<!-- \/ Yoast SEO plugin. -->","yoast_head_json":{"title":"Por que o gerenciamento de res\u00edduos eletr\u00f4nicos \u00e9 crucial para o ambiente? - San Lien","description":"Descubra como o gerenciamento de res\u00edduos eletr\u00f4nicos pode ajudar a proteger o ambiente e conhe\u00e7a a San Lien, l\u00edder no setor.","robots":{"index":"index","follow":"follow","max-snippet":"max-snippet:-1","max-image-preview":"max-image-preview:large","max-video-preview":"max-video-preview:-1"},"canonical":"https:\/\/www.sanlien.com.br\/blog\/por-que-o-gerenciamento-de-residuos-eletronicos-e-crucial-para-o-ambiente\/","og_locale":"pt_BR","og_type":"article","og_title":"Por que o gerenciamento de res\u00edduos eletr\u00f4nicos \u00e9 crucial para o ambiente? - San Lien","og_description":"Descubra como o gerenciamento de res\u00edduos eletr\u00f4nicos pode ajudar a proteger o ambiente e conhe\u00e7a a San Lien, l\u00edder no setor.","og_url":"https:\/\/www.sanlien.com.br\/blog\/por-que-o-gerenciamento-de-residuos-eletronicos-e-crucial-para-o-ambiente\/","og_site_name":"San Lien","article_published_time":"2025-12-12T10:32:33+00:00","article_modified_time":"2026-01-05T13:31:31+00:00","og_image":[{"width":1000,"height":667,"url":"https:\/\/www.sanlien.com.br\/blog\/wp-content\/uploads\/2024\/11\/25451035-1.jpg","type":"image\/jpeg"}],"author":"admin","twitter_card":"summary_large_image","twitter_misc":{"Escrito por":"admin","Est. tempo de leitura":"3 minutos"},"schema":{"@context":"https:\/\/schema.org","@graph":[{"@type":"Article","@id":"https:\/\/www.sanlien.com.br\/blog\/por-que-o-gerenciamento-de-residuos-eletronicos-e-crucial-para-o-ambiente\/#article","isPartOf":{"@id":"https:\/\/www.sanlien.com.br\/blog\/por-que-o-gerenciamento-de-residuos-eletronicos-e-crucial-para-o-ambiente\/"},"author":{"name":"admin","@id":"https:\/\/www.sanlien.com.br\/blog\/#\/schema\/person\/85eb4a356aebbc1679ec5e4b8dac034a"},"headline":"Por que o gerenciamento de res\u00edduos eletr\u00f4nicos \u00e9 crucial para o ambiente?","datePublished":"2025-12-12T10:32:33+00:00","dateModified":"2026-01-05T13:31:31+00:00","mainEntityOfPage":{"@id":"https:\/\/www.sanlien.com.br\/blog\/por-que-o-gerenciamento-de-residuos-eletronicos-e-crucial-para-o-ambiente\/"},"wordCount":643,"commentCount":0,"publisher":{"@id":"https:\/\/www.sanlien.com.br\/blog\/#organization"},"keywords":["coleta de eletr\u00f4nicos","comprar Gerenciamento de res\u00edduos eletr\u00f4nicos","comprar Gest\u00e3o de res\u00edduos eletr\u00f4nicos","descarte seguro de eletr\u00f4nicos","empresa de Gerenciamento de res\u00edduos","empresa de Gerenciamento de res\u00edduos eletr\u00f4nicos","empresa de Gest\u00e3o de res\u00edduos eletr\u00f4nicos","empresas de reciclagem de eletr\u00f4nicos","Gerenciamento de res\u00edduos direto da fabrica","gerenciamento de res\u00edduos eletr\u00f4nicos","Gerenciamento de res\u00edduos eletr\u00f4nicos direto da fabrica","Gerenciamento de res\u00edduos eletr\u00f4nicos em s\u00e3o paulo","Gerenciamento de res\u00edduos eletr\u00f4nicos em sp","Gerenciamento de res\u00edduos eletr\u00f4nicos na Penha","Gerenciamento de res\u00edduos eletr\u00f4nicos na Vila Maria","gerenciamento de res\u00edduos eletr\u00f4nicos na zona norte","Gerenciamento de res\u00edduos eletr\u00f4nicos no Br\u00e1s","Gerenciamento de res\u00edduos eletr\u00f4nicos no Carr\u00e3o","Gerenciamento de res\u00edduos eletr\u00f4nicos no Tatuap\u00e9","Gerenciamento de res\u00edduos eletr\u00f4nicos perto de mim","Gerenciamento de res\u00edduos eletr\u00f4nicos pre\u00e7o","Gerenciamento de res\u00edduos eletr\u00f4nicos pr\u00f3ximo a mim","Gerenciamento de res\u00edduos em s\u00e3o paulo","Gerenciamento de res\u00edduos em sp","Gerenciamento de res\u00edduos na Penha","Gerenciamento de res\u00edduos na Vila Maria","gerenciamento de res\u00edduos na zona norte","Gerenciamento de res\u00edduos no Br\u00e1s","Gerenciamento de res\u00edduos no Carr\u00e3o","Gerenciamento de res\u00edduos no Tatuap\u00e9","Gerenciamento de res\u00edduos perto de mim","Gerenciamento de res\u00edduos pr\u00f3ximo a mim","Gest\u00e3o de res\u00edduos eletr\u00f4nicos direto da fabrica","Gest\u00e3o de res\u00edduos eletr\u00f4nicos em s\u00e3o paulo","Gest\u00e3o de res\u00edduos eletr\u00f4nicos em sp","Gest\u00e3o de res\u00edduos eletr\u00f4nicos na Penha","Gest\u00e3o de res\u00edduos eletr\u00f4nicos na Vila Maria","gest\u00e3o de res\u00edduos eletr\u00f4nicos na zona norte","Gest\u00e3o de res\u00edduos eletr\u00f4nicos no Br\u00e1s","Gest\u00e3o de res\u00edduos eletr\u00f4nicos no Carr\u00e3o","Gest\u00e3o de res\u00edduos eletr\u00f4nicos no Tatuap\u00e9","Gest\u00e3o de res\u00edduos eletr\u00f4nicos perto de mim","Gest\u00e3o de res\u00edduos eletr\u00f4nicos pre\u00e7o","Gest\u00e3o de res\u00edduos eletr\u00f4nicos pr\u00f3ximo a mim","impacto ambiental de eletr\u00f4nicos","loja de Gerenciamento de res\u00edduos","loja de Gerenciamento de res\u00edduos eletr\u00f4nicos","loja de Gest\u00e3o de res\u00edduos eletr\u00f4nicos","onde encontrar Gerenciamento de res\u00edduos","onde encontrar Gest\u00e3o de res\u00edduos eletr\u00f4nicos","reciclagem de eletr\u00f4nicos","recupera\u00e7\u00e3o de materiais eletr\u00f4nicos","San Lien res\u00edduos eletr\u00f4nicos","servi\u00e7o de Gerenciamento de res\u00edduos","servi\u00e7o de Gerenciamento de res\u00edduos eletr\u00f4nicos","servi\u00e7o de Gest\u00e3o de res\u00edduos eletr\u00f4nicos","servi\u00e7os de reciclagem de eletr\u00f4nicos","tratamento de res\u00edduos eletr\u00f4nicos"],"articleSection":["Gerenciamento de res\u00edduos"],"inLanguage":"pt-BR","potentialAction":[{"@type":"CommentAction","name":"Comment","target":["https:\/\/www.sanlien.com.br\/blog\/por-que-o-gerenciamento-de-residuos-eletronicos-e-crucial-para-o-ambiente\/#respond"]}]},{"@type":"WebPage","@id":"https:\/\/www.sanlien.com.br\/blog\/por-que-o-gerenciamento-de-residuos-eletronicos-e-crucial-para-o-ambiente\/","url":"https:\/\/www.sanlien.com.br\/blog\/por-que-o-gerenciamento-de-residuos-eletronicos-e-crucial-para-o-ambiente\/","name":"Por que o gerenciamento de res\u00edduos eletr\u00f4nicos \u00e9 crucial para o ambiente? - San Lien","isPartOf":{"@id":"https:\/\/www.sanlien.com.br\/blog\/#website"},"datePublished":"2025-12-12T10:32:33+00:00","dateModified":"2026-01-05T13:31:31+00:00","description":"Descubra como o gerenciamento de res\u00edduos eletr\u00f4nicos pode ajudar a proteger o ambiente e conhe\u00e7a a San Lien, l\u00edder no setor.","breadcrumb":{"@id":"https:\/\/www.sanlien.com.br\/blog\/por-que-o-gerenciamento-de-residuos-eletronicos-e-crucial-para-o-ambiente\/#breadcrumb"},"inLanguage":"pt-BR","potentialAction":[{"@type":"ReadAction","target":["https:\/\/www.sanlien.com.br\/blog\/por-que-o-gerenciamento-de-residuos-eletronicos-e-crucial-para-o-ambiente\/"]}]},{"@type":"BreadcrumbList","@id":"https:\/\/www.sanlien.com.br\/blog\/por-que-o-gerenciamento-de-residuos-eletronicos-e-crucial-para-o-ambiente\/#breadcrumb","itemListElement":[{"@type":"ListItem","position":1,"name":"In\u00edcio","item":"https:\/\/www.sanlien.com.br\/blog\/"},{"@type":"ListItem","position":2,"name":"Por que o gerenciamento de res\u00edduos eletr\u00f4nicos \u00e9 crucial para o ambiente?"}]},{"@type":"WebSite","@id":"https:\/\/www.sanlien.com.br\/blog\/#website","url":"https:\/\/www.sanlien.com.br\/blog\/","name":"San Lien","description":"Blog - San Lien","publisher":{"@id":"https:\/\/www.sanlien.com.br\/blog\/#organization"},"potentialAction":[{"@type":"SearchAction","target":{"@type":"EntryPoint","urlTemplate":"https:\/\/www.sanlien.com.br\/blog\/?s={search_term_string}"},"query-input":"required name=search_term_string"}],"inLanguage":"pt-BR"},{"@type":"Organization","@id":"https:\/\/www.sanlien.com.br\/blog\/#organization","name":"San Lien","url":"https:\/\/www.sanlien.com.br\/blog\/","logo":{"@type":"ImageObject","inLanguage":"pt-BR","@id":"https:\/\/www.sanlien.com.br\/blog\/#\/schema\/logo\/image\/","url":"https:\/\/www.sanlien.com.br\/blog\/wp-content\/uploads\/2023\/11\/logo.png","contentUrl":"https:\/\/www.sanlien.com.br\/blog\/wp-content\/uploads\/2023\/11\/logo.png","width":500,"height":300,"caption":"San Lien"},"image":{"@id":"https:\/\/www.sanlien.com.br\/blog\/#\/schema\/logo\/image\/"}},{"@type":"Person","@id":"https:\/\/www.sanlien.com.br\/blog\/#\/schema\/person\/85eb4a356aebbc1679ec5e4b8dac034a","name":"admin","image":{"@type":"ImageObject","inLanguage":"pt-BR","@id":"https:\/\/www.sanlien.com.br\/blog\/#\/schema\/person\/image\/","url":"https:\/\/secure.gravatar.com\/avatar\/bd8125b24775f217cdea35dcfa839469?s=96&d=mm&r=g","contentUrl":"https:\/\/secure.gravatar.com\/avatar\/bd8125b24775f217cdea35dcfa839469?s=96&d=mm&r=g","caption":"admin"},"sameAs":["https:\/\/sanlien.com.br\/blog"],"url":"https:\/\/www.sanlien.com.br\/blog\/author\/admin\/"}]}},"_links":{"self":[{"href":"https:\/\/www.sanlien.com.br\/blog\/wp-json\/wp\/v2\/posts\/249"}],"collection":[{"href":"https:\/\/www.sanlien.com.br\/blog\/wp-json\/wp\/v2\/posts"}],"about":[{"href":"https:\/\/www.sanlien.com.br\/blog\/wp-json\/wp\/v2\/types\/post"}],"author":[{"embeddable":true,"href":"https:\/\/www.sanlien.com.br\/blog\/wp-json\/wp\/v2\/users\/1"}],"replies":[{"embeddable":true,"href":"https:\/\/www.sanlien.com.br\/blog\/wp-json\/wp\/v2\/comments?post=249"}],"version-history":[{"count":1,"href":"https:\/\/www.sanlien.com.br\/blog\/wp-json\/wp\/v2\/posts\/249\/revisions"}],"predecessor-version":[{"id":251,"href":"https:\/\/www.sanlien.com.br\/blog\/wp-json\/wp\/v2\/posts\/249\/revisions\/251"}],"wp:featuredmedia":[{"embeddable":true,"href":"https:\/\/www.sanlien.com.br\/blog\/wp-json\/wp\/v2\/media\/250"}],"wp:attachment":[{"href":"https:\/\/www.sanlien.com.br\/blog\/wp-json\/wp\/v2\/media?parent=249"}],"wp:term":[{"taxonomy":"category","embeddable":true,"href":"https:\/\/www.sanlien.com.br\/blog\/wp-json\/wp\/v2\/categories?post=249"},{"taxonomy":"post_tag","embeddable":true,"href":"https:\/\/www.sanlien.com.br\/blog\/wp-json\/wp\/v2\/tags?post=249"}],"curies":[{"name":"wp","href":"https:\/\/api.w.org\/{rel}","templated":true}]}}