{"id":235,"date":"2024-10-09T16:49:03","date_gmt":"2024-10-09T16:49:03","guid":{"rendered":"https:\/\/www.sanlien.com.br\/blog\/?p=235"},"modified":"2024-10-09T16:52:02","modified_gmt":"2024-10-09T16:52:02","slug":"protecao-da-marca-e-reciclagem-como-sua-empresa-pode-beneficiar-se-de-praticas-sustentaveis","status":"publish","type":"post","link":"https:\/\/www.sanlien.com.br\/blog\/protecao-da-marca-e-reciclagem-como-sua-empresa-pode-beneficiar-se-de-praticas-sustentaveis\/","title":{"rendered":"Prote\u00e7\u00e3o da marca e reciclagem: como sua empresa pode beneficiar-se de pr\u00e1ticas sustent\u00e1veis"},"content":{"rendered":"<span class=\"rt-reading-time\" style=\"display: block;\"><span class=\"rt-label rt-prefix\">Tempo de leitura: <\/span> <span class=\"rt-time\">3<\/span> <span class=\"rt-label rt-postfix\">minutos<\/span><\/span>\n<p class=\"has-medium-font-size\"><strong><em>Saiba como fazer a prote\u00e7\u00e3o da marca com pr\u00e1ticas de reciclagem sustent\u00e1veis. Descubra como a San Lien pode ajudar sua empresa!<\/em><\/strong><\/p>\n\n\n\n<p>No mundo corporativo atual, a sustentabilidade n\u00e3o \u00e9 apenas uma op\u00e7\u00e3o, mas uma necessidade urgente. Empresas de todos os tamanhos est\u00e3o descobrindo que adotar pr\u00e1ticas ambientalmente respons\u00e1veis n\u00e3o apenas contribui para a sa\u00fade do planeta, mas tamb\u00e9m aprimora a sua pr\u00f3pria imagem no mercado.&nbsp;<\/p>\n\n\n\n<p>Neste contexto, a <strong>prote\u00e7\u00e3o da marca atrav\u00e9s de pr\u00e1ticas sustent\u00e1veis<\/strong>, como a reciclagem, tornou-se uma estrat\u00e9gia crucial. Este artigo explora como a reciclagem pode ser uma ferramenta eficaz para a prote\u00e7\u00e3o da marca, proporcionando benef\u00edcios tang\u00edveis e melhorando a percep\u00e7\u00e3o p\u00fablica da sua empresa.<\/p>\n\n\n\n<ul>\n<li><a href=\"https:\/\/www.sanlien.com.br\/blog\/coleta-seletiva-metais-conheca-a-importancia-desse-servico-para-a-reciclagem\/\">Coleta seletiva metais: conhe\u00e7a a import\u00e2ncia desse servi\u00e7o para a reciclagem<\/a><\/li>\n\n\n\n<li><a href=\"https:\/\/www.sanlien.com.br\/blog\/destruicao-de-documentos-confidenciais-proteja-informacoes-sensiveis\/\">Destrui\u00e7\u00e3o de documentos confidenciais: proteja informa\u00e7\u00f5es sens\u00edveis<\/a><\/li>\n<\/ul>\n\n\n\n<div id=\"ez-toc-container\" class=\"ez-toc-v2_0_62 counter-hierarchy ez-toc-counter ez-toc-grey ez-toc-container-direction\">\n<div class=\"ez-toc-title-container\">\n<p class=\"ez-toc-title \" >T&oacute;picos do artigo<\/p>\n<span class=\"ez-toc-title-toggle\"><a href=\"#\" class=\"ez-toc-pull-right ez-toc-btn ez-toc-btn-xs ez-toc-btn-default ez-toc-toggle\" aria-label=\"Toggle Table of Content\"><span class=\"ez-toc-js-icon-con\"><span class=\"\"><span class=\"eztoc-hide\" style=\"display:none;\">Toggle<\/span><span class=\"ez-toc-icon-toggle-span\"><svg style=\"fill: #999;color:#999\" xmlns=\"http:\/\/www.w3.org\/2000\/svg\" class=\"list-377408\" width=\"20px\" height=\"20px\" viewBox=\"0 0 24 24\" fill=\"none\"><path d=\"M6 6H4v2h2V6zm14 0H8v2h12V6zM4 11h2v2H4v-2zm16 0H8v2h12v-2zM4 16h2v2H4v-2zm16 0H8v2h12v-2z\" fill=\"currentColor\"><\/path><\/svg><svg style=\"fill: #999;color:#999\" class=\"arrow-unsorted-368013\" xmlns=\"http:\/\/www.w3.org\/2000\/svg\" width=\"10px\" height=\"10px\" viewBox=\"0 0 24 24\" version=\"1.2\" baseProfile=\"tiny\"><path d=\"M18.2 9.3l-6.2-6.3-6.2 6.3c-.2.2-.3.4-.3.7s.1.5.3.7c.2.2.4.3.7.3h11c.3 0 .5-.1.7-.3.2-.2.3-.5.3-.7s-.1-.5-.3-.7zM5.8 14.7l6.2 6.3 6.2-6.3c.2-.2.3-.5.3-.7s-.1-.5-.3-.7c-.2-.2-.4-.3-.7-.3h-11c-.3 0-.5.1-.7.3-.2.2-.3.5-.3.7s.1.5.3.7z\"\/><\/svg><\/span><\/span><\/span><\/a><\/span><\/div>\n<nav><ul class='ez-toc-list ez-toc-list-level-1 ' ><li class='ez-toc-page-1 ez-toc-heading-level-2'><a class=\"ez-toc-link ez-toc-heading-1\" href=\"https:\/\/www.sanlien.com.br\/blog\/protecao-da-marca-e-reciclagem-como-sua-empresa-pode-beneficiar-se-de-praticas-sustentaveis\/#O_que_e_a_protecao_de_marca\" title=\"O que \u00e9 a prote\u00e7\u00e3o de marca?\">O que \u00e9 a prote\u00e7\u00e3o de marca?<\/a><\/li><li class='ez-toc-page-1 ez-toc-heading-level-2'><a class=\"ez-toc-link ez-toc-heading-2\" href=\"https:\/\/www.sanlien.com.br\/blog\/protecao-da-marca-e-reciclagem-como-sua-empresa-pode-beneficiar-se-de-praticas-sustentaveis\/#Como_a_reciclagem_ajuda_na_protecao_da_marca\" title=\"Como a reciclagem ajuda na prote\u00e7\u00e3o da marca?\">Como a reciclagem ajuda na prote\u00e7\u00e3o da marca?<\/a><\/li><li class='ez-toc-page-1 ez-toc-heading-level-2'><a class=\"ez-toc-link ez-toc-heading-3\" href=\"https:\/\/www.sanlien.com.br\/blog\/protecao-da-marca-e-reciclagem-como-sua-empresa-pode-beneficiar-se-de-praticas-sustentaveis\/#Quais_as_vantagens\" title=\"Quais as vantagens?\">Quais as vantagens?<\/a><\/li><li class='ez-toc-page-1 ez-toc-heading-level-2'><a class=\"ez-toc-link ez-toc-heading-4\" href=\"https:\/\/www.sanlien.com.br\/blog\/protecao-da-marca-e-reciclagem-como-sua-empresa-pode-beneficiar-se-de-praticas-sustentaveis\/#Qual_a_melhor_empresa_escolher_para_ajudar_na_protecao_de_marca\" title=\"Qual a melhor empresa escolher para ajudar na prote\u00e7\u00e3o de marca?\">Qual a melhor empresa escolher para ajudar na prote\u00e7\u00e3o de marca?<\/a><\/li><\/ul><\/nav><\/div>\n<h2 class=\"wp-block-heading\"><span class=\"ez-toc-section\" id=\"O_que_e_a_protecao_de_marca\"><\/span>O que \u00e9 a prote\u00e7\u00e3o de marca?<span class=\"ez-toc-section-end\"><\/span><\/h2>\n\n\n\n<p>Prote\u00e7\u00e3o de marca refere-se ao <strong>conjunto de estrat\u00e9gias e a\u00e7\u00f5es que uma empresa pode adotar para manter a integridade e o valor da sua imagem no mercado<\/strong>. Isso inclui tudo desde o cumprimento de direitos autorais e patentes at\u00e9 a ado\u00e7\u00e3o de pr\u00e1ticas de neg\u00f3cios que promovam uma imagem positiva.&nbsp;<\/p>\n\n\n\n<p>A prote\u00e7\u00e3o da marca n\u00e3o \u00e9 apenas uma quest\u00e3o de marketing; \u00e9 uma estrat\u00e9gia compreensiva que engloba a opera\u00e7\u00e3o inteira da empresa, incluindo como ela lida com seus res\u00edduos e pr\u00e1ticas de sustentabilidade.<\/p>\n\n\n\n<h2 class=\"wp-block-heading\"><span class=\"ez-toc-section\" id=\"Como_a_reciclagem_ajuda_na_protecao_da_marca\"><\/span>Como a reciclagem ajuda na prote\u00e7\u00e3o da marca?<span class=\"ez-toc-section-end\"><\/span><\/h2>\n\n\n\n<p>A reciclagem \u00e9 uma das <strong>pr\u00e1ticas de sustentabilidade mais reconhecidas e valorizadas pelo p\u00fablico.<\/strong> Ao adotar a reciclagem, as empresas n\u00e3o apenas reduzem seu impacto ambiental, mas tamb\u00e9m fortalecem sua marca como um s\u00edmbolo de responsabilidade e compromisso com o futuro. Implementar um sistema eficaz de <strong>gest\u00e3o de res\u00edduos<\/strong> demonstra que a empresa est\u00e1 atenta \u00e0s suas <strong>responsabilidades sociais e ambientais<\/strong>, o que pode aumentar significativamente a lealdade do consumidor e a confian\u00e7a na marca.<\/p>\n\n\n<div class=\"wp-block-image\">\n<figure class=\"alignright size-full is-resized\"><img decoding=\"async\" loading=\"lazy\" width=\"600\" height=\"400\" src=\"https:\/\/www.sanlien.com.br\/blog\/wp-content\/uploads\/2024\/10\/protecao-da-marca.jpg\" alt=\"Prote\u00e7\u00e3o da marca e reciclagem: como sua empresa pode beneficiar-se de pr\u00e1ticas sustent\u00e1veis\" class=\"wp-image-237\" style=\"aspect-ratio:1.5;width:272px;height:auto\"\/><\/figure><\/div>\n\n\n<p>Al\u00e9m disso, a reciclagem pode ajudar a <strong>reduzir custos ao minimizar o desperd\u00edcio e otimizar os recursos<\/strong>. Por exemplo, materiais recicl\u00e1veis podem ser reutilizados em novos produtos ou embalagens, diminuindo a necessidade de recursos virgens e reduzindo os custos de produ\u00e7\u00e3o. Esta economia pode ser repassada aos consumidores ou reinvestida na pr\u00f3pria empresa para melhorias adicionais em sustentabilidade.<\/p>\n\n\n\n<h2 class=\"wp-block-heading\"><span class=\"ez-toc-section\" id=\"Quais_as_vantagens\"><\/span>Quais as vantagens?<span class=\"ez-toc-section-end\"><\/span><\/h2>\n\n\n\n<p>A principal vantagem da prote\u00e7\u00e3o da marca atrav\u00e9s da reciclagem \u00e9 a <strong>melhoria da imagem p\u00fablica<\/strong>. Consumidores modernos est\u00e3o cada vez mais inclinados a apoiar marcas que demonstram preocupa\u00e7\u00e3o genu\u00edna com o ambiente. Empresas que s\u00e3o percebidas como proativas em suas pr\u00e1ticas sustent\u00e1veis tendem a ter melhor desempenho em termos de engajamento do cliente e fidelidade \u00e0 marca.<\/p>\n\n\n\n<p>Adicionalmente, a reciclagem contribui para a <strong>conformidade regulat\u00f3ria<\/strong>. Muitos pa\u00edses est\u00e3o implementando leis mais rigorosas sobre gest\u00e3o de res\u00edduos e reciclagem, e estar \u00e0 frente dessas regulamenta\u00e7\u00f5es pode evitar multas e outras san\u00e7\u00f5es legais. Tamb\u00e9m pode proporcionar vantagens competitivas em setores onde consumidores e parceiros de neg\u00f3cios preferem associar-se com empresas respons\u00e1veis ambientalmente.<\/p>\n\n\n\n<ul>\n<li><a href=\"https:\/\/www.sanlien.com.br\/blog\/empresa-de-reciclagem-conheca-a-san-lien\/\">Empresa de reciclagem: conhe\u00e7a a San Lien<\/a><\/li>\n\n\n\n<li><a href=\"https:\/\/www.sanlien.com.br\/blog\/gestao-de-residuos-na-construcao-civil-reduza-custos-e-impacto-ambiental\/\">Gest\u00e3o de res\u00edduos na constru\u00e7\u00e3o civil: reduza custos e impacto ambiental<\/a><\/li>\n<\/ul>\n\n\n\n<h2 class=\"wp-block-heading\"><span class=\"ez-toc-section\" id=\"Qual_a_melhor_empresa_escolher_para_ajudar_na_protecao_de_marca\"><\/span>Qual a melhor empresa escolher para ajudar na prote\u00e7\u00e3o de marca?<span class=\"ez-toc-section-end\"><\/span><\/h2>\n\n\n\n<p>Quando se trata de escolher um parceiro para ajudar na gest\u00e3o de res\u00edduos e reciclagem, \u00e9 crucial optar por uma empresa que n\u00e3o apenas forne\u00e7a solu\u00e7\u00f5es eficazes, mas que tamb\u00e9m compartilhe do compromisso com a sustentabilidade.&nbsp;<\/p>\n\n\n\n<p>A <strong><a href=\"https:\/\/www.sanlien.com.br\/\">San Lien<\/a><\/strong> \u00e9 uma dessas empresas, com mais de 20 anos de experi\u00eancia no mercado, oferecendo solu\u00e7\u00f5es completas e qualificadas em gest\u00e3o de res\u00edduos. Com um forte compromisso com as normas de sustentabilidade, a San Lien se destaca por proporcionar servi\u00e7os de gerenciamento de res\u00edduos com responsabilidade e qualidade, consolidando-se como uma das mais conceituadas no pa\u00eds.<\/p>\n\n\n\n<p>Entre em <a href=\"https:\/\/www.sanlien.com.br\/contato\">contato<\/a> conosco!<\/p>\n\n\n\n<p>O que achou do conte\u00fado? Caso tenha gostado, continue acompanhando o <a href=\"https:\/\/www.sanlien.com.br\/blog\/\">blog da San Lien<\/a> e saiba mais informa\u00e7\u00f5es!<\/p>\n\n\n\n<p>At\u00e9 a pr\u00f3xima!<\/p>\n","protected":false},"excerpt":{"rendered":"<p><span class=\"rt-reading-time\" style=\"display: block;\"><span class=\"rt-label rt-prefix\">Tempo de leitura: <\/span> <span class=\"rt-time\">3<\/span> <span class=\"rt-label rt-postfix\">minutos<\/span><\/span> Saiba como fazer a prote\u00e7\u00e3o da marca com pr\u00e1ticas de reciclagem sustent\u00e1veis. Descubra como a San Lien pode ajudar sua empresa! No mundo corporativo atual, a sustentabilidade n\u00e3o \u00e9 apenas uma op\u00e7\u00e3o, mas uma necessidade urgente. Empresas de todos os tamanhos est\u00e3o descobrindo que adotar pr\u00e1ticas ambientalmente respons\u00e1veis n\u00e3o apenas contribui para a sa\u00fade do &hellip; <\/p>\n","protected":false},"author":1,"featured_media":236,"comment_status":"open","ping_status":"open","sticky":false,"template":"","format":"standard","meta":{"footnotes":""},"categories":[273],"tags":[1021,1235,1236,7,1230,1237,1233,1231,1242,1239,1238,1246,1248,1240,1247,1241,1244,1245,1232,961,941,1178,1243,1234],"yoast_head":"<!-- This site is optimized with the Yoast SEO plugin v21.5 - https:\/\/yoast.com\/wordpress\/plugins\/seo\/ -->\n<title>Prote\u00e7\u00e3o da marca e reciclagem: como sua empresa pode beneficiar-se de pr\u00e1ticas sustent\u00e1veis - San Lien<\/title>\n<meta name=\"description\" content=\"Saiba como fazer a prote\u00e7\u00e3o da marca com pr\u00e1ticas de reciclagem sustent\u00e1veis. Descubra como a San Lien pode ajudar sua empresa!\" \/>\n<meta name=\"robots\" content=\"index, follow, max-snippet:-1, max-image-preview:large, max-video-preview:-1\" \/>\n<link rel=\"canonical\" href=\"https:\/\/www.sanlien.com.br\/blog\/protecao-da-marca-e-reciclagem-como-sua-empresa-pode-beneficiar-se-de-praticas-sustentaveis\/\" \/>\n<meta property=\"og:locale\" content=\"pt_BR\" \/>\n<meta property=\"og:type\" content=\"article\" \/>\n<meta property=\"og:title\" content=\"Prote\u00e7\u00e3o da marca e reciclagem: como sua empresa pode beneficiar-se de pr\u00e1ticas sustent\u00e1veis - San Lien\" \/>\n<meta property=\"og:description\" content=\"Saiba como fazer a prote\u00e7\u00e3o da marca com pr\u00e1ticas de reciclagem sustent\u00e1veis. Descubra como a San Lien pode ajudar sua empresa!\" \/>\n<meta property=\"og:url\" content=\"https:\/\/www.sanlien.com.br\/blog\/protecao-da-marca-e-reciclagem-como-sua-empresa-pode-beneficiar-se-de-praticas-sustentaveis\/\" \/>\n<meta property=\"og:site_name\" content=\"San Lien\" \/>\n<meta property=\"article:published_time\" content=\"2024-10-09T16:49:03+00:00\" \/>\n<meta property=\"article:modified_time\" content=\"2024-10-09T16:52:02+00:00\" \/>\n<meta property=\"og:image\" content=\"https:\/\/www.sanlien.com.br\/blog\/wp-content\/uploads\/2024\/10\/2147839008-1.jpg\" \/>\n\t<meta property=\"og:image:width\" content=\"1000\" \/>\n\t<meta property=\"og:image:height\" content=\"667\" \/>\n\t<meta property=\"og:image:type\" content=\"image\/jpeg\" \/>\n<meta name=\"author\" content=\"admin\" \/>\n<meta name=\"twitter:card\" content=\"summary_large_image\" \/>\n<meta name=\"twitter:label1\" content=\"Escrito por\" \/>\n\t<meta name=\"twitter:data1\" content=\"admin\" \/>\n\t<meta name=\"twitter:label2\" content=\"Est. tempo de leitura\" \/>\n\t<meta name=\"twitter:data2\" content=\"4 minutos\" \/>\n<script type=\"application\/ld+json\" class=\"yoast-schema-graph\">{\"@context\":\"https:\/\/schema.org\",\"@graph\":[{\"@type\":\"Article\",\"@id\":\"https:\/\/www.sanlien.com.br\/blog\/protecao-da-marca-e-reciclagem-como-sua-empresa-pode-beneficiar-se-de-praticas-sustentaveis\/#article\",\"isPartOf\":{\"@id\":\"https:\/\/www.sanlien.com.br\/blog\/protecao-da-marca-e-reciclagem-como-sua-empresa-pode-beneficiar-se-de-praticas-sustentaveis\/\"},\"author\":{\"name\":\"admin\",\"@id\":\"https:\/\/www.sanlien.com.br\/blog\/#\/schema\/person\/85eb4a356aebbc1679ec5e4b8dac034a\"},\"headline\":\"Prote\u00e7\u00e3o da marca e reciclagem: como sua empresa pode beneficiar-se de pr\u00e1ticas sustent\u00e1veis\",\"datePublished\":\"2024-10-09T16:49:03+00:00\",\"dateModified\":\"2024-10-09T16:52:02+00:00\",\"mainEntityOfPage\":{\"@id\":\"https:\/\/www.sanlien.com.br\/blog\/protecao-da-marca-e-reciclagem-como-sua-empresa-pode-beneficiar-se-de-praticas-sustentaveis\/\"},\"wordCount\":725,\"commentCount\":0,\"publisher\":{\"@id\":\"https:\/\/www.sanlien.com.br\/blog\/#organization\"},\"keywords\":[\"benef\u00edcios da reciclagem\",\"comprar Prote\u00e7\u00e3o da marca\",\"empresa de Prote\u00e7\u00e3o da marca\",\"Gest\u00e3o de Res\u00edduos\",\"imagem corporativa\",\"loja de Prote\u00e7\u00e3o da marca\",\"pr\u00e1ticas sustent\u00e1veis\",\"Prote\u00e7\u00e3o da marca\",\"Prote\u00e7\u00e3o da marca direto da fabrica\",\"Prote\u00e7\u00e3o da marca em s\u00e3o paulo\",\"Prote\u00e7\u00e3o da marca em sp\",\"Prote\u00e7\u00e3o da marca na Penha\",\"Prote\u00e7\u00e3o da marca na Vila Maria\",\"Prote\u00e7\u00e3o da marca na zona norte\",\"Prote\u00e7\u00e3o da marca no Carr\u00e3o\",\"Prote\u00e7\u00e3o da marca no Tatuap\u00e9\",\"Prote\u00e7\u00e3o da marca perto de mim\",\"Prote\u00e7\u00e3o da marca pr\u00f3ximo a mim\",\"reciclagem empresarial\",\"reciclagem para empresas\",\"responsabilidade ambiental\",\"San Lien gest\u00e3o de res\u00edduos\",\"servi\u00e7o de Prote\u00e7\u00e3o da marca\",\"sustentabilidade corporativa\"],\"articleSection\":[\"Reciclagem\"],\"inLanguage\":\"pt-BR\",\"potentialAction\":[{\"@type\":\"CommentAction\",\"name\":\"Comment\",\"target\":[\"https:\/\/www.sanlien.com.br\/blog\/protecao-da-marca-e-reciclagem-como-sua-empresa-pode-beneficiar-se-de-praticas-sustentaveis\/#respond\"]}]},{\"@type\":\"WebPage\",\"@id\":\"https:\/\/www.sanlien.com.br\/blog\/protecao-da-marca-e-reciclagem-como-sua-empresa-pode-beneficiar-se-de-praticas-sustentaveis\/\",\"url\":\"https:\/\/www.sanlien.com.br\/blog\/protecao-da-marca-e-reciclagem-como-sua-empresa-pode-beneficiar-se-de-praticas-sustentaveis\/\",\"name\":\"Prote\u00e7\u00e3o da marca e reciclagem: como sua empresa pode beneficiar-se de pr\u00e1ticas sustent\u00e1veis - San Lien\",\"isPartOf\":{\"@id\":\"https:\/\/www.sanlien.com.br\/blog\/#website\"},\"datePublished\":\"2024-10-09T16:49:03+00:00\",\"dateModified\":\"2024-10-09T16:52:02+00:00\",\"description\":\"Saiba como fazer a prote\u00e7\u00e3o da marca com pr\u00e1ticas de reciclagem sustent\u00e1veis. Descubra como a San Lien pode ajudar sua empresa!\",\"breadcrumb\":{\"@id\":\"https:\/\/www.sanlien.com.br\/blog\/protecao-da-marca-e-reciclagem-como-sua-empresa-pode-beneficiar-se-de-praticas-sustentaveis\/#breadcrumb\"},\"inLanguage\":\"pt-BR\",\"potentialAction\":[{\"@type\":\"ReadAction\",\"target\":[\"https:\/\/www.sanlien.com.br\/blog\/protecao-da-marca-e-reciclagem-como-sua-empresa-pode-beneficiar-se-de-praticas-sustentaveis\/\"]}]},{\"@type\":\"BreadcrumbList\",\"@id\":\"https:\/\/www.sanlien.com.br\/blog\/protecao-da-marca-e-reciclagem-como-sua-empresa-pode-beneficiar-se-de-praticas-sustentaveis\/#breadcrumb\",\"itemListElement\":[{\"@type\":\"ListItem\",\"position\":1,\"name\":\"In\u00edcio\",\"item\":\"https:\/\/www.sanlien.com.br\/blog\/\"},{\"@type\":\"ListItem\",\"position\":2,\"name\":\"Prote\u00e7\u00e3o da marca e reciclagem: como sua empresa pode beneficiar-se de pr\u00e1ticas sustent\u00e1veis\"}]},{\"@type\":\"WebSite\",\"@id\":\"https:\/\/www.sanlien.com.br\/blog\/#website\",\"url\":\"https:\/\/www.sanlien.com.br\/blog\/\",\"name\":\"San Lien\",\"description\":\"Blog - San Lien\",\"publisher\":{\"@id\":\"https:\/\/www.sanlien.com.br\/blog\/#organization\"},\"potentialAction\":[{\"@type\":\"SearchAction\",\"target\":{\"@type\":\"EntryPoint\",\"urlTemplate\":\"https:\/\/www.sanlien.com.br\/blog\/?s={search_term_string}\"},\"query-input\":\"required name=search_term_string\"}],\"inLanguage\":\"pt-BR\"},{\"@type\":\"Organization\",\"@id\":\"https:\/\/www.sanlien.com.br\/blog\/#organization\",\"name\":\"San Lien\",\"url\":\"https:\/\/www.sanlien.com.br\/blog\/\",\"logo\":{\"@type\":\"ImageObject\",\"inLanguage\":\"pt-BR\",\"@id\":\"https:\/\/www.sanlien.com.br\/blog\/#\/schema\/logo\/image\/\",\"url\":\"https:\/\/www.sanlien.com.br\/blog\/wp-content\/uploads\/2023\/11\/logo.png\",\"contentUrl\":\"https:\/\/www.sanlien.com.br\/blog\/wp-content\/uploads\/2023\/11\/logo.png\",\"width\":500,\"height\":300,\"caption\":\"San Lien\"},\"image\":{\"@id\":\"https:\/\/www.sanlien.com.br\/blog\/#\/schema\/logo\/image\/\"}},{\"@type\":\"Person\",\"@id\":\"https:\/\/www.sanlien.com.br\/blog\/#\/schema\/person\/85eb4a356aebbc1679ec5e4b8dac034a\",\"name\":\"admin\",\"image\":{\"@type\":\"ImageObject\",\"inLanguage\":\"pt-BR\",\"@id\":\"https:\/\/www.sanlien.com.br\/blog\/#\/schema\/person\/image\/\",\"url\":\"https:\/\/secure.gravatar.com\/avatar\/bd8125b24775f217cdea35dcfa839469?s=96&d=mm&r=g\",\"contentUrl\":\"https:\/\/secure.gravatar.com\/avatar\/bd8125b24775f217cdea35dcfa839469?s=96&d=mm&r=g\",\"caption\":\"admin\"},\"sameAs\":[\"https:\/\/sanlien.com.br\/blog\"],\"url\":\"https:\/\/www.sanlien.com.br\/blog\/author\/admin\/\"}]}<\/script>\n<!-- \/ Yoast SEO plugin. -->","yoast_head_json":{"title":"Prote\u00e7\u00e3o da marca e reciclagem: como sua empresa pode beneficiar-se de pr\u00e1ticas sustent\u00e1veis - San Lien","description":"Saiba como fazer a prote\u00e7\u00e3o da marca com pr\u00e1ticas de reciclagem sustent\u00e1veis. Descubra como a San Lien pode ajudar sua empresa!","robots":{"index":"index","follow":"follow","max-snippet":"max-snippet:-1","max-image-preview":"max-image-preview:large","max-video-preview":"max-video-preview:-1"},"canonical":"https:\/\/www.sanlien.com.br\/blog\/protecao-da-marca-e-reciclagem-como-sua-empresa-pode-beneficiar-se-de-praticas-sustentaveis\/","og_locale":"pt_BR","og_type":"article","og_title":"Prote\u00e7\u00e3o da marca e reciclagem: como sua empresa pode beneficiar-se de pr\u00e1ticas sustent\u00e1veis - San Lien","og_description":"Saiba como fazer a prote\u00e7\u00e3o da marca com pr\u00e1ticas de reciclagem sustent\u00e1veis. Descubra como a San Lien pode ajudar sua empresa!","og_url":"https:\/\/www.sanlien.com.br\/blog\/protecao-da-marca-e-reciclagem-como-sua-empresa-pode-beneficiar-se-de-praticas-sustentaveis\/","og_site_name":"San Lien","article_published_time":"2024-10-09T16:49:03+00:00","article_modified_time":"2024-10-09T16:52:02+00:00","og_image":[{"width":1000,"height":667,"url":"https:\/\/www.sanlien.com.br\/blog\/wp-content\/uploads\/2024\/10\/2147839008-1.jpg","type":"image\/jpeg"}],"author":"admin","twitter_card":"summary_large_image","twitter_misc":{"Escrito por":"admin","Est. tempo de leitura":"4 minutos"},"schema":{"@context":"https:\/\/schema.org","@graph":[{"@type":"Article","@id":"https:\/\/www.sanlien.com.br\/blog\/protecao-da-marca-e-reciclagem-como-sua-empresa-pode-beneficiar-se-de-praticas-sustentaveis\/#article","isPartOf":{"@id":"https:\/\/www.sanlien.com.br\/blog\/protecao-da-marca-e-reciclagem-como-sua-empresa-pode-beneficiar-se-de-praticas-sustentaveis\/"},"author":{"name":"admin","@id":"https:\/\/www.sanlien.com.br\/blog\/#\/schema\/person\/85eb4a356aebbc1679ec5e4b8dac034a"},"headline":"Prote\u00e7\u00e3o da marca e reciclagem: como sua empresa pode beneficiar-se de pr\u00e1ticas sustent\u00e1veis","datePublished":"2024-10-09T16:49:03+00:00","dateModified":"2024-10-09T16:52:02+00:00","mainEntityOfPage":{"@id":"https:\/\/www.sanlien.com.br\/blog\/protecao-da-marca-e-reciclagem-como-sua-empresa-pode-beneficiar-se-de-praticas-sustentaveis\/"},"wordCount":725,"commentCount":0,"publisher":{"@id":"https:\/\/www.sanlien.com.br\/blog\/#organization"},"keywords":["benef\u00edcios da reciclagem","comprar Prote\u00e7\u00e3o da marca","empresa de Prote\u00e7\u00e3o da marca","Gest\u00e3o de Res\u00edduos","imagem corporativa","loja de Prote\u00e7\u00e3o da marca","pr\u00e1ticas sustent\u00e1veis","Prote\u00e7\u00e3o da marca","Prote\u00e7\u00e3o da marca direto da fabrica","Prote\u00e7\u00e3o da marca em s\u00e3o paulo","Prote\u00e7\u00e3o da marca em sp","Prote\u00e7\u00e3o da marca na Penha","Prote\u00e7\u00e3o da marca na Vila Maria","Prote\u00e7\u00e3o da marca na zona norte","Prote\u00e7\u00e3o da marca no Carr\u00e3o","Prote\u00e7\u00e3o da marca no Tatuap\u00e9","Prote\u00e7\u00e3o da marca perto de mim","Prote\u00e7\u00e3o da marca pr\u00f3ximo a mim","reciclagem empresarial","reciclagem para empresas","responsabilidade ambiental","San Lien gest\u00e3o de res\u00edduos","servi\u00e7o de Prote\u00e7\u00e3o da marca","sustentabilidade corporativa"],"articleSection":["Reciclagem"],"inLanguage":"pt-BR","potentialAction":[{"@type":"CommentAction","name":"Comment","target":["https:\/\/www.sanlien.com.br\/blog\/protecao-da-marca-e-reciclagem-como-sua-empresa-pode-beneficiar-se-de-praticas-sustentaveis\/#respond"]}]},{"@type":"WebPage","@id":"https:\/\/www.sanlien.com.br\/blog\/protecao-da-marca-e-reciclagem-como-sua-empresa-pode-beneficiar-se-de-praticas-sustentaveis\/","url":"https:\/\/www.sanlien.com.br\/blog\/protecao-da-marca-e-reciclagem-como-sua-empresa-pode-beneficiar-se-de-praticas-sustentaveis\/","name":"Prote\u00e7\u00e3o da marca e reciclagem: como sua empresa pode beneficiar-se de pr\u00e1ticas sustent\u00e1veis - San Lien","isPartOf":{"@id":"https:\/\/www.sanlien.com.br\/blog\/#website"},"datePublished":"2024-10-09T16:49:03+00:00","dateModified":"2024-10-09T16:52:02+00:00","description":"Saiba como fazer a prote\u00e7\u00e3o da marca com pr\u00e1ticas de reciclagem sustent\u00e1veis. Descubra como a San Lien pode ajudar sua empresa!","breadcrumb":{"@id":"https:\/\/www.sanlien.com.br\/blog\/protecao-da-marca-e-reciclagem-como-sua-empresa-pode-beneficiar-se-de-praticas-sustentaveis\/#breadcrumb"},"inLanguage":"pt-BR","potentialAction":[{"@type":"ReadAction","target":["https:\/\/www.sanlien.com.br\/blog\/protecao-da-marca-e-reciclagem-como-sua-empresa-pode-beneficiar-se-de-praticas-sustentaveis\/"]}]},{"@type":"BreadcrumbList","@id":"https:\/\/www.sanlien.com.br\/blog\/protecao-da-marca-e-reciclagem-como-sua-empresa-pode-beneficiar-se-de-praticas-sustentaveis\/#breadcrumb","itemListElement":[{"@type":"ListItem","position":1,"name":"In\u00edcio","item":"https:\/\/www.sanlien.com.br\/blog\/"},{"@type":"ListItem","position":2,"name":"Prote\u00e7\u00e3o da marca e reciclagem: como sua empresa pode beneficiar-se de pr\u00e1ticas sustent\u00e1veis"}]},{"@type":"WebSite","@id":"https:\/\/www.sanlien.com.br\/blog\/#website","url":"https:\/\/www.sanlien.com.br\/blog\/","name":"San Lien","description":"Blog - San Lien","publisher":{"@id":"https:\/\/www.sanlien.com.br\/blog\/#organization"},"potentialAction":[{"@type":"SearchAction","target":{"@type":"EntryPoint","urlTemplate":"https:\/\/www.sanlien.com.br\/blog\/?s={search_term_string}"},"query-input":"required name=search_term_string"}],"inLanguage":"pt-BR"},{"@type":"Organization","@id":"https:\/\/www.sanlien.com.br\/blog\/#organization","name":"San Lien","url":"https:\/\/www.sanlien.com.br\/blog\/","logo":{"@type":"ImageObject","inLanguage":"pt-BR","@id":"https:\/\/www.sanlien.com.br\/blog\/#\/schema\/logo\/image\/","url":"https:\/\/www.sanlien.com.br\/blog\/wp-content\/uploads\/2023\/11\/logo.png","contentUrl":"https:\/\/www.sanlien.com.br\/blog\/wp-content\/uploads\/2023\/11\/logo.png","width":500,"height":300,"caption":"San Lien"},"image":{"@id":"https:\/\/www.sanlien.com.br\/blog\/#\/schema\/logo\/image\/"}},{"@type":"Person","@id":"https:\/\/www.sanlien.com.br\/blog\/#\/schema\/person\/85eb4a356aebbc1679ec5e4b8dac034a","name":"admin","image":{"@type":"ImageObject","inLanguage":"pt-BR","@id":"https:\/\/www.sanlien.com.br\/blog\/#\/schema\/person\/image\/","url":"https:\/\/secure.gravatar.com\/avatar\/bd8125b24775f217cdea35dcfa839469?s=96&d=mm&r=g","contentUrl":"https:\/\/secure.gravatar.com\/avatar\/bd8125b24775f217cdea35dcfa839469?s=96&d=mm&r=g","caption":"admin"},"sameAs":["https:\/\/sanlien.com.br\/blog"],"url":"https:\/\/www.sanlien.com.br\/blog\/author\/admin\/"}]}},"_links":{"self":[{"href":"https:\/\/www.sanlien.com.br\/blog\/wp-json\/wp\/v2\/posts\/235"}],"collection":[{"href":"https:\/\/www.sanlien.com.br\/blog\/wp-json\/wp\/v2\/posts"}],"about":[{"href":"https:\/\/www.sanlien.com.br\/blog\/wp-json\/wp\/v2\/types\/post"}],"author":[{"embeddable":true,"href":"https:\/\/www.sanlien.com.br\/blog\/wp-json\/wp\/v2\/users\/1"}],"replies":[{"embeddable":true,"href":"https:\/\/www.sanlien.com.br\/blog\/wp-json\/wp\/v2\/comments?post=235"}],"version-history":[{"count":1,"href":"https:\/\/www.sanlien.com.br\/blog\/wp-json\/wp\/v2\/posts\/235\/revisions"}],"predecessor-version":[{"id":238,"href":"https:\/\/www.sanlien.com.br\/blog\/wp-json\/wp\/v2\/posts\/235\/revisions\/238"}],"wp:featuredmedia":[{"embeddable":true,"href":"https:\/\/www.sanlien.com.br\/blog\/wp-json\/wp\/v2\/media\/236"}],"wp:attachment":[{"href":"https:\/\/www.sanlien.com.br\/blog\/wp-json\/wp\/v2\/media?parent=235"}],"wp:term":[{"taxonomy":"category","embeddable":true,"href":"https:\/\/www.sanlien.com.br\/blog\/wp-json\/wp\/v2\/categories?post=235"},{"taxonomy":"post_tag","embeddable":true,"href":"https:\/\/www.sanlien.com.br\/blog\/wp-json\/wp\/v2\/tags?post=235"}],"curies":[{"name":"wp","href":"https:\/\/api.w.org\/{rel}","templated":true}]}}