{"id":220,"date":"2024-08-30T18:42:43","date_gmt":"2024-08-30T18:42:43","guid":{"rendered":"https:\/\/www.sanlien.com.br\/blog\/?p=220"},"modified":"2024-08-30T18:45:33","modified_gmt":"2024-08-30T18:45:33","slug":"gestao-de-residuos-na-construcao-civil-reduza-custos-e-impacto-ambiental","status":"publish","type":"post","link":"https:\/\/www.sanlien.com.br\/blog\/gestao-de-residuos-na-construcao-civil-reduza-custos-e-impacto-ambiental\/","title":{"rendered":"Gest\u00e3o de res\u00edduos na constru\u00e7\u00e3o civil: reduza custos e impacto ambiental"},"content":{"rendered":"<span class=\"rt-reading-time\" style=\"display: block;\"><span class=\"rt-label rt-prefix\">Tempo de leitura: <\/span> <span class=\"rt-time\">4<\/span> <span class=\"rt-label rt-postfix\">minutos<\/span><\/span>\n<p class=\"has-medium-font-size\"><strong><em>Otimize seu projeto com uma gest\u00e3o de res\u00edduos na constru\u00e7\u00e3o civil eficiente. Reduza custos e minimize impactos ambientais com as solu\u00e7\u00f5es da San Lien.<\/em><\/strong><\/p>\n\n\n\n<p>A <strong>gest\u00e3o de res\u00edduos na constru\u00e7\u00e3o civil<\/strong> \u00e9 uma pr\u00e1tica essencial para qualquer projeto que busca n\u00e3o apenas efici\u00eancia, mas tamb\u00e9m responsabilidade ambiental.&nbsp;<\/p>\n\n\n\n<p>No setor, onde grandes volumes de res\u00edduos s\u00e3o gerados diariamente, o gerenciamento correto desses materiais pode trazer in\u00fameros benef\u00edcios, desde a redu\u00e7\u00e3o de custos at\u00e9 a minimiza\u00e7\u00e3o do impacto ambiental. Este artigo aborda a import\u00e2ncia desse processo e como ele funciona na pr\u00e1tica.<\/p>\n\n\n\n<ul>\n<li><a href=\"https:\/\/www.sanlien.com.br\/blog\/como-funciona-a-emissao-de-laudos-ambientais\/\">Como funciona a emiss\u00e3o de laudos ambientais?<\/a><\/li>\n\n\n\n<li><a href=\"https:\/\/www.sanlien.com.br\/blog\/gestao-de-residuos-industriais-reduzindo-impactos-ambientais\/\">Gest\u00e3o de res\u00edduos industriais: reduzindo impactos ambientais<\/a><\/li>\n<\/ul>\n\n\n\n<div id=\"ez-toc-container\" class=\"ez-toc-v2_0_62 counter-hierarchy ez-toc-counter ez-toc-grey ez-toc-container-direction\">\n<div class=\"ez-toc-title-container\">\n<p class=\"ez-toc-title \" >T&oacute;picos do artigo<\/p>\n<span class=\"ez-toc-title-toggle\"><a href=\"#\" class=\"ez-toc-pull-right ez-toc-btn ez-toc-btn-xs ez-toc-btn-default ez-toc-toggle\" aria-label=\"Toggle Table of Content\"><span class=\"ez-toc-js-icon-con\"><span class=\"\"><span class=\"eztoc-hide\" style=\"display:none;\">Toggle<\/span><span class=\"ez-toc-icon-toggle-span\"><svg style=\"fill: #999;color:#999\" xmlns=\"http:\/\/www.w3.org\/2000\/svg\" class=\"list-377408\" width=\"20px\" height=\"20px\" viewBox=\"0 0 24 24\" fill=\"none\"><path d=\"M6 6H4v2h2V6zm14 0H8v2h12V6zM4 11h2v2H4v-2zm16 0H8v2h12v-2zM4 16h2v2H4v-2zm16 0H8v2h12v-2z\" fill=\"currentColor\"><\/path><\/svg><svg style=\"fill: #999;color:#999\" class=\"arrow-unsorted-368013\" xmlns=\"http:\/\/www.w3.org\/2000\/svg\" width=\"10px\" height=\"10px\" viewBox=\"0 0 24 24\" version=\"1.2\" baseProfile=\"tiny\"><path d=\"M18.2 9.3l-6.2-6.3-6.2 6.3c-.2.2-.3.4-.3.7s.1.5.3.7c.2.2.4.3.7.3h11c.3 0 .5-.1.7-.3.2-.2.3-.5.3-.7s-.1-.5-.3-.7zM5.8 14.7l6.2 6.3 6.2-6.3c.2-.2.3-.5.3-.7s-.1-.5-.3-.7c-.2-.2-.4-.3-.7-.3h-11c-.3 0-.5.1-.7.3-.2.2-.3.5-.3.7s.1.5.3.7z\"\/><\/svg><\/span><\/span><\/span><\/a><\/span><\/div>\n<nav><ul class='ez-toc-list ez-toc-list-level-1 ' ><li class='ez-toc-page-1 ez-toc-heading-level-2'><a class=\"ez-toc-link ez-toc-heading-1\" href=\"https:\/\/www.sanlien.com.br\/blog\/gestao-de-residuos-na-construcao-civil-reduza-custos-e-impacto-ambiental\/#O_que_e_a_gestao_de_residuos\" title=\"O que \u00e9 a gest\u00e3o de res\u00edduos?\">O que \u00e9 a gest\u00e3o de res\u00edduos?<\/a><\/li><li class='ez-toc-page-1 ez-toc-heading-level-2'><a class=\"ez-toc-link ez-toc-heading-2\" href=\"https:\/\/www.sanlien.com.br\/blog\/gestao-de-residuos-na-construcao-civil-reduza-custos-e-impacto-ambiental\/#Como_funciona_a_gestao_de_residuos_na_construcao_civil\" title=\"Como funciona a gest\u00e3o de res\u00edduos na constru\u00e7\u00e3o civil?\u00a0\">Como funciona a gest\u00e3o de res\u00edduos na constru\u00e7\u00e3o civil?\u00a0<\/a><\/li><li class='ez-toc-page-1 ez-toc-heading-level-2'><a class=\"ez-toc-link ez-toc-heading-3\" href=\"https:\/\/www.sanlien.com.br\/blog\/gestao-de-residuos-na-construcao-civil-reduza-custos-e-impacto-ambiental\/#Quais_os_beneficios_da_gestao_de_residuos_na_construcao_civil\" title=\"Quais os benef\u00edcios da gest\u00e3o de res\u00edduos na constru\u00e7\u00e3o civil?\">Quais os benef\u00edcios da gest\u00e3o de res\u00edduos na constru\u00e7\u00e3o civil?<\/a><\/li><li class='ez-toc-page-1 ez-toc-heading-level-2'><a class=\"ez-toc-link ez-toc-heading-4\" href=\"https:\/\/www.sanlien.com.br\/blog\/gestao-de-residuos-na-construcao-civil-reduza-custos-e-impacto-ambiental\/#De_quem_e_a_responsabilidade_de_fazer_a_gestao_de_residuos\" title=\"De quem \u00e9 a responsabilidade de fazer a gest\u00e3o de res\u00edduos?\">De quem \u00e9 a responsabilidade de fazer a gest\u00e3o de res\u00edduos?<\/a><\/li><li class='ez-toc-page-1 ez-toc-heading-level-2'><a class=\"ez-toc-link ez-toc-heading-5\" href=\"https:\/\/www.sanlien.com.br\/blog\/gestao-de-residuos-na-construcao-civil-reduza-custos-e-impacto-ambiental\/#Qual_empresa_realiza_a_gestao_de_residuos_na_construcao_civil\" title=\"Qual empresa realiza a gest\u00e3o de res\u00edduos na constru\u00e7\u00e3o civil?\">Qual empresa realiza a gest\u00e3o de res\u00edduos na constru\u00e7\u00e3o civil?<\/a><\/li><\/ul><\/nav><\/div>\n<h2 class=\"wp-block-heading\"><span class=\"ez-toc-section\" id=\"O_que_e_a_gestao_de_residuos\"><\/span>O que \u00e9 a gest\u00e3o de res\u00edduos?<span class=\"ez-toc-section-end\"><\/span><\/h2>\n\n\n\n<p>A gest\u00e3o de res\u00edduos \u00e9 o <strong>conjunto de atividades e pr\u00e1ticas voltadas para o manejo, tratamento e disposi\u00e7\u00e3o final dos res\u00edduos<\/strong> gerados em diversas atividades humanas.&nbsp;<\/p>\n\n\n\n<p>Na constru\u00e7\u00e3o civil, isso se refere ao processo de lidar com todos os materiais descartados durante as etapas de constru\u00e7\u00e3o, demoli\u00e7\u00e3o, reforma ou manuten\u00e7\u00e3o de edifica\u00e7\u00f5es. Esses res\u00edduos podem incluir desde restos de concreto, madeira, metais at\u00e9 materiais mais espec\u00edficos como tintas e solventes.<\/p>\n\n\n\n<h2 class=\"wp-block-heading\"><span class=\"ez-toc-section\" id=\"Como_funciona_a_gestao_de_residuos_na_construcao_civil\"><\/span>Como funciona a gest\u00e3o de res\u00edduos na constru\u00e7\u00e3o civil?\u00a0<span class=\"ez-toc-section-end\"><\/span><\/h2>\n\n\n<div class=\"wp-block-image is-style-rounded\">\n<figure class=\"alignright size-full is-resized\"><img decoding=\"async\" loading=\"lazy\" width=\"1000\" height=\"667\" src=\"https:\/\/www.sanlien.com.br\/blog\/wp-content\/uploads\/2024\/08\/28088.jpg\" alt=\"Gest\u00e3o de res\u00edduos na constru\u00e7\u00e3o civil: reduza custos e impacto ambiental\" class=\"wp-image-222\" style=\"aspect-ratio:1.4992503748125936;width:326px;height:auto\"\/><\/figure><\/div>\n\n\n<ol>\n<li><strong>Planejamento e Identifica\u00e7\u00e3o<\/strong>: o primeiro passo na gest\u00e3o de res\u00edduos \u00e9 o planejamento, onde se identificam os tipos e a quantidade de res\u00edduos que ser\u00e3o gerados. Isso permite que a equipe de projeto elabore estrat\u00e9gias espec\u00edficas para cada tipo de material.<\/li>\n\n\n\n<li><strong>Segrega\u00e7\u00e3o<\/strong>: uma vez identificados, os res\u00edduos devem ser segregados na origem, ou seja, ainda no canteiro de obras. Essa etapa facilita o transporte e o tratamento adequado dos materiais, garantindo que cada tipo de res\u00edduo seja destinado ao local apropriado.<\/li>\n\n\n\n<li><strong>Armazenamento tempor\u00e1rio<\/strong>: ap\u00f3s a segrega\u00e7\u00e3o, os res\u00edduos s\u00e3o armazenados temporariamente em \u00e1reas espec\u00edficas do canteiro, em cont\u00eaineres adequados, at\u00e9 que possam ser transportados para os destinos finais.<\/li>\n\n\n\n<li><strong>Transporte e destina\u00e7\u00e3o final<\/strong>: os res\u00edduos s\u00e3o ent\u00e3o transportados para locais de reciclagem, reutiliza\u00e7\u00e3o, ou aterros sanit\u00e1rios, conforme o tipo de material e a legisla\u00e7\u00e3o vigente. A destina\u00e7\u00e3o correta \u00e9 crucial para minimizar o impacto ambiental.<\/li>\n\n\n\n<li><strong>Monitoramento e relat\u00f3rios<\/strong>: por fim, todo o processo de gest\u00e3o deve ser monitorado, e relat\u00f3rios devem ser gerados para garantir a conformidade com as normas ambientais e de sustentabilidade.<\/li>\n<\/ol>\n\n\n\n<h2 class=\"wp-block-heading\"><span class=\"ez-toc-section\" id=\"Quais_os_beneficios_da_gestao_de_residuos_na_construcao_civil\"><\/span>Quais os benef\u00edcios da gest\u00e3o de res\u00edduos na constru\u00e7\u00e3o civil?<span class=\"ez-toc-section-end\"><\/span><\/h2>\n\n\n\n<p>A implementa\u00e7\u00e3o de uma gest\u00e3o de res\u00edduos eficiente traz in\u00fameros benef\u00edcios:<\/p>\n\n\n\n<ul>\n<li><strong>Redu\u00e7\u00e3o de custos<\/strong>: a reciclagem e a reutiliza\u00e7\u00e3o de materiais podem reduzir significativamente os custos com a compra de novos materiais e a disposi\u00e7\u00e3o final dos res\u00edduos.<\/li>\n\n\n\n<li><strong>Conformidade legal<\/strong>: seguir as pr\u00e1ticas de gest\u00e3o de res\u00edduos ajuda as empresas a estarem em conformidade com a legisla\u00e7\u00e3o ambiental, evitando multas e san\u00e7\u00f5es.<\/li>\n\n\n\n<li><strong>Imagem sustent\u00e1vel<\/strong>: empresas que adotam pr\u00e1ticas sustent\u00e1veis fortalecem sua imagem no mercado, atraindo clientes e investidores que valorizam a responsabilidade ambiental.<\/li>\n\n\n\n<li><strong>Preserva\u00e7\u00e3o ambiental<\/strong>: reduzir a quantidade de res\u00edduos destinados a aterros sanit\u00e1rios contribui para a preserva\u00e7\u00e3o dos recursos naturais e a redu\u00e7\u00e3o do impacto ambiental.<\/li>\n<\/ul>\n\n\n\n<h2 class=\"wp-block-heading\"><span class=\"ez-toc-section\" id=\"De_quem_e_a_responsabilidade_de_fazer_a_gestao_de_residuos\"><\/span>De quem \u00e9 a responsabilidade de fazer a gest\u00e3o de res\u00edduos?<span class=\"ez-toc-section-end\"><\/span><\/h2>\n\n\n\n<p>A responsabilidade pela gest\u00e3o de res\u00edduos na constru\u00e7\u00e3o civil \u00e9 compartilhada entre diversos atores, incluindo c<strong>onstrutores, empreiteiros, engenheiros e gestores de projetos.&nbsp;<\/strong><\/p>\n\n\n\n<p>Cada um tem um papel crucial em garantir que os res\u00edduos sejam manejados de forma adequada, desde o planejamento at\u00e9 a destina\u00e7\u00e3o final. Al\u00e9m disso, as empresas contratadas para o gerenciamento de res\u00edduos, como a San Lien, desempenham um papel vital em assegurar que todas as etapas sejam realizadas conforme as normas e pr\u00e1ticas de sustentabilidade.<\/p>\n\n\n\n<ul>\n<li><a href=\"https:\/\/www.sanlien.com.br\/blog\/servico-de-coleta-de-sucata-de-metal-em-sao-paulo-onde-fazer\/\">Servi\u00e7o de coleta de sucata de metal em S\u00e3o Paulo: onde fazer?<\/a><\/li>\n\n\n\n<li><a href=\"https:\/\/www.sanlien.com.br\/blog\/reciclagem-de-eletronicos-como-descartar-seus-dispositivos-de-forma-sustentavel\/\">Reciclagem de eletr\u00f4nicos: como descartar seus dispositivos de forma sustent\u00e1vel<\/a><\/li>\n<\/ul>\n\n\n\n<h2 class=\"wp-block-heading\"><span class=\"ez-toc-section\" id=\"Qual_empresa_realiza_a_gestao_de_residuos_na_construcao_civil\"><\/span>Qual empresa realiza a gest\u00e3o de res\u00edduos na constru\u00e7\u00e3o civil?<span class=\"ez-toc-section-end\"><\/span><\/h2>\n\n\n\n<p>H\u00e1 mais de 20 anos no mercado, a <strong><a href=\"https:\/\/www.sanlien.com.br\/\">San Lien<\/a><\/strong> oferece solu\u00e7\u00f5es completas e qualificadas em gest\u00e3o de res\u00edduos na constru\u00e7\u00e3o civil.\u00a0<\/p>\n\n\n\n<p>A empresa se destaca por sua capacidade de se adequar \u00e0s normas de sustentabilidade, garantindo que todo o processo de gerenciamento de res\u00edduos seja feito com responsabilidade e qualidade.&nbsp;<\/p>\n\n\n\n<p>Com uma equipe altamente qualificada e tecnologia de ponta, a San Lien consolidou-se como uma das mais conceituadas do pa\u00eds, ajudando seus clientes a reduzir custos e minimizar o impacto ambiental de seus projetos.<\/p>\n\n\n\n<p>Entre em <a href=\"https:\/\/www.sanlien.com.br\/contato\">contato<\/a> conosco!<\/p>\n\n\n\n<p>O que achou do conte\u00fado? Caso tenha gostado, continue acompanhando o <a href=\"https:\/\/www.sanlien.com.br\/blog\/\">blog da San Lien<\/a> e saiba mais informa\u00e7\u00f5es sobre a gest\u00e3o de res\u00edduos!<\/p>\n\n\n\n<p>At\u00e9 a pr\u00f3xima!<\/p>\n","protected":false},"excerpt":{"rendered":"<p><span class=\"rt-reading-time\" style=\"display: block;\"><span class=\"rt-label rt-prefix\">Tempo de leitura: <\/span> <span class=\"rt-time\">4<\/span> <span class=\"rt-label rt-postfix\">minutos<\/span><\/span> Otimize seu projeto com uma gest\u00e3o de res\u00edduos na constru\u00e7\u00e3o civil eficiente. Reduza custos e minimize impactos ambientais com as solu\u00e7\u00f5es da San Lien. A gest\u00e3o de res\u00edduos na constru\u00e7\u00e3o civil \u00e9 uma pr\u00e1tica essencial para qualquer projeto que busca n\u00e3o apenas efici\u00eancia, mas tamb\u00e9m responsabilidade ambiental.&nbsp; No setor, onde grandes volumes de res\u00edduos s\u00e3o &hellip; <\/p>\n","protected":false},"author":1,"featured_media":221,"comment_status":"open","ping_status":"open","sticky":false,"template":"","format":"standard","meta":{"footnotes":""},"categories":[424],"tags":[441,1180,445,477,457,1176,1187,1184,1183,1192,1194,1185,1191,1193,1186,1189,1182,1190,493,505,734,501,469,497,485,453,489,1177,449,1181,437,1179,1178,481,1188,1175],"yoast_head":"<!-- This site is optimized with the Yoast SEO plugin v21.5 - https:\/\/yoast.com\/wordpress\/plugins\/seo\/ -->\n<title>Gest\u00e3o de res\u00edduos na constru\u00e7\u00e3o civil: reduza custos e impacto ambiental - San Lien<\/title>\n<meta name=\"description\" content=\"Otimize seu projeto com uma gest\u00e3o de res\u00edduos na constru\u00e7\u00e3o civil eficiente. Reduza custos e minimize impactos ambientais\" \/>\n<meta name=\"robots\" content=\"index, follow, max-snippet:-1, max-image-preview:large, max-video-preview:-1\" \/>\n<link rel=\"canonical\" href=\"https:\/\/www.sanlien.com.br\/blog\/gestao-de-residuos-na-construcao-civil-reduza-custos-e-impacto-ambiental\/\" \/>\n<meta property=\"og:locale\" content=\"pt_BR\" \/>\n<meta property=\"og:type\" content=\"article\" \/>\n<meta property=\"og:title\" content=\"Gest\u00e3o de res\u00edduos na constru\u00e7\u00e3o civil: reduza custos e impacto ambiental - San Lien\" \/>\n<meta property=\"og:description\" content=\"Otimize seu projeto com uma gest\u00e3o de res\u00edduos na constru\u00e7\u00e3o civil eficiente. Reduza custos e minimize impactos ambientais\" \/>\n<meta property=\"og:url\" content=\"https:\/\/www.sanlien.com.br\/blog\/gestao-de-residuos-na-construcao-civil-reduza-custos-e-impacto-ambiental\/\" \/>\n<meta property=\"og:site_name\" content=\"San Lien\" \/>\n<meta property=\"article:published_time\" content=\"2024-08-30T18:42:43+00:00\" \/>\n<meta property=\"article:modified_time\" content=\"2024-08-30T18:45:33+00:00\" \/>\n<meta property=\"og:image\" content=\"https:\/\/www.sanlien.com.br\/blog\/wp-content\/uploads\/2024\/08\/10992-1.jpg\" \/>\n\t<meta property=\"og:image:width\" content=\"1000\" \/>\n\t<meta property=\"og:image:height\" content=\"667\" \/>\n\t<meta property=\"og:image:type\" content=\"image\/jpeg\" \/>\n<meta name=\"author\" content=\"admin\" \/>\n<meta name=\"twitter:card\" content=\"summary_large_image\" \/>\n<meta name=\"twitter:label1\" content=\"Escrito por\" \/>\n\t<meta name=\"twitter:data1\" content=\"admin\" \/>\n\t<meta name=\"twitter:label2\" content=\"Est. tempo de leitura\" \/>\n\t<meta name=\"twitter:data2\" content=\"5 minutos\" \/>\n<script type=\"application\/ld+json\" class=\"yoast-schema-graph\">{\"@context\":\"https:\/\/schema.org\",\"@graph\":[{\"@type\":\"Article\",\"@id\":\"https:\/\/www.sanlien.com.br\/blog\/gestao-de-residuos-na-construcao-civil-reduza-custos-e-impacto-ambiental\/#article\",\"isPartOf\":{\"@id\":\"https:\/\/www.sanlien.com.br\/blog\/gestao-de-residuos-na-construcao-civil-reduza-custos-e-impacto-ambiental\/\"},\"author\":{\"name\":\"admin\",\"@id\":\"https:\/\/www.sanlien.com.br\/blog\/#\/schema\/person\/85eb4a356aebbc1679ec5e4b8dac034a\"},\"headline\":\"Gest\u00e3o de res\u00edduos na constru\u00e7\u00e3o civil: reduza custos e impacto ambiental\",\"datePublished\":\"2024-08-30T18:42:43+00:00\",\"dateModified\":\"2024-08-30T18:45:33+00:00\",\"mainEntityOfPage\":{\"@id\":\"https:\/\/www.sanlien.com.br\/blog\/gestao-de-residuos-na-construcao-civil-reduza-custos-e-impacto-ambiental\/\"},\"wordCount\":848,\"commentCount\":0,\"publisher\":{\"@id\":\"https:\/\/www.sanlien.com.br\/blog\/#organization\"},\"keywords\":[\"comprar Gest\u00e3o de res\u00edduos\",\"comprar Gest\u00e3o de res\u00edduos na constru\u00e7\u00e3o civil\",\"empresa de Gest\u00e3o de res\u00edduos\",\"Gest\u00e3o de res\u00edduos direto da fabrica\",\"Gest\u00e3o de res\u00edduos em sp\",\"Gest\u00e3o de res\u00edduos na constru\u00e7\u00e3o civil\",\"Gest\u00e3o de res\u00edduos na constru\u00e7\u00e3o civil direto da fabrica\",\"Gest\u00e3o de res\u00edduos na constru\u00e7\u00e3o civil em s\u00e3o paulo\",\"Gest\u00e3o de res\u00edduos na constru\u00e7\u00e3o civil em sp\",\"Gest\u00e3o de res\u00edduos na constru\u00e7\u00e3o civil na Penha\",\"Gest\u00e3o de res\u00edduos na constru\u00e7\u00e3o civil na Vila Maria\",\"Gest\u00e3o de res\u00edduos na constru\u00e7\u00e3o civil na zona norte\",\"Gest\u00e3o de res\u00edduos na constru\u00e7\u00e3o civil no Br\u00e1s\",\"Gest\u00e3o de res\u00edduos na constru\u00e7\u00e3o civil no Carr\u00e3o\",\"Gest\u00e3o de res\u00edduos na constru\u00e7\u00e3o civil no Tatuap\u00e9\",\"Gest\u00e3o de res\u00edduos na constru\u00e7\u00e3o civil perto de mim\",\"Gest\u00e3o de res\u00edduos na constru\u00e7\u00e3o civil pre\u00e7o\",\"Gest\u00e3o de res\u00edduos na constru\u00e7\u00e3o civil pr\u00f3ximo a mim\",\"Gest\u00e3o de res\u00edduos na Penha\",\"Gest\u00e3o de res\u00edduos na Vila Maria\",\"gest\u00e3o de res\u00edduos na zona norte\",\"Gest\u00e3o de res\u00edduos no Br\u00e1s\",\"Gest\u00e3o de res\u00edduos no Carr\u00e3o\",\"Gest\u00e3o de res\u00edduos no Tatuap\u00e9\",\"Gest\u00e3o de res\u00edduos perto de mim\",\"Gest\u00e3o de res\u00edduos pre\u00e7o\",\"Gest\u00e3o de res\u00edduos pr\u00f3ximo a mim\",\"Impacto ambiental na constru\u00e7\u00e3o\",\"loja de Gest\u00e3o de res\u00edduos\",\"loja de Gest\u00e3o de res\u00edduos na constru\u00e7\u00e3o civil\",\"onde encontrar Gest\u00e3o de res\u00edduos\",\"Redu\u00e7\u00e3o de custos na constru\u00e7\u00e3o\",\"San Lien gest\u00e3o de res\u00edduos\",\"servi\u00e7o de Gest\u00e3o de res\u00edduos\",\"servi\u00e7o de Gest\u00e3o de res\u00edduos na constru\u00e7\u00e3o civil\",\"Sustentabilidade na constru\u00e7\u00e3o civil\"],\"articleSection\":[\"Gerenciamento de res\u00edduos\"],\"inLanguage\":\"pt-BR\",\"potentialAction\":[{\"@type\":\"CommentAction\",\"name\":\"Comment\",\"target\":[\"https:\/\/www.sanlien.com.br\/blog\/gestao-de-residuos-na-construcao-civil-reduza-custos-e-impacto-ambiental\/#respond\"]}]},{\"@type\":\"WebPage\",\"@id\":\"https:\/\/www.sanlien.com.br\/blog\/gestao-de-residuos-na-construcao-civil-reduza-custos-e-impacto-ambiental\/\",\"url\":\"https:\/\/www.sanlien.com.br\/blog\/gestao-de-residuos-na-construcao-civil-reduza-custos-e-impacto-ambiental\/\",\"name\":\"Gest\u00e3o de res\u00edduos na constru\u00e7\u00e3o civil: reduza custos e impacto ambiental - San Lien\",\"isPartOf\":{\"@id\":\"https:\/\/www.sanlien.com.br\/blog\/#website\"},\"datePublished\":\"2024-08-30T18:42:43+00:00\",\"dateModified\":\"2024-08-30T18:45:33+00:00\",\"description\":\"Otimize seu projeto com uma gest\u00e3o de res\u00edduos na constru\u00e7\u00e3o civil eficiente. Reduza custos e minimize impactos ambientais\",\"breadcrumb\":{\"@id\":\"https:\/\/www.sanlien.com.br\/blog\/gestao-de-residuos-na-construcao-civil-reduza-custos-e-impacto-ambiental\/#breadcrumb\"},\"inLanguage\":\"pt-BR\",\"potentialAction\":[{\"@type\":\"ReadAction\",\"target\":[\"https:\/\/www.sanlien.com.br\/blog\/gestao-de-residuos-na-construcao-civil-reduza-custos-e-impacto-ambiental\/\"]}]},{\"@type\":\"BreadcrumbList\",\"@id\":\"https:\/\/www.sanlien.com.br\/blog\/gestao-de-residuos-na-construcao-civil-reduza-custos-e-impacto-ambiental\/#breadcrumb\",\"itemListElement\":[{\"@type\":\"ListItem\",\"position\":1,\"name\":\"In\u00edcio\",\"item\":\"https:\/\/www.sanlien.com.br\/blog\/\"},{\"@type\":\"ListItem\",\"position\":2,\"name\":\"Gest\u00e3o de res\u00edduos na constru\u00e7\u00e3o civil: reduza custos e impacto ambiental\"}]},{\"@type\":\"WebSite\",\"@id\":\"https:\/\/www.sanlien.com.br\/blog\/#website\",\"url\":\"https:\/\/www.sanlien.com.br\/blog\/\",\"name\":\"San Lien\",\"description\":\"Blog - San Lien\",\"publisher\":{\"@id\":\"https:\/\/www.sanlien.com.br\/blog\/#organization\"},\"potentialAction\":[{\"@type\":\"SearchAction\",\"target\":{\"@type\":\"EntryPoint\",\"urlTemplate\":\"https:\/\/www.sanlien.com.br\/blog\/?s={search_term_string}\"},\"query-input\":\"required name=search_term_string\"}],\"inLanguage\":\"pt-BR\"},{\"@type\":\"Organization\",\"@id\":\"https:\/\/www.sanlien.com.br\/blog\/#organization\",\"name\":\"San Lien\",\"url\":\"https:\/\/www.sanlien.com.br\/blog\/\",\"logo\":{\"@type\":\"ImageObject\",\"inLanguage\":\"pt-BR\",\"@id\":\"https:\/\/www.sanlien.com.br\/blog\/#\/schema\/logo\/image\/\",\"url\":\"https:\/\/www.sanlien.com.br\/blog\/wp-content\/uploads\/2023\/11\/logo.png\",\"contentUrl\":\"https:\/\/www.sanlien.com.br\/blog\/wp-content\/uploads\/2023\/11\/logo.png\",\"width\":500,\"height\":300,\"caption\":\"San Lien\"},\"image\":{\"@id\":\"https:\/\/www.sanlien.com.br\/blog\/#\/schema\/logo\/image\/\"}},{\"@type\":\"Person\",\"@id\":\"https:\/\/www.sanlien.com.br\/blog\/#\/schema\/person\/85eb4a356aebbc1679ec5e4b8dac034a\",\"name\":\"admin\",\"image\":{\"@type\":\"ImageObject\",\"inLanguage\":\"pt-BR\",\"@id\":\"https:\/\/www.sanlien.com.br\/blog\/#\/schema\/person\/image\/\",\"url\":\"https:\/\/secure.gravatar.com\/avatar\/bd8125b24775f217cdea35dcfa839469?s=96&d=mm&r=g\",\"contentUrl\":\"https:\/\/secure.gravatar.com\/avatar\/bd8125b24775f217cdea35dcfa839469?s=96&d=mm&r=g\",\"caption\":\"admin\"},\"sameAs\":[\"https:\/\/sanlien.com.br\/blog\"],\"url\":\"https:\/\/www.sanlien.com.br\/blog\/author\/admin\/\"}]}<\/script>\n<!-- \/ Yoast SEO plugin. -->","yoast_head_json":{"title":"Gest\u00e3o de res\u00edduos na constru\u00e7\u00e3o civil: reduza custos e impacto ambiental - San Lien","description":"Otimize seu projeto com uma gest\u00e3o de res\u00edduos na constru\u00e7\u00e3o civil eficiente. Reduza custos e minimize impactos ambientais","robots":{"index":"index","follow":"follow","max-snippet":"max-snippet:-1","max-image-preview":"max-image-preview:large","max-video-preview":"max-video-preview:-1"},"canonical":"https:\/\/www.sanlien.com.br\/blog\/gestao-de-residuos-na-construcao-civil-reduza-custos-e-impacto-ambiental\/","og_locale":"pt_BR","og_type":"article","og_title":"Gest\u00e3o de res\u00edduos na constru\u00e7\u00e3o civil: reduza custos e impacto ambiental - San Lien","og_description":"Otimize seu projeto com uma gest\u00e3o de res\u00edduos na constru\u00e7\u00e3o civil eficiente. Reduza custos e minimize impactos ambientais","og_url":"https:\/\/www.sanlien.com.br\/blog\/gestao-de-residuos-na-construcao-civil-reduza-custos-e-impacto-ambiental\/","og_site_name":"San Lien","article_published_time":"2024-08-30T18:42:43+00:00","article_modified_time":"2024-08-30T18:45:33+00:00","og_image":[{"width":1000,"height":667,"url":"https:\/\/www.sanlien.com.br\/blog\/wp-content\/uploads\/2024\/08\/10992-1.jpg","type":"image\/jpeg"}],"author":"admin","twitter_card":"summary_large_image","twitter_misc":{"Escrito por":"admin","Est. tempo de leitura":"5 minutos"},"schema":{"@context":"https:\/\/schema.org","@graph":[{"@type":"Article","@id":"https:\/\/www.sanlien.com.br\/blog\/gestao-de-residuos-na-construcao-civil-reduza-custos-e-impacto-ambiental\/#article","isPartOf":{"@id":"https:\/\/www.sanlien.com.br\/blog\/gestao-de-residuos-na-construcao-civil-reduza-custos-e-impacto-ambiental\/"},"author":{"name":"admin","@id":"https:\/\/www.sanlien.com.br\/blog\/#\/schema\/person\/85eb4a356aebbc1679ec5e4b8dac034a"},"headline":"Gest\u00e3o de res\u00edduos na constru\u00e7\u00e3o civil: reduza custos e impacto ambiental","datePublished":"2024-08-30T18:42:43+00:00","dateModified":"2024-08-30T18:45:33+00:00","mainEntityOfPage":{"@id":"https:\/\/www.sanlien.com.br\/blog\/gestao-de-residuos-na-construcao-civil-reduza-custos-e-impacto-ambiental\/"},"wordCount":848,"commentCount":0,"publisher":{"@id":"https:\/\/www.sanlien.com.br\/blog\/#organization"},"keywords":["comprar Gest\u00e3o de res\u00edduos","comprar Gest\u00e3o de res\u00edduos na constru\u00e7\u00e3o civil","empresa de Gest\u00e3o de res\u00edduos","Gest\u00e3o de res\u00edduos direto da fabrica","Gest\u00e3o de res\u00edduos em sp","Gest\u00e3o de res\u00edduos na constru\u00e7\u00e3o civil","Gest\u00e3o de res\u00edduos na constru\u00e7\u00e3o civil direto da fabrica","Gest\u00e3o de res\u00edduos na constru\u00e7\u00e3o civil em s\u00e3o paulo","Gest\u00e3o de res\u00edduos na constru\u00e7\u00e3o civil em sp","Gest\u00e3o de res\u00edduos na constru\u00e7\u00e3o civil na Penha","Gest\u00e3o de res\u00edduos na constru\u00e7\u00e3o civil na Vila Maria","Gest\u00e3o de res\u00edduos na constru\u00e7\u00e3o civil na zona norte","Gest\u00e3o de res\u00edduos na constru\u00e7\u00e3o civil no Br\u00e1s","Gest\u00e3o de res\u00edduos na constru\u00e7\u00e3o civil no Carr\u00e3o","Gest\u00e3o de res\u00edduos na constru\u00e7\u00e3o civil no Tatuap\u00e9","Gest\u00e3o de res\u00edduos na constru\u00e7\u00e3o civil perto de mim","Gest\u00e3o de res\u00edduos na constru\u00e7\u00e3o civil pre\u00e7o","Gest\u00e3o de res\u00edduos na constru\u00e7\u00e3o civil pr\u00f3ximo a mim","Gest\u00e3o de res\u00edduos na Penha","Gest\u00e3o de res\u00edduos na Vila Maria","gest\u00e3o de res\u00edduos na zona norte","Gest\u00e3o de res\u00edduos no Br\u00e1s","Gest\u00e3o de res\u00edduos no Carr\u00e3o","Gest\u00e3o de res\u00edduos no Tatuap\u00e9","Gest\u00e3o de res\u00edduos perto de mim","Gest\u00e3o de res\u00edduos pre\u00e7o","Gest\u00e3o de res\u00edduos pr\u00f3ximo a mim","Impacto ambiental na constru\u00e7\u00e3o","loja de Gest\u00e3o de res\u00edduos","loja de Gest\u00e3o de res\u00edduos na constru\u00e7\u00e3o civil","onde encontrar Gest\u00e3o de res\u00edduos","Redu\u00e7\u00e3o de custos na constru\u00e7\u00e3o","San Lien gest\u00e3o de res\u00edduos","servi\u00e7o de Gest\u00e3o de res\u00edduos","servi\u00e7o de Gest\u00e3o de res\u00edduos na constru\u00e7\u00e3o civil","Sustentabilidade na constru\u00e7\u00e3o civil"],"articleSection":["Gerenciamento de res\u00edduos"],"inLanguage":"pt-BR","potentialAction":[{"@type":"CommentAction","name":"Comment","target":["https:\/\/www.sanlien.com.br\/blog\/gestao-de-residuos-na-construcao-civil-reduza-custos-e-impacto-ambiental\/#respond"]}]},{"@type":"WebPage","@id":"https:\/\/www.sanlien.com.br\/blog\/gestao-de-residuos-na-construcao-civil-reduza-custos-e-impacto-ambiental\/","url":"https:\/\/www.sanlien.com.br\/blog\/gestao-de-residuos-na-construcao-civil-reduza-custos-e-impacto-ambiental\/","name":"Gest\u00e3o de res\u00edduos na constru\u00e7\u00e3o civil: reduza custos e impacto ambiental - San Lien","isPartOf":{"@id":"https:\/\/www.sanlien.com.br\/blog\/#website"},"datePublished":"2024-08-30T18:42:43+00:00","dateModified":"2024-08-30T18:45:33+00:00","description":"Otimize seu projeto com uma gest\u00e3o de res\u00edduos na constru\u00e7\u00e3o civil eficiente. Reduza custos e minimize impactos ambientais","breadcrumb":{"@id":"https:\/\/www.sanlien.com.br\/blog\/gestao-de-residuos-na-construcao-civil-reduza-custos-e-impacto-ambiental\/#breadcrumb"},"inLanguage":"pt-BR","potentialAction":[{"@type":"ReadAction","target":["https:\/\/www.sanlien.com.br\/blog\/gestao-de-residuos-na-construcao-civil-reduza-custos-e-impacto-ambiental\/"]}]},{"@type":"BreadcrumbList","@id":"https:\/\/www.sanlien.com.br\/blog\/gestao-de-residuos-na-construcao-civil-reduza-custos-e-impacto-ambiental\/#breadcrumb","itemListElement":[{"@type":"ListItem","position":1,"name":"In\u00edcio","item":"https:\/\/www.sanlien.com.br\/blog\/"},{"@type":"ListItem","position":2,"name":"Gest\u00e3o de res\u00edduos na constru\u00e7\u00e3o civil: reduza custos e impacto ambiental"}]},{"@type":"WebSite","@id":"https:\/\/www.sanlien.com.br\/blog\/#website","url":"https:\/\/www.sanlien.com.br\/blog\/","name":"San Lien","description":"Blog - San Lien","publisher":{"@id":"https:\/\/www.sanlien.com.br\/blog\/#organization"},"potentialAction":[{"@type":"SearchAction","target":{"@type":"EntryPoint","urlTemplate":"https:\/\/www.sanlien.com.br\/blog\/?s={search_term_string}"},"query-input":"required name=search_term_string"}],"inLanguage":"pt-BR"},{"@type":"Organization","@id":"https:\/\/www.sanlien.com.br\/blog\/#organization","name":"San Lien","url":"https:\/\/www.sanlien.com.br\/blog\/","logo":{"@type":"ImageObject","inLanguage":"pt-BR","@id":"https:\/\/www.sanlien.com.br\/blog\/#\/schema\/logo\/image\/","url":"https:\/\/www.sanlien.com.br\/blog\/wp-content\/uploads\/2023\/11\/logo.png","contentUrl":"https:\/\/www.sanlien.com.br\/blog\/wp-content\/uploads\/2023\/11\/logo.png","width":500,"height":300,"caption":"San Lien"},"image":{"@id":"https:\/\/www.sanlien.com.br\/blog\/#\/schema\/logo\/image\/"}},{"@type":"Person","@id":"https:\/\/www.sanlien.com.br\/blog\/#\/schema\/person\/85eb4a356aebbc1679ec5e4b8dac034a","name":"admin","image":{"@type":"ImageObject","inLanguage":"pt-BR","@id":"https:\/\/www.sanlien.com.br\/blog\/#\/schema\/person\/image\/","url":"https:\/\/secure.gravatar.com\/avatar\/bd8125b24775f217cdea35dcfa839469?s=96&d=mm&r=g","contentUrl":"https:\/\/secure.gravatar.com\/avatar\/bd8125b24775f217cdea35dcfa839469?s=96&d=mm&r=g","caption":"admin"},"sameAs":["https:\/\/sanlien.com.br\/blog"],"url":"https:\/\/www.sanlien.com.br\/blog\/author\/admin\/"}]}},"_links":{"self":[{"href":"https:\/\/www.sanlien.com.br\/blog\/wp-json\/wp\/v2\/posts\/220"}],"collection":[{"href":"https:\/\/www.sanlien.com.br\/blog\/wp-json\/wp\/v2\/posts"}],"about":[{"href":"https:\/\/www.sanlien.com.br\/blog\/wp-json\/wp\/v2\/types\/post"}],"author":[{"embeddable":true,"href":"https:\/\/www.sanlien.com.br\/blog\/wp-json\/wp\/v2\/users\/1"}],"replies":[{"embeddable":true,"href":"https:\/\/www.sanlien.com.br\/blog\/wp-json\/wp\/v2\/comments?post=220"}],"version-history":[{"count":1,"href":"https:\/\/www.sanlien.com.br\/blog\/wp-json\/wp\/v2\/posts\/220\/revisions"}],"predecessor-version":[{"id":223,"href":"https:\/\/www.sanlien.com.br\/blog\/wp-json\/wp\/v2\/posts\/220\/revisions\/223"}],"wp:featuredmedia":[{"embeddable":true,"href":"https:\/\/www.sanlien.com.br\/blog\/wp-json\/wp\/v2\/media\/221"}],"wp:attachment":[{"href":"https:\/\/www.sanlien.com.br\/blog\/wp-json\/wp\/v2\/media?parent=220"}],"wp:term":[{"taxonomy":"category","embeddable":true,"href":"https:\/\/www.sanlien.com.br\/blog\/wp-json\/wp\/v2\/categories?post=220"},{"taxonomy":"post_tag","embeddable":true,"href":"https:\/\/www.sanlien.com.br\/blog\/wp-json\/wp\/v2\/tags?post=220"}],"curies":[{"name":"wp","href":"https:\/\/api.w.org\/{rel}","templated":true}]}}