{"id":210,"date":"2024-08-14T16:49:15","date_gmt":"2024-08-14T16:49:15","guid":{"rendered":"https:\/\/www.sanlien.com.br\/blog\/?p=210"},"modified":"2024-08-14T16:50:45","modified_gmt":"2024-08-14T16:50:45","slug":"gestao-de-residuos-industriais-reduzindo-impactos-ambientais","status":"publish","type":"post","link":"https:\/\/www.sanlien.com.br\/blog\/gestao-de-residuos-industriais-reduzindo-impactos-ambientais\/","title":{"rendered":"Gest\u00e3o de res\u00edduos industriais: reduzindo impactos ambientais"},"content":{"rendered":"<span class=\"rt-reading-time\" style=\"display: block;\"><span class=\"rt-label rt-prefix\">Tempo de leitura: <\/span> <span class=\"rt-time\">3<\/span> <span class=\"rt-label rt-postfix\">minutos<\/span><\/span>\n<p class=\"has-medium-font-size\"><strong><em>Descubra como a gest\u00e3o de res\u00edduos industriais pode reduzir impactos ambientais e conhe\u00e7a a San Lien, l\u00edder no setor h\u00e1 mais de 20 anos.<\/em><\/strong><\/p>\n\n\n\n<p>A <strong>gest\u00e3o de res\u00edduos industriais<\/strong> \u00e9 uma preocupa\u00e7\u00e3o crescente para empresas em todo o mundo, visto que impacta diretamente o meio ambiente e a sa\u00fade p\u00fablica. A ind\u00fastria \u00e9 uma das principais geradoras de res\u00edduos, e a maneira como esses res\u00edduos s\u00e3o tratados, armazenados, transportados e descartados \u00e9 crucial para a sustentabilidade ambiental.&nbsp;<\/p>\n\n\n\n<p>Este artigo explora a import\u00e2ncia da gest\u00e3o eficaz de res\u00edduos industriais e como ela pode contribuir significativamente para a redu\u00e7\u00e3o dos impactos ambientais, al\u00e9m de destacar o papel da San Lien, uma empresa que tem sido pioneira neste campo por mais de duas d\u00e9cadas.<\/p>\n\n\n\n<ul>\n<li><a href=\"https:\/\/www.sanlien.com.br\/blog\/servico-de-coleta-de-sucata-de-metal-em-sao-paulo-onde-fazer\/\">Servi\u00e7o de coleta de sucata de metal em S\u00e3o Paulo: onde fazer?<\/a><\/li>\n\n\n\n<li><a href=\"https:\/\/www.sanlien.com.br\/blog\/reciclagem-de-eletronicos-como-descartar-seus-dispositivos-de-forma-sustentavel\/\">Reciclagem de eletr\u00f4nicos: como descartar seus dispositivos de forma sustent\u00e1vel<\/a><\/li>\n<\/ul>\n\n\n\n<div id=\"ez-toc-container\" class=\"ez-toc-v2_0_62 counter-hierarchy ez-toc-counter ez-toc-grey ez-toc-container-direction\">\n<div class=\"ez-toc-title-container\">\n<p class=\"ez-toc-title \" >T&oacute;picos do artigo<\/p>\n<span class=\"ez-toc-title-toggle\"><a href=\"#\" class=\"ez-toc-pull-right ez-toc-btn ez-toc-btn-xs ez-toc-btn-default ez-toc-toggle\" aria-label=\"Toggle Table of Content\"><span class=\"ez-toc-js-icon-con\"><span class=\"\"><span class=\"eztoc-hide\" style=\"display:none;\">Toggle<\/span><span class=\"ez-toc-icon-toggle-span\"><svg style=\"fill: #999;color:#999\" xmlns=\"http:\/\/www.w3.org\/2000\/svg\" class=\"list-377408\" width=\"20px\" height=\"20px\" viewBox=\"0 0 24 24\" fill=\"none\"><path d=\"M6 6H4v2h2V6zm14 0H8v2h12V6zM4 11h2v2H4v-2zm16 0H8v2h12v-2zM4 16h2v2H4v-2zm16 0H8v2h12v-2z\" fill=\"currentColor\"><\/path><\/svg><svg style=\"fill: #999;color:#999\" class=\"arrow-unsorted-368013\" xmlns=\"http:\/\/www.w3.org\/2000\/svg\" width=\"10px\" height=\"10px\" viewBox=\"0 0 24 24\" version=\"1.2\" baseProfile=\"tiny\"><path d=\"M18.2 9.3l-6.2-6.3-6.2 6.3c-.2.2-.3.4-.3.7s.1.5.3.7c.2.2.4.3.7.3h11c.3 0 .5-.1.7-.3.2-.2.3-.5.3-.7s-.1-.5-.3-.7zM5.8 14.7l6.2 6.3 6.2-6.3c.2-.2.3-.5.3-.7s-.1-.5-.3-.7c-.2-.2-.4-.3-.7-.3h-11c-.3 0-.5.1-.7.3-.2.2-.3.5-.3.7s.1.5.3.7z\"\/><\/svg><\/span><\/span><\/span><\/a><\/span><\/div>\n<nav><ul class='ez-toc-list ez-toc-list-level-1 ' ><li class='ez-toc-page-1 ez-toc-heading-level-2'><a class=\"ez-toc-link ez-toc-heading-1\" href=\"https:\/\/www.sanlien.com.br\/blog\/gestao-de-residuos-industriais-reduzindo-impactos-ambientais\/#O_que_e_a_gestao_de_residuos_industriais\" title=\"O que \u00e9 a gest\u00e3o de res\u00edduos industriais?\">O que \u00e9 a gest\u00e3o de res\u00edduos industriais?<\/a><\/li><li class='ez-toc-page-1 ez-toc-heading-level-2'><a class=\"ez-toc-link ez-toc-heading-2\" href=\"https:\/\/www.sanlien.com.br\/blog\/gestao-de-residuos-industriais-reduzindo-impactos-ambientais\/#Quais_atividades_fazem_parte_da_gestao_de_residuos_industriais\" title=\"Quais atividades fazem parte da gest\u00e3o de res\u00edduos industriais?\">Quais atividades fazem parte da gest\u00e3o de res\u00edduos industriais?<\/a><\/li><li class='ez-toc-page-1 ez-toc-heading-level-2'><a class=\"ez-toc-link ez-toc-heading-3\" href=\"https:\/\/www.sanlien.com.br\/blog\/gestao-de-residuos-industriais-reduzindo-impactos-ambientais\/#Qual_a_importancia\" title=\"Qual a import\u00e2ncia?\">Qual a import\u00e2ncia?<\/a><\/li><li class='ez-toc-page-1 ez-toc-heading-level-2'><a class=\"ez-toc-link ez-toc-heading-4\" href=\"https:\/\/www.sanlien.com.br\/blog\/gestao-de-residuos-industriais-reduzindo-impactos-ambientais\/#Como_deve_ser_feito_o_descarte_de_residuos_industriais\" title=\"Como deve ser feito o descarte de res\u00edduos industriais?\">Como deve ser feito o descarte de res\u00edduos industriais?<\/a><\/li><li class='ez-toc-page-1 ez-toc-heading-level-2'><a class=\"ez-toc-link ez-toc-heading-5\" href=\"https:\/\/www.sanlien.com.br\/blog\/gestao-de-residuos-industriais-reduzindo-impactos-ambientais\/#Qual_empresa_escolher_para_realizar_a_gestao_de_residuos_industriais\" title=\"Qual empresa escolher para realizar a gest\u00e3o de res\u00edduos industriais?\">Qual empresa escolher para realizar a gest\u00e3o de res\u00edduos industriais?<\/a><\/li><\/ul><\/nav><\/div>\n<h2 class=\"wp-block-heading\"><span class=\"ez-toc-section\" id=\"O_que_e_a_gestao_de_residuos_industriais\"><\/span>O que \u00e9 a gest\u00e3o de res\u00edduos industriais?<span class=\"ez-toc-section-end\"><\/span><\/h2>\n\n\n\n<p>A gest\u00e3o de res\u00edduos industriais refere-se ao conjunto de <strong>pr\u00e1ticas administrativas e operacionais que visam minimizar a produ\u00e7\u00e3o de res\u00edduos<\/strong> gerados por atividades industriais e garantir o seu tratamento ou descarte de forma ambientalmente segura.&nbsp;<\/p>\n\n\n\n<p>Essas pr\u00e1ticas envolvem diversas etapas, desde a identifica\u00e7\u00e3o e classifica\u00e7\u00e3o dos res\u00edduos at\u00e9 a sua reciclagem, tratamento e elimina\u00e7\u00e3o, conforme as normativas ambientais vigentes.<\/p>\n\n\n\n<h2 class=\"wp-block-heading\"><span class=\"ez-toc-section\" id=\"Quais_atividades_fazem_parte_da_gestao_de_residuos_industriais\"><\/span>Quais atividades fazem parte da gest\u00e3o de res\u00edduos industriais?<span class=\"ez-toc-section-end\"><\/span><\/h2>\n\n\n\n<p>As atividades envolvidas na gest\u00e3o de res\u00edduos industriais s\u00e3o amplas e variadas. Elas incluem:<\/p>\n\n\n\n<ul>\n<li><strong>Identifica\u00e7\u00e3o e classifica\u00e7\u00e3o<\/strong>: os res\u00edduos s\u00e3o identificados e classificados de acordo com suas caracter\u00edsticas e riscos potenciais ao meio ambiente.<\/li>\n<\/ul>\n\n\n\n<ul>\n<li><strong>Armazenamento seguro<\/strong>: os res\u00edduos s\u00e3o armazenados de forma segura para evitar qualquer contamina\u00e7\u00e3o.<\/li>\n<\/ul>\n\n\n\n<ul>\n<li><strong>Tratamento<\/strong>: muitos res\u00edduos passam por processos de tratamento para reduzir os riscos ambientais e de sa\u00fade antes do descarte final.<\/li>\n<\/ul>\n\n\n\n<ul>\n<li><strong>Reciclagem<\/strong>: sempre que poss\u00edvel, os materiais s\u00e3o reciclados para reaproveitamento na pr\u00f3pria ind\u00fastria ou em outras aplica\u00e7\u00f5es.<\/li>\n<\/ul>\n\n\n\n<ul>\n<li><strong>Transporte<\/strong>: os res\u00edduos s\u00e3o transportados seguindo protocolos r\u00edgidos para evitar acidentes e contamina\u00e7\u00f5es durante o percurso.<\/li>\n<\/ul>\n\n\n\n<ul>\n<li><strong>Descarte final<\/strong>: o descarte \u00e9 realizado em locais apropriados, como aterros industriais seguros ou instala\u00e7\u00f5es de incinera\u00e7\u00e3o, sob rigorosa observ\u00e2ncia das leis ambientais.<\/li>\n<\/ul>\n\n\n\n<h2 class=\"wp-block-heading\"><span class=\"ez-toc-section\" id=\"Qual_a_importancia\"><\/span>Qual a import\u00e2ncia?<span class=\"ez-toc-section-end\"><\/span><\/h2>\n\n\n<div class=\"wp-block-image is-style-rounded\">\n<figure class=\"alignright size-full is-resized\"><img decoding=\"async\" loading=\"lazy\" width=\"1000\" height=\"560\" src=\"https:\/\/www.sanlien.com.br\/blog\/wp-content\/uploads\/2024\/08\/3459-1.jpg\" alt=\"\" class=\"wp-image-212\" style=\"aspect-ratio:1.7857142857142858;width:262px;height:auto\"\/><\/figure><\/div>\n\n\n<p>A gest\u00e3o de res\u00edduos industriais n\u00e3o \u00e9 apenas uma responsabilidade ambiental; ela tamb\u00e9m se apresenta como uma quest\u00e3o de <strong>sa\u00fade p\u00fablica e efici\u00eancia econ\u00f4mica<\/strong>.&nbsp;<\/p>\n\n\n\n<p>Pr\u00e1ticas inadequadas podem resultar em contamina\u00e7\u00e3o do solo, da \u00e1gua e do ar, afetando a biodiversidade local e a sa\u00fade das comunidades pr\u00f3ximas.&nbsp;<\/p>\n\n\n\n<p>Al\u00e9m disso, uma gest\u00e3o eficaz pode resultar na redu\u00e7\u00e3o de custos operacionais, na recupera\u00e7\u00e3o de materiais e na promo\u00e7\u00e3o da imagem corporativa respons\u00e1vel.<\/p>\n\n\n\n<h2 class=\"wp-block-heading\"><span class=\"ez-toc-section\" id=\"Como_deve_ser_feito_o_descarte_de_residuos_industriais\"><\/span>Como deve ser feito o descarte de res\u00edduos industriais?<span class=\"ez-toc-section-end\"><\/span><\/h2>\n\n\n\n<p>O descarte de res\u00edduos industriais deve seguir protocolos estritos que garantam a seguran\u00e7a ambiental e humana.&nbsp;<\/p>\n\n\n\n<p>Isso inclui a utiliza\u00e7\u00e3o de tecnologias de tratamento avan\u00e7adas,<strong> escolha de locais de descarte que minimizem os riscos de contamina\u00e7\u00e3o<\/strong>, e a conformidade com todas as regulamenta\u00e7\u00f5es locais e internacionais pertinentes.&nbsp;<\/p>\n\n\n\n<p>A rastreabilidade dos res\u00edduos e a transpar\u00eancia nos processos de descarte tamb\u00e9m s\u00e3o fundamentais para garantir a confian\u00e7a p\u00fablica e a responsabilidade corporativa.<\/p>\n\n\n\n<ul>\n<li><a href=\"https:\/\/www.sanlien.com.br\/blog\/saiba-tudo-sobre-a-manufatura-reversa\/\">Saiba tudo sobre a manufatura reversa<\/a><\/li>\n\n\n\n<li><a href=\"https:\/\/www.sanlien.com.br\/blog\/sucata-de-ferro-como-transformar-residuos-em-lucro\/\">Sucata de ferro: como transformar res\u00edduos em lucro&nbsp;<\/a><\/li>\n<\/ul>\n\n\n\n<h2 class=\"wp-block-heading\"><span class=\"ez-toc-section\" id=\"Qual_empresa_escolher_para_realizar_a_gestao_de_residuos_industriais\"><\/span>Qual empresa escolher para realizar a gest\u00e3o de res\u00edduos industriais?<span class=\"ez-toc-section-end\"><\/span><\/h2>\n\n\n\n<p>A escolha de uma empresa especializada em gest\u00e3o de res\u00edduos industriais \u00e9 crucial. A <strong><a href=\"https:\/\/www.sanlien.com.br\/\">San Lien<\/a><\/strong>, com mais de 20 anos de experi\u00eancia no mercado, oferece solu\u00e7\u00f5es completas e qualificadas para o tratamento e descarte de res\u00edduos industriais.&nbsp;<\/p>\n\n\n\n<p>Reconhecida pela sua efic\u00e1cia e responsabilidade ambiental, a San Lien se consolida como uma das l\u00edderes do setor no Brasil, ajudando in\u00fameras empresas a cumprir suas responsabilidades ambientais de maneira eficiente e sustent\u00e1vel.<\/p>\n\n\n\n<p>A gest\u00e3o de res\u00edduos industriais \u00e9 mais do que uma obriga\u00e7\u00e3o legal; \u00e9 um componente vital para a sustentabilidade das opera\u00e7\u00f5es industriais e a preserva\u00e7\u00e3o do nosso planeta para as futuras gera\u00e7\u00f5es.<\/p>\n\n\n\n<p>Entre em <a href=\"https:\/\/www.sanlien.com.br\/contato\">contato<\/a> conosco!<\/p>\n\n\n\n<p>O que achou do conte\u00fado? Caso tenha gostado, continue acompanhando o <a href=\"https:\/\/www.sanlien.com.br\/blog\/\">blog da San Lien<\/a> e saiba mais informa\u00e7\u00f5es sobre a gest\u00e3o de res\u00edduos!<\/p>\n\n\n\n<p>At\u00e9 a pr\u00f3xima!<\/p>\n","protected":false},"excerpt":{"rendered":"<p><span class=\"rt-reading-time\" style=\"display: block;\"><span class=\"rt-label rt-prefix\">Tempo de leitura: <\/span> <span class=\"rt-time\">3<\/span> <span class=\"rt-label rt-postfix\">minutos<\/span><\/span> Descubra como a gest\u00e3o de res\u00edduos industriais pode reduzir impactos ambientais e conhe\u00e7a a San Lien, l\u00edder no setor h\u00e1 mais de 20 anos. A gest\u00e3o de res\u00edduos industriais \u00e9 uma preocupa\u00e7\u00e3o crescente para empresas em todo o mundo, visto que impacta diretamente o meio ambiente e a sa\u00fade p\u00fablica. A ind\u00fastria \u00e9 uma das &hellip; <\/p>\n","protected":false},"author":1,"featured_media":211,"comment_status":"open","ping_status":"open","sticky":false,"template":"","format":"standard","meta":{"footnotes":""},"categories":[424],"tags":[1171,7,1170,1172,414,1174,1173],"yoast_head":"<!-- This site is optimized with the Yoast SEO plugin v21.5 - https:\/\/yoast.com\/wordpress\/plugins\/seo\/ -->\n<title>Gest\u00e3o de res\u00edduos industriais: reduzindo impactos ambientais - San Lien<\/title>\n<meta name=\"description\" content=\"Descubra como a gest\u00e3o de res\u00edduos industriais pode reduzir impactos ambientais e conhe\u00e7a a San Lien, l\u00edder no setor h\u00e1 mais de 20 anos.\" \/>\n<meta name=\"robots\" content=\"index, follow, max-snippet:-1, max-image-preview:large, max-video-preview:-1\" \/>\n<link rel=\"canonical\" href=\"https:\/\/www.sanlien.com.br\/blog\/gestao-de-residuos-industriais-reduzindo-impactos-ambientais\/\" \/>\n<meta property=\"og:locale\" content=\"pt_BR\" \/>\n<meta property=\"og:type\" content=\"article\" \/>\n<meta property=\"og:title\" content=\"Gest\u00e3o de res\u00edduos industriais: reduzindo impactos ambientais - San Lien\" \/>\n<meta property=\"og:description\" content=\"Descubra como a gest\u00e3o de res\u00edduos industriais pode reduzir impactos ambientais e conhe\u00e7a a San Lien, l\u00edder no setor h\u00e1 mais de 20 anos.\" \/>\n<meta property=\"og:url\" content=\"https:\/\/www.sanlien.com.br\/blog\/gestao-de-residuos-industriais-reduzindo-impactos-ambientais\/\" \/>\n<meta property=\"og:site_name\" content=\"San Lien\" \/>\n<meta property=\"article:published_time\" content=\"2024-08-14T16:49:15+00:00\" \/>\n<meta property=\"article:modified_time\" content=\"2024-08-14T16:50:45+00:00\" \/>\n<meta property=\"og:image\" content=\"https:\/\/www.sanlien.com.br\/blog\/wp-content\/uploads\/2024\/08\/37597-1.jpg\" \/>\n\t<meta property=\"og:image:width\" content=\"1000\" \/>\n\t<meta property=\"og:image:height\" content=\"666\" \/>\n\t<meta property=\"og:image:type\" content=\"image\/jpeg\" \/>\n<meta name=\"author\" content=\"admin\" \/>\n<meta name=\"twitter:card\" content=\"summary_large_image\" \/>\n<meta name=\"twitter:label1\" content=\"Escrito por\" \/>\n\t<meta name=\"twitter:data1\" content=\"admin\" \/>\n\t<meta name=\"twitter:label2\" content=\"Est. tempo de leitura\" \/>\n\t<meta name=\"twitter:data2\" content=\"4 minutos\" \/>\n<script type=\"application\/ld+json\" class=\"yoast-schema-graph\">{\"@context\":\"https:\/\/schema.org\",\"@graph\":[{\"@type\":\"Article\",\"@id\":\"https:\/\/www.sanlien.com.br\/blog\/gestao-de-residuos-industriais-reduzindo-impactos-ambientais\/#article\",\"isPartOf\":{\"@id\":\"https:\/\/www.sanlien.com.br\/blog\/gestao-de-residuos-industriais-reduzindo-impactos-ambientais\/\"},\"author\":{\"name\":\"admin\",\"@id\":\"https:\/\/www.sanlien.com.br\/blog\/#\/schema\/person\/85eb4a356aebbc1679ec5e4b8dac034a\"},\"headline\":\"Gest\u00e3o de res\u00edduos industriais: reduzindo impactos ambientais\",\"datePublished\":\"2024-08-14T16:49:15+00:00\",\"dateModified\":\"2024-08-14T16:50:45+00:00\",\"mainEntityOfPage\":{\"@id\":\"https:\/\/www.sanlien.com.br\/blog\/gestao-de-residuos-industriais-reduzindo-impactos-ambientais\/\"},\"wordCount\":776,\"commentCount\":0,\"publisher\":{\"@id\":\"https:\/\/www.sanlien.com.br\/blog\/#organization\"},\"keywords\":[\"descarte de res\u00edduos industriais\",\"Gest\u00e3o de Res\u00edduos\",\"Gest\u00e3o de res\u00edduos industriais\",\"reciclagem industrial\",\"San Lien\",\"sustentabilidade industrial\",\"tratamento de res\u00edduos industriais\"],\"articleSection\":[\"Gerenciamento de res\u00edduos\"],\"inLanguage\":\"pt-BR\",\"potentialAction\":[{\"@type\":\"CommentAction\",\"name\":\"Comment\",\"target\":[\"https:\/\/www.sanlien.com.br\/blog\/gestao-de-residuos-industriais-reduzindo-impactos-ambientais\/#respond\"]}]},{\"@type\":\"WebPage\",\"@id\":\"https:\/\/www.sanlien.com.br\/blog\/gestao-de-residuos-industriais-reduzindo-impactos-ambientais\/\",\"url\":\"https:\/\/www.sanlien.com.br\/blog\/gestao-de-residuos-industriais-reduzindo-impactos-ambientais\/\",\"name\":\"Gest\u00e3o de res\u00edduos industriais: reduzindo impactos ambientais - San Lien\",\"isPartOf\":{\"@id\":\"https:\/\/www.sanlien.com.br\/blog\/#website\"},\"datePublished\":\"2024-08-14T16:49:15+00:00\",\"dateModified\":\"2024-08-14T16:50:45+00:00\",\"description\":\"Descubra como a gest\u00e3o de res\u00edduos industriais pode reduzir impactos ambientais e conhe\u00e7a a San Lien, l\u00edder no setor h\u00e1 mais de 20 anos.\",\"breadcrumb\":{\"@id\":\"https:\/\/www.sanlien.com.br\/blog\/gestao-de-residuos-industriais-reduzindo-impactos-ambientais\/#breadcrumb\"},\"inLanguage\":\"pt-BR\",\"potentialAction\":[{\"@type\":\"ReadAction\",\"target\":[\"https:\/\/www.sanlien.com.br\/blog\/gestao-de-residuos-industriais-reduzindo-impactos-ambientais\/\"]}]},{\"@type\":\"BreadcrumbList\",\"@id\":\"https:\/\/www.sanlien.com.br\/blog\/gestao-de-residuos-industriais-reduzindo-impactos-ambientais\/#breadcrumb\",\"itemListElement\":[{\"@type\":\"ListItem\",\"position\":1,\"name\":\"In\u00edcio\",\"item\":\"https:\/\/www.sanlien.com.br\/blog\/\"},{\"@type\":\"ListItem\",\"position\":2,\"name\":\"Gest\u00e3o de res\u00edduos industriais: reduzindo impactos ambientais\"}]},{\"@type\":\"WebSite\",\"@id\":\"https:\/\/www.sanlien.com.br\/blog\/#website\",\"url\":\"https:\/\/www.sanlien.com.br\/blog\/\",\"name\":\"San Lien\",\"description\":\"Blog - San Lien\",\"publisher\":{\"@id\":\"https:\/\/www.sanlien.com.br\/blog\/#organization\"},\"potentialAction\":[{\"@type\":\"SearchAction\",\"target\":{\"@type\":\"EntryPoint\",\"urlTemplate\":\"https:\/\/www.sanlien.com.br\/blog\/?s={search_term_string}\"},\"query-input\":\"required name=search_term_string\"}],\"inLanguage\":\"pt-BR\"},{\"@type\":\"Organization\",\"@id\":\"https:\/\/www.sanlien.com.br\/blog\/#organization\",\"name\":\"San Lien\",\"url\":\"https:\/\/www.sanlien.com.br\/blog\/\",\"logo\":{\"@type\":\"ImageObject\",\"inLanguage\":\"pt-BR\",\"@id\":\"https:\/\/www.sanlien.com.br\/blog\/#\/schema\/logo\/image\/\",\"url\":\"https:\/\/www.sanlien.com.br\/blog\/wp-content\/uploads\/2023\/11\/logo.png\",\"contentUrl\":\"https:\/\/www.sanlien.com.br\/blog\/wp-content\/uploads\/2023\/11\/logo.png\",\"width\":500,\"height\":300,\"caption\":\"San Lien\"},\"image\":{\"@id\":\"https:\/\/www.sanlien.com.br\/blog\/#\/schema\/logo\/image\/\"}},{\"@type\":\"Person\",\"@id\":\"https:\/\/www.sanlien.com.br\/blog\/#\/schema\/person\/85eb4a356aebbc1679ec5e4b8dac034a\",\"name\":\"admin\",\"image\":{\"@type\":\"ImageObject\",\"inLanguage\":\"pt-BR\",\"@id\":\"https:\/\/www.sanlien.com.br\/blog\/#\/schema\/person\/image\/\",\"url\":\"https:\/\/secure.gravatar.com\/avatar\/bd8125b24775f217cdea35dcfa839469?s=96&d=mm&r=g\",\"contentUrl\":\"https:\/\/secure.gravatar.com\/avatar\/bd8125b24775f217cdea35dcfa839469?s=96&d=mm&r=g\",\"caption\":\"admin\"},\"sameAs\":[\"https:\/\/sanlien.com.br\/blog\"],\"url\":\"https:\/\/www.sanlien.com.br\/blog\/author\/admin\/\"}]}<\/script>\n<!-- \/ Yoast SEO plugin. -->","yoast_head_json":{"title":"Gest\u00e3o de res\u00edduos industriais: reduzindo impactos ambientais - San Lien","description":"Descubra como a gest\u00e3o de res\u00edduos industriais pode reduzir impactos ambientais e conhe\u00e7a a San Lien, l\u00edder no setor h\u00e1 mais de 20 anos.","robots":{"index":"index","follow":"follow","max-snippet":"max-snippet:-1","max-image-preview":"max-image-preview:large","max-video-preview":"max-video-preview:-1"},"canonical":"https:\/\/www.sanlien.com.br\/blog\/gestao-de-residuos-industriais-reduzindo-impactos-ambientais\/","og_locale":"pt_BR","og_type":"article","og_title":"Gest\u00e3o de res\u00edduos industriais: reduzindo impactos ambientais - San Lien","og_description":"Descubra como a gest\u00e3o de res\u00edduos industriais pode reduzir impactos ambientais e conhe\u00e7a a San Lien, l\u00edder no setor h\u00e1 mais de 20 anos.","og_url":"https:\/\/www.sanlien.com.br\/blog\/gestao-de-residuos-industriais-reduzindo-impactos-ambientais\/","og_site_name":"San Lien","article_published_time":"2024-08-14T16:49:15+00:00","article_modified_time":"2024-08-14T16:50:45+00:00","og_image":[{"width":1000,"height":666,"url":"https:\/\/www.sanlien.com.br\/blog\/wp-content\/uploads\/2024\/08\/37597-1.jpg","type":"image\/jpeg"}],"author":"admin","twitter_card":"summary_large_image","twitter_misc":{"Escrito por":"admin","Est. tempo de leitura":"4 minutos"},"schema":{"@context":"https:\/\/schema.org","@graph":[{"@type":"Article","@id":"https:\/\/www.sanlien.com.br\/blog\/gestao-de-residuos-industriais-reduzindo-impactos-ambientais\/#article","isPartOf":{"@id":"https:\/\/www.sanlien.com.br\/blog\/gestao-de-residuos-industriais-reduzindo-impactos-ambientais\/"},"author":{"name":"admin","@id":"https:\/\/www.sanlien.com.br\/blog\/#\/schema\/person\/85eb4a356aebbc1679ec5e4b8dac034a"},"headline":"Gest\u00e3o de res\u00edduos industriais: reduzindo impactos ambientais","datePublished":"2024-08-14T16:49:15+00:00","dateModified":"2024-08-14T16:50:45+00:00","mainEntityOfPage":{"@id":"https:\/\/www.sanlien.com.br\/blog\/gestao-de-residuos-industriais-reduzindo-impactos-ambientais\/"},"wordCount":776,"commentCount":0,"publisher":{"@id":"https:\/\/www.sanlien.com.br\/blog\/#organization"},"keywords":["descarte de res\u00edduos industriais","Gest\u00e3o de Res\u00edduos","Gest\u00e3o de res\u00edduos industriais","reciclagem industrial","San Lien","sustentabilidade industrial","tratamento de res\u00edduos industriais"],"articleSection":["Gerenciamento de res\u00edduos"],"inLanguage":"pt-BR","potentialAction":[{"@type":"CommentAction","name":"Comment","target":["https:\/\/www.sanlien.com.br\/blog\/gestao-de-residuos-industriais-reduzindo-impactos-ambientais\/#respond"]}]},{"@type":"WebPage","@id":"https:\/\/www.sanlien.com.br\/blog\/gestao-de-residuos-industriais-reduzindo-impactos-ambientais\/","url":"https:\/\/www.sanlien.com.br\/blog\/gestao-de-residuos-industriais-reduzindo-impactos-ambientais\/","name":"Gest\u00e3o de res\u00edduos industriais: reduzindo impactos ambientais - San Lien","isPartOf":{"@id":"https:\/\/www.sanlien.com.br\/blog\/#website"},"datePublished":"2024-08-14T16:49:15+00:00","dateModified":"2024-08-14T16:50:45+00:00","description":"Descubra como a gest\u00e3o de res\u00edduos industriais pode reduzir impactos ambientais e conhe\u00e7a a San Lien, l\u00edder no setor h\u00e1 mais de 20 anos.","breadcrumb":{"@id":"https:\/\/www.sanlien.com.br\/blog\/gestao-de-residuos-industriais-reduzindo-impactos-ambientais\/#breadcrumb"},"inLanguage":"pt-BR","potentialAction":[{"@type":"ReadAction","target":["https:\/\/www.sanlien.com.br\/blog\/gestao-de-residuos-industriais-reduzindo-impactos-ambientais\/"]}]},{"@type":"BreadcrumbList","@id":"https:\/\/www.sanlien.com.br\/blog\/gestao-de-residuos-industriais-reduzindo-impactos-ambientais\/#breadcrumb","itemListElement":[{"@type":"ListItem","position":1,"name":"In\u00edcio","item":"https:\/\/www.sanlien.com.br\/blog\/"},{"@type":"ListItem","position":2,"name":"Gest\u00e3o de res\u00edduos industriais: reduzindo impactos ambientais"}]},{"@type":"WebSite","@id":"https:\/\/www.sanlien.com.br\/blog\/#website","url":"https:\/\/www.sanlien.com.br\/blog\/","name":"San Lien","description":"Blog - San Lien","publisher":{"@id":"https:\/\/www.sanlien.com.br\/blog\/#organization"},"potentialAction":[{"@type":"SearchAction","target":{"@type":"EntryPoint","urlTemplate":"https:\/\/www.sanlien.com.br\/blog\/?s={search_term_string}"},"query-input":"required name=search_term_string"}],"inLanguage":"pt-BR"},{"@type":"Organization","@id":"https:\/\/www.sanlien.com.br\/blog\/#organization","name":"San Lien","url":"https:\/\/www.sanlien.com.br\/blog\/","logo":{"@type":"ImageObject","inLanguage":"pt-BR","@id":"https:\/\/www.sanlien.com.br\/blog\/#\/schema\/logo\/image\/","url":"https:\/\/www.sanlien.com.br\/blog\/wp-content\/uploads\/2023\/11\/logo.png","contentUrl":"https:\/\/www.sanlien.com.br\/blog\/wp-content\/uploads\/2023\/11\/logo.png","width":500,"height":300,"caption":"San Lien"},"image":{"@id":"https:\/\/www.sanlien.com.br\/blog\/#\/schema\/logo\/image\/"}},{"@type":"Person","@id":"https:\/\/www.sanlien.com.br\/blog\/#\/schema\/person\/85eb4a356aebbc1679ec5e4b8dac034a","name":"admin","image":{"@type":"ImageObject","inLanguage":"pt-BR","@id":"https:\/\/www.sanlien.com.br\/blog\/#\/schema\/person\/image\/","url":"https:\/\/secure.gravatar.com\/avatar\/bd8125b24775f217cdea35dcfa839469?s=96&d=mm&r=g","contentUrl":"https:\/\/secure.gravatar.com\/avatar\/bd8125b24775f217cdea35dcfa839469?s=96&d=mm&r=g","caption":"admin"},"sameAs":["https:\/\/sanlien.com.br\/blog"],"url":"https:\/\/www.sanlien.com.br\/blog\/author\/admin\/"}]}},"_links":{"self":[{"href":"https:\/\/www.sanlien.com.br\/blog\/wp-json\/wp\/v2\/posts\/210"}],"collection":[{"href":"https:\/\/www.sanlien.com.br\/blog\/wp-json\/wp\/v2\/posts"}],"about":[{"href":"https:\/\/www.sanlien.com.br\/blog\/wp-json\/wp\/v2\/types\/post"}],"author":[{"embeddable":true,"href":"https:\/\/www.sanlien.com.br\/blog\/wp-json\/wp\/v2\/users\/1"}],"replies":[{"embeddable":true,"href":"https:\/\/www.sanlien.com.br\/blog\/wp-json\/wp\/v2\/comments?post=210"}],"version-history":[{"count":2,"href":"https:\/\/www.sanlien.com.br\/blog\/wp-json\/wp\/v2\/posts\/210\/revisions"}],"predecessor-version":[{"id":214,"href":"https:\/\/www.sanlien.com.br\/blog\/wp-json\/wp\/v2\/posts\/210\/revisions\/214"}],"wp:featuredmedia":[{"embeddable":true,"href":"https:\/\/www.sanlien.com.br\/blog\/wp-json\/wp\/v2\/media\/211"}],"wp:attachment":[{"href":"https:\/\/www.sanlien.com.br\/blog\/wp-json\/wp\/v2\/media?parent=210"}],"wp:term":[{"taxonomy":"category","embeddable":true,"href":"https:\/\/www.sanlien.com.br\/blog\/wp-json\/wp\/v2\/categories?post=210"},{"taxonomy":"post_tag","embeddable":true,"href":"https:\/\/www.sanlien.com.br\/blog\/wp-json\/wp\/v2\/tags?post=210"}],"curies":[{"name":"wp","href":"https:\/\/api.w.org\/{rel}","templated":true}]}}