{"id":201,"date":"2025-11-25T15:25:43","date_gmt":"2025-11-25T15:25:43","guid":{"rendered":"https:\/\/www.sanlien.com.br\/blog\/?p=201"},"modified":"2025-11-25T15:30:22","modified_gmt":"2025-11-25T15:30:22","slug":"reciclagem-de-eletronicos-como-descartar-seus-dispositivos-de-forma-sustentavel","status":"publish","type":"post","link":"https:\/\/www.sanlien.com.br\/blog\/reciclagem-de-eletronicos-como-descartar-seus-dispositivos-de-forma-sustentavel\/","title":{"rendered":"Reciclagem de eletr\u00f4nicos: como descartar seus dispositivos de forma sustent\u00e1vel"},"content":{"rendered":"<span class=\"rt-reading-time\" style=\"display: block;\"><span class=\"rt-label rt-prefix\">Tempo de leitura: <\/span> <span class=\"rt-time\">4<\/span> <span class=\"rt-label rt-postfix\">minutos<\/span><\/span>\n<p class=\"has-medium-font-size\"><strong><em>Reciclagem de eletr\u00f4nicos \u00e9 essencial para a sustentabilidade. Descubra como descartar corretamente seus dispositivos com a San Lien.<\/em><\/strong><\/p>\n\n\n\n<p>A <strong>reciclagem de eletr\u00f4nicos<\/strong> \u00e9 um tema essencial na era digital atual, onde a renova\u00e7\u00e3o constante de dispositivos se tornou uma pr\u00e1tica comum em nossa sociedade.&nbsp;<\/p>\n\n\n\n<p>Diante do crescente volume de res\u00edduos eletr\u00f4nicos gerados globalmente, surge uma quest\u00e3o premente: como descartar esses dispositivos de forma respons\u00e1vel e sustent\u00e1vel? <\/p>\n\n\n\n<p>Este artigo visa esclarecer a import\u00e2ncia da reciclagem de eletr\u00f4nicos, os m\u00e9todos adequados para o descarte de aparelhos obsoletos e as melhores pr\u00e1ticas para garantir que o impacto ambiental seja minimizado.&nbsp;<\/p>\n\n\n\n<p>Al\u00e9m disso, destacaremos a atua\u00e7\u00e3o de empresas especializadas, como a San Lien, que h\u00e1 mais de duas d\u00e9cadas lidera o mercado com solu\u00e7\u00f5es eficientes e sustent\u00e1veis para a gest\u00e3o de res\u00edduos eletr\u00f4nicos. Embarque conosco nesta jornada consciente para um futuro mais verde.<\/p>\n\n\n\n<ul>\n<li><a href=\"https:\/\/www.sanlien.com.br\/blog\/saiba-tudo-sobre-a-manufatura-reversa\/\">Saiba tudo sobre a manufatura reversa<\/a><\/li>\n\n\n\n<li><a href=\"https:\/\/www.sanlien.com.br\/blog\/sucata-de-ferro-como-transformar-residuos-em-lucro\/\">Sucata de ferro: como transformar res\u00edduos em lucro&nbsp;<\/a><\/li>\n<\/ul>\n\n\n\n<div id=\"ez-toc-container\" class=\"ez-toc-v2_0_62 counter-hierarchy ez-toc-counter ez-toc-grey ez-toc-container-direction\">\n<div class=\"ez-toc-title-container\">\n<p class=\"ez-toc-title \" >T&oacute;picos do artigo<\/p>\n<span class=\"ez-toc-title-toggle\"><a href=\"#\" class=\"ez-toc-pull-right ez-toc-btn ez-toc-btn-xs ez-toc-btn-default ez-toc-toggle\" aria-label=\"Toggle Table of Content\"><span class=\"ez-toc-js-icon-con\"><span class=\"\"><span class=\"eztoc-hide\" style=\"display:none;\">Toggle<\/span><span class=\"ez-toc-icon-toggle-span\"><svg style=\"fill: #999;color:#999\" xmlns=\"http:\/\/www.w3.org\/2000\/svg\" class=\"list-377408\" width=\"20px\" height=\"20px\" viewBox=\"0 0 24 24\" fill=\"none\"><path d=\"M6 6H4v2h2V6zm14 0H8v2h12V6zM4 11h2v2H4v-2zm16 0H8v2h12v-2zM4 16h2v2H4v-2zm16 0H8v2h12v-2z\" fill=\"currentColor\"><\/path><\/svg><svg style=\"fill: #999;color:#999\" class=\"arrow-unsorted-368013\" xmlns=\"http:\/\/www.w3.org\/2000\/svg\" width=\"10px\" height=\"10px\" viewBox=\"0 0 24 24\" version=\"1.2\" baseProfile=\"tiny\"><path d=\"M18.2 9.3l-6.2-6.3-6.2 6.3c-.2.2-.3.4-.3.7s.1.5.3.7c.2.2.4.3.7.3h11c.3 0 .5-.1.7-.3.2-.2.3-.5.3-.7s-.1-.5-.3-.7zM5.8 14.7l6.2 6.3 6.2-6.3c.2-.2.3-.5.3-.7s-.1-.5-.3-.7c-.2-.2-.4-.3-.7-.3h-11c-.3 0-.5.1-.7.3-.2.2-.3.5-.3.7s.1.5.3.7z\"\/><\/svg><\/span><\/span><\/span><\/a><\/span><\/div>\n<nav><ul class='ez-toc-list ez-toc-list-level-1 ' ><li class='ez-toc-page-1 ez-toc-heading-level-2'><a class=\"ez-toc-link ez-toc-heading-1\" href=\"https:\/\/www.sanlien.com.br\/blog\/reciclagem-de-eletronicos-como-descartar-seus-dispositivos-de-forma-sustentavel\/#O_que_e_a_reciclagem_de_eletronicos\" title=\"O que \u00e9 a reciclagem de eletr\u00f4nicos?\">O que \u00e9 a reciclagem de eletr\u00f4nicos?<\/a><\/li><li class='ez-toc-page-1 ez-toc-heading-level-2'><a class=\"ez-toc-link ez-toc-heading-2\" href=\"https:\/\/www.sanlien.com.br\/blog\/reciclagem-de-eletronicos-como-descartar-seus-dispositivos-de-forma-sustentavel\/#Como_e_feita_a_reciclagem_de_eletronicos\" title=\"Como \u00e9 feita a reciclagem de eletr\u00f4nicos?\">Como \u00e9 feita a reciclagem de eletr\u00f4nicos?<\/a><\/li><li class='ez-toc-page-1 ez-toc-heading-level-2'><a class=\"ez-toc-link ez-toc-heading-3\" href=\"https:\/\/www.sanlien.com.br\/blog\/reciclagem-de-eletronicos-como-descartar-seus-dispositivos-de-forma-sustentavel\/#Como_descartar_seus_dispositivos\" title=\"Como descartar seus dispositivos?\">Como descartar seus dispositivos?<\/a><\/li><li class='ez-toc-page-1 ez-toc-heading-level-2'><a class=\"ez-toc-link ez-toc-heading-4\" href=\"https:\/\/www.sanlien.com.br\/blog\/reciclagem-de-eletronicos-como-descartar-seus-dispositivos-de-forma-sustentavel\/#Qual_a_importancia_do_descarte_correto_e_reciclagem_de_eletronicos\" title=\"Qual a import\u00e2ncia do descarte correto e reciclagem de eletr\u00f4nicos?\">Qual a import\u00e2ncia do descarte correto e reciclagem de eletr\u00f4nicos?<\/a><\/li><li class='ez-toc-page-1 ez-toc-heading-level-2'><a class=\"ez-toc-link ez-toc-heading-5\" href=\"https:\/\/www.sanlien.com.br\/blog\/reciclagem-de-eletronicos-como-descartar-seus-dispositivos-de-forma-sustentavel\/#Certificacoes_e_criterios_para_escolher_uma_empresa_de_reciclagem_de_eletronicos\" title=\"Certifica\u00e7\u00f5es e crit\u00e9rios para escolher uma empresa de reciclagem de eletr\u00f4nicos\">Certifica\u00e7\u00f5es e crit\u00e9rios para escolher uma empresa de reciclagem de eletr\u00f4nicos<\/a><ul class='ez-toc-list-level-3' ><li class='ez-toc-heading-level-3'><a class=\"ez-toc-link ez-toc-heading-6\" href=\"https:\/\/www.sanlien.com.br\/blog\/reciclagem-de-eletronicos-como-descartar-seus-dispositivos-de-forma-sustentavel\/#1_Licenciamento_ambiental\" title=\"1. Licenciamento ambiental\">1. Licenciamento ambiental<\/a><\/li><li class='ez-toc-page-1 ez-toc-heading-level-3'><a class=\"ez-toc-link ez-toc-heading-7\" href=\"https:\/\/www.sanlien.com.br\/blog\/reciclagem-de-eletronicos-como-descartar-seus-dispositivos-de-forma-sustentavel\/#2_Certificacao_ISO_14001_Gestao_ambiental\" title=\"2. Certifica\u00e7\u00e3o ISO 14001 (Gest\u00e3o ambiental)\">2. Certifica\u00e7\u00e3o ISO 14001 (Gest\u00e3o ambiental)<\/a><\/li><li class='ez-toc-page-1 ez-toc-heading-level-3'><a class=\"ez-toc-link ez-toc-heading-8\" href=\"https:\/\/www.sanlien.com.br\/blog\/reciclagem-de-eletronicos-como-descartar-seus-dispositivos-de-forma-sustentavel\/#3_Certificacao_ISO_9001_Gestao_da_qualidade\" title=\"3. Certifica\u00e7\u00e3o ISO 9001 (Gest\u00e3o da qualidade)\">3. Certifica\u00e7\u00e3o ISO 9001 (Gest\u00e3o da qualidade)<\/a><\/li><li class='ez-toc-page-1 ez-toc-heading-level-3'><a class=\"ez-toc-link ez-toc-heading-9\" href=\"https:\/\/www.sanlien.com.br\/blog\/reciclagem-de-eletronicos-como-descartar-seus-dispositivos-de-forma-sustentavel\/#4_Conformidade_com_a_PNRS_politica_nacional_de_residuos_solidos\" title=\"4. Conformidade com a PNRS (pol\u00edtica nacional de res\u00edduos s\u00f3lidos)\">4. Conformidade com a PNRS (pol\u00edtica nacional de res\u00edduos s\u00f3lidos)<\/a><\/li><li class='ez-toc-page-1 ez-toc-heading-level-3'><a class=\"ez-toc-link ez-toc-heading-10\" href=\"https:\/\/www.sanlien.com.br\/blog\/reciclagem-de-eletronicos-como-descartar-seus-dispositivos-de-forma-sustentavel\/#5_Certificado_de_destinacao_final_CDF\" title=\"5. Certificado de destina\u00e7\u00e3o final (CDF)\">5. Certificado de destina\u00e7\u00e3o final (CDF)<\/a><\/li><\/ul><\/li><li class='ez-toc-page-1 ez-toc-heading-level-2'><a class=\"ez-toc-link ez-toc-heading-11\" href=\"https:\/\/www.sanlien.com.br\/blog\/reciclagem-de-eletronicos-como-descartar-seus-dispositivos-de-forma-sustentavel\/#Qual_empresa_escolher_para_realizar_a_coleta_de_equipamento_eletronico\" title=\"Qual empresa escolher para realizar a coleta de equipamento eletr\u00f4nico?\">Qual empresa escolher para realizar a coleta de equipamento eletr\u00f4nico?<\/a><\/li><\/ul><\/nav><\/div>\n<h2 class=\"wp-block-heading\"><span class=\"ez-toc-section\" id=\"O_que_e_a_reciclagem_de_eletronicos\"><\/span>O que \u00e9 a reciclagem de eletr\u00f4nicos?<span class=\"ez-toc-section-end\"><\/span><\/h2>\n\n\n\n<p>A reciclagem de eletr\u00f4nicos \u00e9 um processo crucial para a <strong>gest\u00e3o sustent\u00e1vel de res\u00edduos<\/strong>. Com o avan\u00e7o tecnol\u00f3gico acelerado, dispositivos como smartphones, computadores e tablets tornam-se obsoletos rapidamente, gerando um volume significativo de lixo eletr\u00f4nico.&nbsp;<\/p>\n\n\n\n<p>Essa pr\u00e1tica envolve a <strong>coleta, a desmontagem e a recupera\u00e7\u00e3o de materiais <\/strong>valiosos contidos nesses aparelhos, impedindo que subst\u00e2ncias t\u00f3xicas contaminem o meio ambiente.<\/p>\n\n\n\n<h2 class=\"wp-block-heading\"><span class=\"ez-toc-section\" id=\"Como_e_feita_a_reciclagem_de_eletronicos\"><\/span>Como \u00e9 feita a reciclagem de eletr\u00f4nicos?<span class=\"ez-toc-section-end\"><\/span><\/h2>\n\n\n\n<p>O processo de reciclagem de eletr\u00f4nicos come\u00e7a com a <strong>coleta dos dispositivos descartados<\/strong>, que s\u00e3o ent\u00e3o transportados para instala\u00e7\u00f5es especializadas. L\u00e1, os aparelhos s\u00e3o <strong>desmontados manualmente ou atrav\u00e9s de processos mecanizados<\/strong>.&nbsp;<\/p>\n\n\n\n<p>Os materiais, como pl\u00e1stico, metais preciosos e componentes eletr\u00f4nicos, s\u00e3o <strong>separados e encaminhados para recupera\u00e7\u00e3o<\/strong>. Metais como ouro, prata e cobre s\u00e3o extra\u00eddos e reutilizados em novos produtos, reduzindo a necessidade de extra\u00e7\u00e3o de recursos naturais.<\/p>\n\n\n\n<h2 class=\"wp-block-heading\"><span class=\"ez-toc-section\" id=\"Como_descartar_seus_dispositivos\"><\/span>Como descartar seus dispositivos?<span class=\"ez-toc-section-end\"><\/span><\/h2>\n\n\n<div class=\"wp-block-image is-style-rounded\">\n<figure class=\"alignright size-full is-resized\"><img decoding=\"async\" loading=\"lazy\" width=\"1000\" height=\"667\" src=\"https:\/\/www.sanlien.com.br\/blog\/wp-content\/uploads\/2024\/08\/2151575717-1.jpg\" alt=\"\" class=\"wp-image-203\" style=\"aspect-ratio:1.4992503748125936;width:276px;height:auto\"\/><\/figure><\/div>\n\n\n<p>Para descartar seus dispositivos eletr\u00f4nicos de maneira respons\u00e1vel, \u00e9 fundamental <strong>procurar pontos de coleta dedicados ou empresas especializadas <\/strong>em reciclagem de eletr\u00f4nicos.&nbsp;<\/p>\n\n\n\n<p>Muitos munic\u00edpios oferecem servi\u00e7os de coleta seletiva, e lojas de eletr\u00f4nicos frequentemente possuem pontos de recolhimento. <\/p>\n\n\n\n<p>\u00c9 importante nunca descartar eletr\u00f4nicos como lixo comum, devido ao risco ambiental que representam.<\/p>\n\n\n\n<ul>\n<li><a href=\"https:\/\/www.sanlien.com.br\/blog\/materiais-reciclaveis-transformando-residuos-em-recursos\/\">Materiais recicl\u00e1veis: transformando res\u00edduos em recursos<\/a><\/li>\n\n\n\n<li><a href=\"https:\/\/www.sanlien.com.br\/blog\/saiba-a-importancia-da-reciclagem-para-sua-empresa\/\">Saiba a import\u00e2ncia da reciclagem para sua empresa<\/a><\/li>\n<\/ul>\n\n\n\n<h2 class=\"wp-block-heading\"><span class=\"ez-toc-section\" id=\"Qual_a_importancia_do_descarte_correto_e_reciclagem_de_eletronicos\"><\/span>Qual a import\u00e2ncia do descarte correto e reciclagem de eletr\u00f4nicos?<span class=\"ez-toc-section-end\"><\/span><\/h2>\n\n\n\n<p>O descarte correto e a reciclagem de eletr\u00f4nicos s\u00e3o essenciais para <strong>proteger o meio ambiente e a sa\u00fade p\u00fablica<\/strong>. <\/p>\n\n\n\n<p>Dispositivos eletr\u00f4nicos cont\u00eam materiais perigosos como merc\u00fario e chumbo, que podem causar danos severos ao meio ambiente e \u00e0 sa\u00fade humana se n\u00e3o forem manuseados corretamente.&nbsp;<\/p>\n\n\n\n<p>Al\u00e9m disso, a reciclagem promove a <strong>economia de recursos<\/strong>, reduzindo a press\u00e3o sobre recursos naturais escassos e contribuindo para a sustentabilidade.<\/p>\n\n\n\n<h2 class=\"wp-block-heading\"><span class=\"ez-toc-section\" id=\"Certificacoes_e_criterios_para_escolher_uma_empresa_de_reciclagem_de_eletronicos\"><\/span>Certifica\u00e7\u00f5es e crit\u00e9rios para escolher uma empresa de reciclagem de eletr\u00f4nicos<span class=\"ez-toc-section-end\"><\/span><\/h2>\n\n\n\n<p>Ao selecionar uma empresa especializada em <strong>reciclagem de eletr\u00f4nicos<\/strong>, \u00e9 essencial avaliar crit\u00e9rios t\u00e9cnicos, ambientais e legais que garantam a destina\u00e7\u00e3o correta e a seguran\u00e7a no processamento dos res\u00edduos. Abaixo est\u00e3o os principais pontos que precisam ser verificados:<\/p>\n\n\n\n<h3 class=\"wp-block-heading\"><span class=\"ez-toc-section\" id=\"1_Licenciamento_ambiental\"><\/span>1. Licenciamento ambiental<span class=\"ez-toc-section-end\"><\/span><\/h3>\n\n\n\n<ul>\n<li>A empresa deve possuir <strong>licen\u00e7a de opera\u00e7\u00e3o<\/strong> emitida pelo \u00f3rg\u00e3o ambiental estadual (ex.: CETESB em SP);<br><br><\/li>\n\n\n\n<li>Verifique se a licen\u00e7a est\u00e1 <strong>ativa, renovada e dentro da atividade correta<\/strong> (tratamento, transporte e destina\u00e7\u00e3o de res\u00edduos eletroeletr\u00f4nicos);<br><br><\/li>\n\n\n\n<li>Empresas sem licenciamento oferecem risco jur\u00eddico ao gerador do res\u00edduo, pois a responsabilidade \u00e9 compartilhada.<br><\/li>\n<\/ul>\n\n\n\n<h3 class=\"wp-block-heading\"><span class=\"ez-toc-section\" id=\"2_Certificacao_ISO_14001_Gestao_ambiental\"><\/span>2. Certifica\u00e7\u00e3o ISO 14001 (Gest\u00e3o ambiental)<span class=\"ez-toc-section-end\"><\/span><\/h3>\n\n\n\n<ul>\n<li>A ISO 14001 demonstra que a empresa segue pr\u00e1ticas reconhecidas de <strong>gest\u00e3o ambiental<\/strong>, controle de impactos e melhoria cont\u00ednua;<br><br><\/li>\n\n\n\n<li>\u00c9 um forte indicador de que os processos seguem padr\u00f5es internacionais.<br><\/li>\n<\/ul>\n\n\n\n<h3 class=\"wp-block-heading\"><span class=\"ez-toc-section\" id=\"3_Certificacao_ISO_9001_Gestao_da_qualidade\"><\/span>3. Certifica\u00e7\u00e3o ISO 9001 (Gest\u00e3o da qualidade)<span class=\"ez-toc-section-end\"><\/span><\/h3>\n\n\n\n<ul>\n<li>Embora n\u00e3o seja obrigat\u00f3ria, refor\u00e7a que a empresa possui <strong>processos internos padronizados<\/strong>, rastre\u00e1veis e com foco na qualidade do servi\u00e7o.<br><\/li>\n<\/ul>\n\n\n\n<h3 class=\"wp-block-heading\"><span class=\"ez-toc-section\" id=\"4_Conformidade_com_a_PNRS_politica_nacional_de_residuos_solidos\"><\/span>4. Conformidade com a PNRS (pol\u00edtica nacional de res\u00edduos s\u00f3lidos)<span class=\"ez-toc-section-end\"><\/span><\/h3>\n\n\n\n<ul>\n<li>A empresa deve operar de acordo com a <strong>Lei 12.305\/2010<\/strong>, incluindo log\u00edstica reversa, rastreabilidade e destina\u00e7\u00e3o final adequada;<br><br><\/li>\n\n\n\n<li>Questione como a empresa cumpre a PNRS e pe\u00e7a documenta\u00e7\u00e3o comprobat\u00f3ria.<br><\/li>\n<\/ul>\n\n\n\n<h3 class=\"wp-block-heading\"><span class=\"ez-toc-section\" id=\"5_Certificado_de_destinacao_final_CDF\"><\/span>5. Certificado de destina\u00e7\u00e3o final (CDF)<span class=\"ez-toc-section-end\"><\/span><\/h3>\n\n\n\n<ul>\n<li>Ap\u00f3s cada coleta, deve ser emitido um <strong>CDF ou CDR (Certificado de Destrui\u00e7\u00e3o e Reciclagem)<\/strong>, garantindo a destina\u00e7\u00e3o ambientalmente correta;<br><br><\/li>\n\n\n\n<li>Esse documento \u00e9 essencial para auditorias e conformidade ambiental.<\/li>\n<\/ul>\n\n\n\n<h2 class=\"wp-block-heading\"><span class=\"ez-toc-section\" id=\"Qual_empresa_escolher_para_realizar_a_coleta_de_equipamento_eletronico\"><\/span>Qual empresa escolher para realizar a coleta de equipamento eletr\u00f4nico?<span class=\"ez-toc-section-end\"><\/span><\/h2>\n\n\n\n<p>A escolha de uma empresa para a coleta de equipamentos eletr\u00f4nicos \u00e9 decisiva para garantir que o processo de reciclagem seja eficiente e respons\u00e1vel. <\/p>\n\n\n\n<p>A <strong><a href=\"https:\/\/www.sanlien.com.br\/\">San Lien<\/a><\/strong>, com mais de 20 anos de experi\u00eancia no mercado, oferece solu\u00e7\u00f5es completas e qualificadas em gest\u00e3o de res\u00edduos, consolidando-se como uma das empresas mais conceituadas do pa\u00eds nesse segmento.\u00a0<\/p>\n\n\n\n<p>A empresa se destaca pela <strong>conformidade com as normas de sustentabilidade<\/strong> e pela qualidade do servi\u00e7o prestado, garantindo a correta destina\u00e7\u00e3o e reciclagem de eletr\u00f4nicos.<\/p>\n\n\n\n<p>A <strong>San Lien<\/strong> adequa-se rigorosamente \u00e0s normas ambientais e possui <strong>certifica\u00e7\u00f5es<\/strong> que asseguram a execu\u00e7\u00e3o de pr\u00e1ticas ecologicamente corretas, abrangendo desde a coleta at\u00e9 a finaliza\u00e7\u00e3o do processo de reciclagem.\u00a0<\/p>\n\n\n\n<p>Escolher a San Lien significa optar por um parceiro de confian\u00e7a que valoriza a responsabilidade ambiental e a inova\u00e7\u00e3o no tratamento de res\u00edduos eletr\u00f4nicos.<\/p>\n\n\n\n<p><strong>Entre em <a href=\"https:\/\/www.sanlien.com.br\/contato\">contato<\/a> conosco!<\/strong><\/p>\n\n\n\n<p>O que achou do conte\u00fado? Caso tenha gostado, continue acompanhando o <a href=\"https:\/\/www.sanlien.com.br\/blog\/\">blog da San Lien<\/a> e saiba mais informa\u00e7\u00f5es sobre coleta de equipamento eletr\u00f4nico!<\/p>\n\n\n\n<p>At\u00e9 a pr\u00f3xima!<\/p>\n","protected":false},"excerpt":{"rendered":"<p><span class=\"rt-reading-time\" style=\"display: block;\"><span class=\"rt-label rt-prefix\">Tempo de leitura: <\/span> <span class=\"rt-time\">4<\/span> <span class=\"rt-label rt-postfix\">minutos<\/span><\/span> Reciclagem de eletr\u00f4nicos \u00e9 essencial para a sustentabilidade. Descubra como descartar corretamente seus dispositivos com a San Lien. A reciclagem de eletr\u00f4nicos \u00e9 um tema essencial na era digital atual, onde a renova\u00e7\u00e3o constante de dispositivos se tornou uma pr\u00e1tica comum em nossa sociedade.&nbsp; Diante do crescente volume de res\u00edduos eletr\u00f4nicos gerados globalmente, surge uma &hellip; <\/p>\n","protected":false},"author":1,"featured_media":202,"comment_status":"open","ping_status":"open","sticky":false,"template":"","format":"standard","meta":{"footnotes":""},"categories":[61],"tags":[2710,2689,1788,2711,2693,2708,2706,2696,2699,2703,2690,1169,1771,2685,1431,2687,1700,1040,1594,2695,2700,2704,2705,2702,2707,2697,2694,2055,2068,2701,2698,2709,2691,2686,2684,426,2733,2727,2734,2729,2735,2731,2712,1560,2726,2718,2724,2716,2722,2720,2728,2715,2723,2719,2717,2725,2730,2721,2732,2713,2714,1304,2692,1744,414,412,1942,2688],"yoast_head":"<!-- This site is optimized with the Yoast SEO plugin v21.5 - https:\/\/yoast.com\/wordpress\/plugins\/seo\/ -->\n<title>Reciclagem de eletr\u00f4nicos: como descartar seus dispositivos de forma sustent\u00e1vel - San Lien<\/title>\n<meta name=\"description\" content=\"Reciclagem de eletr\u00f4nicos \u00e9 essencial para a sustentabilidade. Descubra como descartar corretamente seus dispositivos com a San Lien.\" \/>\n<meta name=\"robots\" content=\"index, follow, max-snippet:-1, max-image-preview:large, max-video-preview:-1\" \/>\n<link rel=\"canonical\" href=\"https:\/\/www.sanlien.com.br\/blog\/reciclagem-de-eletronicos-como-descartar-seus-dispositivos-de-forma-sustentavel\/\" \/>\n<meta property=\"og:locale\" content=\"pt_BR\" \/>\n<meta property=\"og:type\" content=\"article\" \/>\n<meta property=\"og:title\" content=\"Reciclagem de eletr\u00f4nicos: como descartar seus dispositivos de forma sustent\u00e1vel - San Lien\" \/>\n<meta property=\"og:description\" content=\"Reciclagem de eletr\u00f4nicos \u00e9 essencial para a sustentabilidade. Descubra como descartar corretamente seus dispositivos com a San Lien.\" \/>\n<meta property=\"og:url\" content=\"https:\/\/www.sanlien.com.br\/blog\/reciclagem-de-eletronicos-como-descartar-seus-dispositivos-de-forma-sustentavel\/\" \/>\n<meta property=\"og:site_name\" content=\"San Lien\" \/>\n<meta property=\"article:published_time\" content=\"2025-11-25T15:25:43+00:00\" \/>\n<meta property=\"article:modified_time\" content=\"2025-11-25T15:30:22+00:00\" \/>\n<meta property=\"og:image\" content=\"https:\/\/www.sanlien.com.br\/blog\/wp-content\/uploads\/2024\/08\/138913-1.jpg\" \/>\n\t<meta property=\"og:image:width\" content=\"1000\" \/>\n\t<meta property=\"og:image:height\" content=\"667\" \/>\n\t<meta property=\"og:image:type\" content=\"image\/jpeg\" \/>\n<meta name=\"author\" content=\"admin\" \/>\n<meta name=\"twitter:card\" content=\"summary_large_image\" \/>\n<meta name=\"twitter:label1\" content=\"Escrito por\" \/>\n\t<meta name=\"twitter:data1\" content=\"admin\" \/>\n\t<meta name=\"twitter:label2\" content=\"Est. tempo de leitura\" \/>\n\t<meta name=\"twitter:data2\" content=\"5 minutos\" \/>\n<script type=\"application\/ld+json\" class=\"yoast-schema-graph\">{\"@context\":\"https:\/\/schema.org\",\"@graph\":[{\"@type\":\"Article\",\"@id\":\"https:\/\/www.sanlien.com.br\/blog\/reciclagem-de-eletronicos-como-descartar-seus-dispositivos-de-forma-sustentavel\/#article\",\"isPartOf\":{\"@id\":\"https:\/\/www.sanlien.com.br\/blog\/reciclagem-de-eletronicos-como-descartar-seus-dispositivos-de-forma-sustentavel\/\"},\"author\":{\"name\":\"admin\",\"@id\":\"https:\/\/www.sanlien.com.br\/blog\/#\/schema\/person\/85eb4a356aebbc1679ec5e4b8dac034a\"},\"headline\":\"Reciclagem de eletr\u00f4nicos: como descartar seus dispositivos de forma sustent\u00e1vel\",\"datePublished\":\"2025-11-25T15:25:43+00:00\",\"dateModified\":\"2025-11-25T15:30:22+00:00\",\"mainEntityOfPage\":{\"@id\":\"https:\/\/www.sanlien.com.br\/blog\/reciclagem-de-eletronicos-como-descartar-seus-dispositivos-de-forma-sustentavel\/\"},\"wordCount\":989,\"commentCount\":0,\"publisher\":{\"@id\":\"https:\/\/www.sanlien.com.br\/blog\/#organization\"},\"keywords\":[\"baterias podem ser recicladas?\",\"certifica\u00e7\u00e3o ambiental reciclagem\",\"coleta de lixo eletr\u00f4nico\",\"como descartar eletr\u00f4nicos com seguran\u00e7a?\",\"como descartar eletr\u00f4nicos corretamente?\",\"como escolher empresa de reciclagem?\",\"como evitar danos ambientais com lixo eletr\u00f4nico?\",\"como funciona a log\u00edstica reversa de eletr\u00f4nicos?\",\"como preparar eletr\u00f4nicos para descarte?\",\"como saber se a empresa de reciclagem \u00e9 certificada?\",\"descarte corporativo de eletr\u00f4nicos\",\"descarte de dispositivos\",\"descarte de eletr\u00f4nicos\",\"descarte de equipamentos eletroeletr\u00f4nicos\",\"descarte sustent\u00e1vel\",\"destino final de eletr\u00f4nicos\",\"Empresa de reciclagem de eletr\u00f4nicos\",\"gest\u00e3o de res\u00edduos eletr\u00f4nicos\",\"log\u00edstica reversa de eletr\u00f4nicos\",\"o que \u00e9 lixo eletr\u00f4nico?\",\"o que \u00e9 reciclagem de e-waste?\",\"o que fazer com computadores antigos?\",\"onde descartar cabos e acess\u00f3rios?\",\"onde descartar celulares velhos?\",\"onde encontrar pontos de coleta?\",\"onde levar equipamentos eletr\u00f4nicos antigos?\",\"onde reciclar aparelhos eletr\u00f4nicos?\",\"pontos de coleta eletr\u00f4nicos\",\"por que reciclar eletr\u00f4nicos\",\"quais eletr\u00f4nicos podem ser reciclados?\",\"quais empresas reciclam eletr\u00f4nicos?\",\"quem pode emitir certificado de destina\u00e7\u00e3o final?\",\"reciclagem certificada\",\"reciclagem de aparelhos eletr\u00f4nicos\",\"reciclagem de e-waste\",\"reciclagem de eletr\u00f4nicos\",\"reciclagem de eletr\u00f4nicos em Diadema\",\"reciclagem de eletr\u00f4nicos em Guarulhos\",\"reciclagem de eletr\u00f4nicos em Osasco\",\"reciclagem de eletr\u00f4nicos em Santo Andr\u00e9\",\"reciclagem de eletr\u00f4nicos em S\u00e3o Bernardo\",\"reciclagem de eletr\u00f4nicos em S\u00e3o Caetano\",\"reciclagem de eletr\u00f4nicos em s\u00e3o paulo\",\"Reciclagem de eletr\u00f4nicos em SP\",\"reciclagem de eletr\u00f4nicos na Lapa\",\"reciclagem de eletr\u00f4nicos na Vila Guilherme\",\"reciclagem de eletr\u00f4nicos na Vila Gustavo\",\"reciclagem de eletr\u00f4nicos na Vila Maria\",\"reciclagem de eletr\u00f4nicos na Vila Matilde\",\"reciclagem de eletr\u00f4nicos na Vila Medeiros\",\"reciclagem de eletr\u00f4nicos na Vila Santana\",\"reciclagem de eletr\u00f4nicos na zona leste\",\"reciclagem de eletr\u00f4nicos na zona norte\",\"reciclagem de eletr\u00f4nicos na zona oeste\",\"reciclagem de eletr\u00f4nicos na zona sul\",\"reciclagem de eletr\u00f4nicos no ABC\",\"reciclagem de eletr\u00f4nicos no Carr\u00e3o\",\"reciclagem de eletr\u00f4nicos no centro\",\"reciclagem de eletr\u00f4nicos no Tatuap\u00e9\",\"reciclagem de eletr\u00f4nicos perto de mim\",\"reciclagem de eletr\u00f4nicos pr\u00f3ximo a mim\",\"reciclagem de tecnologia\",\"reciclagem respons\u00e1vel\",\"res\u00edduos eletr\u00f4nicos\",\"San Lien\",\"sustentabilidade\",\"sustentabilidade eletr\u00f4nica\",\"tratamento de lixo eletr\u00f4nico\"],\"articleSection\":[\"Sucata de equipamento eletr\u00f4nico\"],\"inLanguage\":\"pt-BR\",\"potentialAction\":[{\"@type\":\"CommentAction\",\"name\":\"Comment\",\"target\":[\"https:\/\/www.sanlien.com.br\/blog\/reciclagem-de-eletronicos-como-descartar-seus-dispositivos-de-forma-sustentavel\/#respond\"]}]},{\"@type\":\"WebPage\",\"@id\":\"https:\/\/www.sanlien.com.br\/blog\/reciclagem-de-eletronicos-como-descartar-seus-dispositivos-de-forma-sustentavel\/\",\"url\":\"https:\/\/www.sanlien.com.br\/blog\/reciclagem-de-eletronicos-como-descartar-seus-dispositivos-de-forma-sustentavel\/\",\"name\":\"Reciclagem de eletr\u00f4nicos: como descartar seus dispositivos de forma sustent\u00e1vel - San Lien\",\"isPartOf\":{\"@id\":\"https:\/\/www.sanlien.com.br\/blog\/#website\"},\"datePublished\":\"2025-11-25T15:25:43+00:00\",\"dateModified\":\"2025-11-25T15:30:22+00:00\",\"description\":\"Reciclagem de eletr\u00f4nicos \u00e9 essencial para a sustentabilidade. Descubra como descartar corretamente seus dispositivos com a San Lien.\",\"breadcrumb\":{\"@id\":\"https:\/\/www.sanlien.com.br\/blog\/reciclagem-de-eletronicos-como-descartar-seus-dispositivos-de-forma-sustentavel\/#breadcrumb\"},\"inLanguage\":\"pt-BR\",\"potentialAction\":[{\"@type\":\"ReadAction\",\"target\":[\"https:\/\/www.sanlien.com.br\/blog\/reciclagem-de-eletronicos-como-descartar-seus-dispositivos-de-forma-sustentavel\/\"]}]},{\"@type\":\"BreadcrumbList\",\"@id\":\"https:\/\/www.sanlien.com.br\/blog\/reciclagem-de-eletronicos-como-descartar-seus-dispositivos-de-forma-sustentavel\/#breadcrumb\",\"itemListElement\":[{\"@type\":\"ListItem\",\"position\":1,\"name\":\"In\u00edcio\",\"item\":\"https:\/\/www.sanlien.com.br\/blog\/\"},{\"@type\":\"ListItem\",\"position\":2,\"name\":\"Reciclagem de eletr\u00f4nicos: como descartar seus dispositivos de forma sustent\u00e1vel\"}]},{\"@type\":\"WebSite\",\"@id\":\"https:\/\/www.sanlien.com.br\/blog\/#website\",\"url\":\"https:\/\/www.sanlien.com.br\/blog\/\",\"name\":\"San Lien\",\"description\":\"Blog - San Lien\",\"publisher\":{\"@id\":\"https:\/\/www.sanlien.com.br\/blog\/#organization\"},\"potentialAction\":[{\"@type\":\"SearchAction\",\"target\":{\"@type\":\"EntryPoint\",\"urlTemplate\":\"https:\/\/www.sanlien.com.br\/blog\/?s={search_term_string}\"},\"query-input\":\"required name=search_term_string\"}],\"inLanguage\":\"pt-BR\"},{\"@type\":\"Organization\",\"@id\":\"https:\/\/www.sanlien.com.br\/blog\/#organization\",\"name\":\"San Lien\",\"url\":\"https:\/\/www.sanlien.com.br\/blog\/\",\"logo\":{\"@type\":\"ImageObject\",\"inLanguage\":\"pt-BR\",\"@id\":\"https:\/\/www.sanlien.com.br\/blog\/#\/schema\/logo\/image\/\",\"url\":\"https:\/\/www.sanlien.com.br\/blog\/wp-content\/uploads\/2023\/11\/logo.png\",\"contentUrl\":\"https:\/\/www.sanlien.com.br\/blog\/wp-content\/uploads\/2023\/11\/logo.png\",\"width\":500,\"height\":300,\"caption\":\"San Lien\"},\"image\":{\"@id\":\"https:\/\/www.sanlien.com.br\/blog\/#\/schema\/logo\/image\/\"}},{\"@type\":\"Person\",\"@id\":\"https:\/\/www.sanlien.com.br\/blog\/#\/schema\/person\/85eb4a356aebbc1679ec5e4b8dac034a\",\"name\":\"admin\",\"image\":{\"@type\":\"ImageObject\",\"inLanguage\":\"pt-BR\",\"@id\":\"https:\/\/www.sanlien.com.br\/blog\/#\/schema\/person\/image\/\",\"url\":\"https:\/\/secure.gravatar.com\/avatar\/bd8125b24775f217cdea35dcfa839469?s=96&d=mm&r=g\",\"contentUrl\":\"https:\/\/secure.gravatar.com\/avatar\/bd8125b24775f217cdea35dcfa839469?s=96&d=mm&r=g\",\"caption\":\"admin\"},\"sameAs\":[\"https:\/\/sanlien.com.br\/blog\"],\"url\":\"https:\/\/www.sanlien.com.br\/blog\/author\/admin\/\"}]}<\/script>\n<!-- \/ Yoast SEO plugin. -->","yoast_head_json":{"title":"Reciclagem de eletr\u00f4nicos: como descartar seus dispositivos de forma sustent\u00e1vel - San Lien","description":"Reciclagem de eletr\u00f4nicos \u00e9 essencial para a sustentabilidade. Descubra como descartar corretamente seus dispositivos com a San Lien.","robots":{"index":"index","follow":"follow","max-snippet":"max-snippet:-1","max-image-preview":"max-image-preview:large","max-video-preview":"max-video-preview:-1"},"canonical":"https:\/\/www.sanlien.com.br\/blog\/reciclagem-de-eletronicos-como-descartar-seus-dispositivos-de-forma-sustentavel\/","og_locale":"pt_BR","og_type":"article","og_title":"Reciclagem de eletr\u00f4nicos: como descartar seus dispositivos de forma sustent\u00e1vel - San Lien","og_description":"Reciclagem de eletr\u00f4nicos \u00e9 essencial para a sustentabilidade. Descubra como descartar corretamente seus dispositivos com a San Lien.","og_url":"https:\/\/www.sanlien.com.br\/blog\/reciclagem-de-eletronicos-como-descartar-seus-dispositivos-de-forma-sustentavel\/","og_site_name":"San Lien","article_published_time":"2025-11-25T15:25:43+00:00","article_modified_time":"2025-11-25T15:30:22+00:00","og_image":[{"width":1000,"height":667,"url":"https:\/\/www.sanlien.com.br\/blog\/wp-content\/uploads\/2024\/08\/138913-1.jpg","type":"image\/jpeg"}],"author":"admin","twitter_card":"summary_large_image","twitter_misc":{"Escrito por":"admin","Est. tempo de leitura":"5 minutos"},"schema":{"@context":"https:\/\/schema.org","@graph":[{"@type":"Article","@id":"https:\/\/www.sanlien.com.br\/blog\/reciclagem-de-eletronicos-como-descartar-seus-dispositivos-de-forma-sustentavel\/#article","isPartOf":{"@id":"https:\/\/www.sanlien.com.br\/blog\/reciclagem-de-eletronicos-como-descartar-seus-dispositivos-de-forma-sustentavel\/"},"author":{"name":"admin","@id":"https:\/\/www.sanlien.com.br\/blog\/#\/schema\/person\/85eb4a356aebbc1679ec5e4b8dac034a"},"headline":"Reciclagem de eletr\u00f4nicos: como descartar seus dispositivos de forma sustent\u00e1vel","datePublished":"2025-11-25T15:25:43+00:00","dateModified":"2025-11-25T15:30:22+00:00","mainEntityOfPage":{"@id":"https:\/\/www.sanlien.com.br\/blog\/reciclagem-de-eletronicos-como-descartar-seus-dispositivos-de-forma-sustentavel\/"},"wordCount":989,"commentCount":0,"publisher":{"@id":"https:\/\/www.sanlien.com.br\/blog\/#organization"},"keywords":["baterias podem ser recicladas?","certifica\u00e7\u00e3o ambiental reciclagem","coleta de lixo eletr\u00f4nico","como descartar eletr\u00f4nicos com seguran\u00e7a?","como descartar eletr\u00f4nicos corretamente?","como escolher empresa de reciclagem?","como evitar danos ambientais com lixo eletr\u00f4nico?","como funciona a log\u00edstica reversa de eletr\u00f4nicos?","como preparar eletr\u00f4nicos para descarte?","como saber se a empresa de reciclagem \u00e9 certificada?","descarte corporativo de eletr\u00f4nicos","descarte de dispositivos","descarte de eletr\u00f4nicos","descarte de equipamentos eletroeletr\u00f4nicos","descarte sustent\u00e1vel","destino final de eletr\u00f4nicos","Empresa de reciclagem de eletr\u00f4nicos","gest\u00e3o de res\u00edduos eletr\u00f4nicos","log\u00edstica reversa de eletr\u00f4nicos","o que \u00e9 lixo eletr\u00f4nico?","o que \u00e9 reciclagem de e-waste?","o que fazer com computadores antigos?","onde descartar cabos e acess\u00f3rios?","onde descartar celulares velhos?","onde encontrar pontos de coleta?","onde levar equipamentos eletr\u00f4nicos antigos?","onde reciclar aparelhos eletr\u00f4nicos?","pontos de coleta eletr\u00f4nicos","por que reciclar eletr\u00f4nicos","quais eletr\u00f4nicos podem ser reciclados?","quais empresas reciclam eletr\u00f4nicos?","quem pode emitir certificado de destina\u00e7\u00e3o final?","reciclagem certificada","reciclagem de aparelhos eletr\u00f4nicos","reciclagem de e-waste","reciclagem de eletr\u00f4nicos","reciclagem de eletr\u00f4nicos em Diadema","reciclagem de eletr\u00f4nicos em Guarulhos","reciclagem de eletr\u00f4nicos em Osasco","reciclagem de eletr\u00f4nicos em Santo Andr\u00e9","reciclagem de eletr\u00f4nicos em S\u00e3o Bernardo","reciclagem de eletr\u00f4nicos em S\u00e3o Caetano","reciclagem de eletr\u00f4nicos em s\u00e3o paulo","Reciclagem de eletr\u00f4nicos em SP","reciclagem de eletr\u00f4nicos na Lapa","reciclagem de eletr\u00f4nicos na Vila Guilherme","reciclagem de eletr\u00f4nicos na Vila Gustavo","reciclagem de eletr\u00f4nicos na Vila Maria","reciclagem de eletr\u00f4nicos na Vila Matilde","reciclagem de eletr\u00f4nicos na Vila Medeiros","reciclagem de eletr\u00f4nicos na Vila Santana","reciclagem de eletr\u00f4nicos na zona leste","reciclagem de eletr\u00f4nicos na zona norte","reciclagem de eletr\u00f4nicos na zona oeste","reciclagem de eletr\u00f4nicos na zona sul","reciclagem de eletr\u00f4nicos no ABC","reciclagem de eletr\u00f4nicos no Carr\u00e3o","reciclagem de eletr\u00f4nicos no centro","reciclagem de eletr\u00f4nicos no Tatuap\u00e9","reciclagem de eletr\u00f4nicos perto de mim","reciclagem de eletr\u00f4nicos pr\u00f3ximo a mim","reciclagem de tecnologia","reciclagem respons\u00e1vel","res\u00edduos eletr\u00f4nicos","San Lien","sustentabilidade","sustentabilidade eletr\u00f4nica","tratamento de lixo eletr\u00f4nico"],"articleSection":["Sucata de equipamento eletr\u00f4nico"],"inLanguage":"pt-BR","potentialAction":[{"@type":"CommentAction","name":"Comment","target":["https:\/\/www.sanlien.com.br\/blog\/reciclagem-de-eletronicos-como-descartar-seus-dispositivos-de-forma-sustentavel\/#respond"]}]},{"@type":"WebPage","@id":"https:\/\/www.sanlien.com.br\/blog\/reciclagem-de-eletronicos-como-descartar-seus-dispositivos-de-forma-sustentavel\/","url":"https:\/\/www.sanlien.com.br\/blog\/reciclagem-de-eletronicos-como-descartar-seus-dispositivos-de-forma-sustentavel\/","name":"Reciclagem de eletr\u00f4nicos: como descartar seus dispositivos de forma sustent\u00e1vel - San Lien","isPartOf":{"@id":"https:\/\/www.sanlien.com.br\/blog\/#website"},"datePublished":"2025-11-25T15:25:43+00:00","dateModified":"2025-11-25T15:30:22+00:00","description":"Reciclagem de eletr\u00f4nicos \u00e9 essencial para a sustentabilidade. Descubra como descartar corretamente seus dispositivos com a San Lien.","breadcrumb":{"@id":"https:\/\/www.sanlien.com.br\/blog\/reciclagem-de-eletronicos-como-descartar-seus-dispositivos-de-forma-sustentavel\/#breadcrumb"},"inLanguage":"pt-BR","potentialAction":[{"@type":"ReadAction","target":["https:\/\/www.sanlien.com.br\/blog\/reciclagem-de-eletronicos-como-descartar-seus-dispositivos-de-forma-sustentavel\/"]}]},{"@type":"BreadcrumbList","@id":"https:\/\/www.sanlien.com.br\/blog\/reciclagem-de-eletronicos-como-descartar-seus-dispositivos-de-forma-sustentavel\/#breadcrumb","itemListElement":[{"@type":"ListItem","position":1,"name":"In\u00edcio","item":"https:\/\/www.sanlien.com.br\/blog\/"},{"@type":"ListItem","position":2,"name":"Reciclagem de eletr\u00f4nicos: como descartar seus dispositivos de forma sustent\u00e1vel"}]},{"@type":"WebSite","@id":"https:\/\/www.sanlien.com.br\/blog\/#website","url":"https:\/\/www.sanlien.com.br\/blog\/","name":"San Lien","description":"Blog - San Lien","publisher":{"@id":"https:\/\/www.sanlien.com.br\/blog\/#organization"},"potentialAction":[{"@type":"SearchAction","target":{"@type":"EntryPoint","urlTemplate":"https:\/\/www.sanlien.com.br\/blog\/?s={search_term_string}"},"query-input":"required name=search_term_string"}],"inLanguage":"pt-BR"},{"@type":"Organization","@id":"https:\/\/www.sanlien.com.br\/blog\/#organization","name":"San Lien","url":"https:\/\/www.sanlien.com.br\/blog\/","logo":{"@type":"ImageObject","inLanguage":"pt-BR","@id":"https:\/\/www.sanlien.com.br\/blog\/#\/schema\/logo\/image\/","url":"https:\/\/www.sanlien.com.br\/blog\/wp-content\/uploads\/2023\/11\/logo.png","contentUrl":"https:\/\/www.sanlien.com.br\/blog\/wp-content\/uploads\/2023\/11\/logo.png","width":500,"height":300,"caption":"San Lien"},"image":{"@id":"https:\/\/www.sanlien.com.br\/blog\/#\/schema\/logo\/image\/"}},{"@type":"Person","@id":"https:\/\/www.sanlien.com.br\/blog\/#\/schema\/person\/85eb4a356aebbc1679ec5e4b8dac034a","name":"admin","image":{"@type":"ImageObject","inLanguage":"pt-BR","@id":"https:\/\/www.sanlien.com.br\/blog\/#\/schema\/person\/image\/","url":"https:\/\/secure.gravatar.com\/avatar\/bd8125b24775f217cdea35dcfa839469?s=96&d=mm&r=g","contentUrl":"https:\/\/secure.gravatar.com\/avatar\/bd8125b24775f217cdea35dcfa839469?s=96&d=mm&r=g","caption":"admin"},"sameAs":["https:\/\/sanlien.com.br\/blog"],"url":"https:\/\/www.sanlien.com.br\/blog\/author\/admin\/"}]}},"_links":{"self":[{"href":"https:\/\/www.sanlien.com.br\/blog\/wp-json\/wp\/v2\/posts\/201"}],"collection":[{"href":"https:\/\/www.sanlien.com.br\/blog\/wp-json\/wp\/v2\/posts"}],"about":[{"href":"https:\/\/www.sanlien.com.br\/blog\/wp-json\/wp\/v2\/types\/post"}],"author":[{"embeddable":true,"href":"https:\/\/www.sanlien.com.br\/blog\/wp-json\/wp\/v2\/users\/1"}],"replies":[{"embeddable":true,"href":"https:\/\/www.sanlien.com.br\/blog\/wp-json\/wp\/v2\/comments?post=201"}],"version-history":[{"count":4,"href":"https:\/\/www.sanlien.com.br\/blog\/wp-json\/wp\/v2\/posts\/201\/revisions"}],"predecessor-version":[{"id":467,"href":"https:\/\/www.sanlien.com.br\/blog\/wp-json\/wp\/v2\/posts\/201\/revisions\/467"}],"wp:featuredmedia":[{"embeddable":true,"href":"https:\/\/www.sanlien.com.br\/blog\/wp-json\/wp\/v2\/media\/202"}],"wp:attachment":[{"href":"https:\/\/www.sanlien.com.br\/blog\/wp-json\/wp\/v2\/media?parent=201"}],"wp:term":[{"taxonomy":"category","embeddable":true,"href":"https:\/\/www.sanlien.com.br\/blog\/wp-json\/wp\/v2\/categories?post=201"},{"taxonomy":"post_tag","embeddable":true,"href":"https:\/\/www.sanlien.com.br\/blog\/wp-json\/wp\/v2\/tags?post=201"}],"curies":[{"name":"wp","href":"https:\/\/api.w.org\/{rel}","templated":true}]}}