{"id":19,"date":"2024-05-15T09:50:48","date_gmt":"2024-05-15T09:50:48","guid":{"rendered":"https:\/\/sanlien.com.br\/blog\/?p=19"},"modified":"2024-06-12T12:53:01","modified_gmt":"2024-06-12T12:53:01","slug":"conheca-a-importancia-da-coleta-de-sucata-de-equipamento-eletronico","status":"publish","type":"post","link":"https:\/\/www.sanlien.com.br\/blog\/conheca-a-importancia-da-coleta-de-sucata-de-equipamento-eletronico\/","title":{"rendered":"Conhe\u00e7a a import\u00e2ncia da coleta de sucata de equipamento eletr\u00f4nico"},"content":{"rendered":"<span class=\"rt-reading-time\" style=\"display: block;\"><span class=\"rt-label rt-prefix\">Tempo de leitura: <\/span> <span class=\"rt-time\">4<\/span> <span class=\"rt-label rt-postfix\">minutos<\/span><\/span>\n<p class=\"has-medium-font-size\"><strong><em>Saiba mais sobre a import\u00e2ncia da coleta de sucata de equipamento eletr\u00f4nico, evitando danos ao meio ambiente e preservando os recursos naturais.<\/em><\/strong><\/p>\n\n\n\n<p>Nos dias de hoje, a tecnologia avan\u00e7a a passos largos, proporcionando-nos dispositivos eletr\u00f4nicos cada vez mais modernos e eficientes.<\/p>\n\n\n\n<p>No entanto, essa evolu\u00e7\u00e3o tamb\u00e9m gera uma consequ\u00eancia que frequentemente passa despercebida: o descarte inadequado de equipamentos eletr\u00f4nicos obsoletos, tamb\u00e9m conhecido como sucata eletr\u00f4nica.<\/p>\n\n\n\n<p>A <strong>sucata de equipamento eletr\u00f4nico<\/strong> \u00e9 composta por dispositivos eletr\u00f4nicos descartados, como computadores antigos, celulares quebrados e televis\u00f5es antigas.<\/p>\n\n\n\n<p>Esses itens cont\u00eam materiais valiosos, mas tamb\u00e9m subst\u00e2ncias t\u00f3xicas, tornando seu descarte adequado crucial para evitar danos ambientais e recuperar recursos.<\/p>\n\n\n\n<p>Este artigo explora a import\u00e2ncia da coleta adequada desses res\u00edduos, como ela ocorre, suas vantagens e benef\u00edcios para o meio ambiente e a sociedade em geral.<\/p>\n\n\n\n<div id=\"ez-toc-container\" class=\"ez-toc-v2_0_62 counter-hierarchy ez-toc-counter ez-toc-grey ez-toc-container-direction\">\n<div class=\"ez-toc-title-container\">\n<p class=\"ez-toc-title \" >T&oacute;picos do artigo<\/p>\n<span class=\"ez-toc-title-toggle\"><a href=\"#\" class=\"ez-toc-pull-right ez-toc-btn ez-toc-btn-xs ez-toc-btn-default ez-toc-toggle\" aria-label=\"Toggle Table of Content\"><span class=\"ez-toc-js-icon-con\"><span class=\"\"><span class=\"eztoc-hide\" style=\"display:none;\">Toggle<\/span><span class=\"ez-toc-icon-toggle-span\"><svg style=\"fill: #999;color:#999\" xmlns=\"http:\/\/www.w3.org\/2000\/svg\" class=\"list-377408\" width=\"20px\" height=\"20px\" viewBox=\"0 0 24 24\" fill=\"none\"><path d=\"M6 6H4v2h2V6zm14 0H8v2h12V6zM4 11h2v2H4v-2zm16 0H8v2h12v-2zM4 16h2v2H4v-2zm16 0H8v2h12v-2z\" fill=\"currentColor\"><\/path><\/svg><svg style=\"fill: #999;color:#999\" class=\"arrow-unsorted-368013\" xmlns=\"http:\/\/www.w3.org\/2000\/svg\" width=\"10px\" height=\"10px\" viewBox=\"0 0 24 24\" version=\"1.2\" baseProfile=\"tiny\"><path d=\"M18.2 9.3l-6.2-6.3-6.2 6.3c-.2.2-.3.4-.3.7s.1.5.3.7c.2.2.4.3.7.3h11c.3 0 .5-.1.7-.3.2-.2.3-.5.3-.7s-.1-.5-.3-.7zM5.8 14.7l6.2 6.3 6.2-6.3c.2-.2.3-.5.3-.7s-.1-.5-.3-.7c-.2-.2-.4-.3-.7-.3h-11c-.3 0-.5.1-.7.3-.2.2-.3.5-.3.7s.1.5.3.7z\"\/><\/svg><\/span><\/span><\/span><\/a><\/span><\/div>\n<nav><ul class='ez-toc-list ez-toc-list-level-1 ' ><li class='ez-toc-page-1 ez-toc-heading-level-2'><a class=\"ez-toc-link ez-toc-heading-1\" href=\"https:\/\/www.sanlien.com.br\/blog\/conheca-a-importancia-da-coleta-de-sucata-de-equipamento-eletronico\/#O_que_e_a_coleta_de_sucata_de_equipamento_eletronico\" title=\"O que \u00e9 a coleta de sucata de equipamento eletr\u00f4nico?\">O que \u00e9 a coleta de sucata de equipamento eletr\u00f4nico?<\/a><\/li><li class='ez-toc-page-1 ez-toc-heading-level-2'><a class=\"ez-toc-link ez-toc-heading-2\" href=\"https:\/\/www.sanlien.com.br\/blog\/conheca-a-importancia-da-coleta-de-sucata-de-equipamento-eletronico\/#Ha_diferenca_entre_sucata_de_equipamento_eletronico_e_lixo_eletronico\" title=\"H\u00e1 diferen\u00e7a entre sucata de equipamento eletr\u00f4nico e lixo eletr\u00f4nico?\">H\u00e1 diferen\u00e7a entre sucata de equipamento eletr\u00f4nico e lixo eletr\u00f4nico?<\/a><\/li><li class='ez-toc-page-1 ez-toc-heading-level-2'><a class=\"ez-toc-link ez-toc-heading-3\" href=\"https:\/\/www.sanlien.com.br\/blog\/conheca-a-importancia-da-coleta-de-sucata-de-equipamento-eletronico\/#Importancia_da_coleta_de_sucata_de_equipamento_eletronico\" title=\"Import\u00e2ncia da coleta de sucata de equipamento eletr\u00f4nico\">Import\u00e2ncia da coleta de sucata de equipamento eletr\u00f4nico<\/a><\/li><li class='ez-toc-page-1 ez-toc-heading-level-2'><a class=\"ez-toc-link ez-toc-heading-4\" href=\"https:\/\/www.sanlien.com.br\/blog\/conheca-a-importancia-da-coleta-de-sucata-de-equipamento-eletronico\/#Vantagens_e_beneficios_da_coleta_de_sucata_de_equipamento_eletronico\" title=\"Vantagens e benef\u00edcios da coleta de sucata de equipamento eletr\u00f4nico\">Vantagens e benef\u00edcios da coleta de sucata de equipamento eletr\u00f4nico<\/a><\/li><li class='ez-toc-page-1 ez-toc-heading-level-2'><a class=\"ez-toc-link ez-toc-heading-5\" href=\"https:\/\/www.sanlien.com.br\/blog\/conheca-a-importancia-da-coleta-de-sucata-de-equipamento-eletronico\/#O_que_acontece_com_os_dispositivos_eletronicos_coletados_para_reciclagem\" title=\"O que acontece com os dispositivos eletr\u00f4nicos coletados para reciclagem?\">O que acontece com os dispositivos eletr\u00f4nicos coletados para reciclagem?<\/a><\/li><li class='ez-toc-page-1 ez-toc-heading-level-2'><a class=\"ez-toc-link ez-toc-heading-6\" href=\"https:\/\/www.sanlien.com.br\/blog\/conheca-a-importancia-da-coleta-de-sucata-de-equipamento-eletronico\/#Como_ocorre_essaa_coleta\" title=\"Como ocorre essaa coleta?\">Como ocorre essaa coleta?<\/a><\/li><li class='ez-toc-page-1 ez-toc-heading-level-2'><a class=\"ez-toc-link ez-toc-heading-7\" href=\"https:\/\/www.sanlien.com.br\/blog\/conheca-a-importancia-da-coleta-de-sucata-de-equipamento-eletronico\/#A_San_Lien_proporciona_a_coleta_de_sucata_de_equipamento_eletronico_adequada\" title=\"A San Lien proporciona a coleta de sucata de equipamento eletr\u00f4nico adequada!\">A San Lien proporciona a coleta de sucata de equipamento eletr\u00f4nico adequada!<\/a><\/li><\/ul><\/nav><\/div>\n<h2 class=\"wp-block-heading\"><span class=\"ez-toc-section\" id=\"O_que_e_a_coleta_de_sucata_de_equipamento_eletronico\"><\/span>O que \u00e9 a coleta de sucata de equipamento eletr\u00f4nico?<span class=\"ez-toc-section-end\"><\/span><\/h2>\n\n\n\n<p>A coleta de sucata de equipamento eletr\u00f4nico, tamb\u00e9m conhecida como reciclagem de e-waste ou res\u00edduos eletr\u00f4nicos, refere-se ao <strong>processo de coletar e tratar aparelhos eletr\u00f4nicos<\/strong> que n\u00e3o s\u00e3o mais \u00fateis ou est\u00e3o danificados. <\/p>\n\n\n\n<p>Esse processo \u00e9 essencial para reduzir o volume de res\u00edduos eletr\u00f4nicos que acabam em aterros sanit\u00e1rios, onde podem liberar subst\u00e2ncias t\u00f3xicas no meio ambiente.<\/p>\n\n\n\n<h2 class=\"wp-block-heading\"><span class=\"ez-toc-section\" id=\"Ha_diferenca_entre_sucata_de_equipamento_eletronico_e_lixo_eletronico\"><\/span>H\u00e1 diferen\u00e7a entre sucata de equipamento eletr\u00f4nico e lixo eletr\u00f4nico?<span class=\"ez-toc-section-end\"><\/span><\/h2>\n\n\n\n<ol>\n<li><strong>Sucata de equipamento eletr\u00f4nico:<\/strong>\n<ul>\n<li>Refere-se especificamente aos componentes ou partes de equipamentos eletr\u00f4nicos que podem ser reciclados ou reutilizados.<\/li>\n\n\n\n<li>A sucata inclui metais preciosos como ouro, prata e cobre, que s\u00e3o frequentemente encontrados em placas de circuito e outros componentes internos.<\/li>\n\n\n\n<li>Os materiais s\u00e3o vistos como valiosos para reciclagem e recupera\u00e7\u00e3o, contribuindo para a economia de recursos.<\/li>\n<\/ul>\n<\/li>\n\n\n\n<li><strong>Lixo eletr\u00f4nico (e-waste):<\/strong>\n<ul>\n<li>Abrange todos os tipos de produtos eletr\u00f4nicos descartados, incluindo aqueles que s\u00e3o inteiramente inoperantes e n\u00e3o podem ser reparados ou reutilizados.<\/li>\n\n\n\n<li>Pode incluir tudo, desde grandes eletrodom\u00e9sticos at\u00e9 dispositivos menores como smartphones e computadores.<\/li>\n\n\n\n<li>O lixo eletr\u00f4nico pode ser mais problem\u00e1tico em termos ambientais, pois alguns dispositivos cont\u00eam subst\u00e2ncias t\u00f3xicas que podem ser prejudiciais se n\u00e3o forem descartadas corretamente.<\/li>\n<\/ul>\n<\/li>\n<\/ol>\n\n\n\n<h2 class=\"wp-block-heading\"><span class=\"ez-toc-section\" id=\"Importancia_da_coleta_de_sucata_de_equipamento_eletronico\"><\/span>Import\u00e2ncia da coleta de sucata de equipamento eletr\u00f4nico<span class=\"ez-toc-section-end\"><\/span><\/h2>\n\n\n\n<p>A coleta de sucata de equipamento eletr\u00f4nico \u00e9 crucial por v\u00e1rias raz\u00f5es:<\/p>\n\n\n\n<p><strong>Preserva\u00e7\u00e3o do Meio Ambiente<\/strong><\/p>\n\n\n\n<p>Muitos dispositivos eletr\u00f4nicos cont\u00eam subst\u00e2ncias t\u00f3xicas, como metais pesados e produtos qu\u00edmicos nocivos, que podem poluir o solo e a \u00e1gua se forem descartados inadequadamente.<\/p>\n\n\n<div class=\"wp-block-image is-style-rounded\">\n<figure class=\"alignright size-full is-resized\"><img decoding=\"async\" loading=\"lazy\" width=\"626\" height=\"403\" src=\"https:\/\/sanlien.com.br\/blog\/wp-content\/uploads\/2023\/11\/fpdl.in_lixo-eletronico-isolado-no-branco_392895-292356_normal.jpg\" alt=\"\" class=\"wp-image-27\" style=\"aspect-ratio:1.501199040767386;width:197px;height:auto\"\/><\/figure><\/div>\n\n\n<p><strong>Conserva\u00e7\u00e3o de recursos<\/strong><\/p>\n\n\n\n<p>A reciclagem de componentes eletr\u00f4nicos permite a reutiliza\u00e7\u00e3o de materiais valiosos, como metais preciosos, reduzindo a necessidade de minera\u00e7\u00e3o e conservando recursos naturais.<\/p>\n\n\n\n<p><strong>Prote\u00e7\u00e3o da sa\u00fade humana<\/strong><\/p>\n\n\n\n<p>O descarte inadequado de eletr\u00f4nicos pode liberar subst\u00e2ncias perigosas no ambiente, prejudicando a sa\u00fade de comunidades pr\u00f3ximas a aterros ou locais de descarte.<\/p>\n\n\n\n<h2 class=\"wp-block-heading\"><span class=\"ez-toc-section\" id=\"Vantagens_e_beneficios_da_coleta_de_sucata_de_equipamento_eletronico\"><\/span>Vantagens e benef\u00edcios da coleta de sucata de equipamento eletr\u00f4nico<span class=\"ez-toc-section-end\"><\/span><\/h2>\n\n\n\n<p>Al\u00e9m de contribuir para a preserva\u00e7\u00e3o do meio ambiente e da sa\u00fade humana, a coleta de sucata de equipamento eletr\u00f4nico oferece outras vantagens e benef\u00edcios:<\/p>\n\n\n\n<p><strong>Gera\u00e7\u00e3o de empregos<\/strong><\/p>\n\n\n\n<p>A ind\u00fastria de reciclagem de eletr\u00f4nicos cria oportunidades de emprego em diferentes n\u00edveis, desde a coleta at\u00e9 o processamento e a reutiliza\u00e7\u00e3o dos materiais.<\/p>\n\n\n\n<p><strong>Redu\u00e7\u00e3o do desperd\u00edcio<\/strong><\/p>\n\n\n\n<p>Ao reutilizar e reciclar componentes eletr\u00f4nicos, reduzimos o desperd\u00edcio de recursos e contribu\u00edmos para a economia circular.<\/p>\n\n\n\n<p><strong>Est\u00edmulo \u00e0 inova\u00e7\u00e3o<\/strong><\/p>\n\n\n\n<p>A reciclagem de eletr\u00f4nicos pode promover a pesquisa e desenvolvimento de tecnologias mais sustent\u00e1veis.<\/p>\n\n\n\n<h2 class=\"wp-block-heading\"><span class=\"ez-toc-section\" id=\"O_que_acontece_com_os_dispositivos_eletronicos_coletados_para_reciclagem\"><\/span>O que acontece com os dispositivos eletr\u00f4nicos coletados para reciclagem?<span class=\"ez-toc-section-end\"><\/span><\/h2>\n\n\n\n<p>Ap\u00f3s a coleta, os dispositivos s\u00e3o desmontados e os materiais recicl\u00e1veis s\u00e3o separados.<\/p>\n\n\n\n<p>Componentes que ainda podem ser utilizados s\u00e3o recondicionados ou revendidos, enquanto materiais como metais s\u00e3o reciclados de forma apropriada.<\/p>\n\n\n\n<h2 class=\"wp-block-heading\"><span class=\"ez-toc-section\" id=\"Como_ocorre_essaa_coleta\"><\/span>Como ocorre essaa coleta?<span class=\"ez-toc-section-end\"><\/span><\/h2>\n\n\n\n<p>Primeiramente \u00e9 agendado a <strong>coleta ou a entrega direta de seus equipamentos eletr\u00f4nicos obsoletos <\/strong>em locais espec\u00edficos designados para esse fim.<\/p>\n\n\n<div class=\"wp-block-image is-style-rounded\">\n<figure class=\"alignright size-full is-resized\"><img decoding=\"async\" loading=\"lazy\" width=\"626\" height=\"417\" src=\"https:\/\/sanlien.com.br\/blog\/wp-content\/uploads\/2023\/11\/fpdl.in_computador-abandonado_180547-132_normal.jpg\" alt=\"coleta de sucata de equipamento eletr\u00f4nico\" class=\"wp-image-25\" style=\"aspect-ratio:1.501199040767386;width:201px;height:auto\"\/><\/figure><\/div>\n\n\n<p>Ap\u00f3s a coleta, os equipamentos eletr\u00f4nicos s\u00e3o <strong>transportados<\/strong> para instala\u00e7\u00f5es de triagem.<\/p>\n\n\n\n<p>Nesse est\u00e1gio, os dispositivos s\u00e3o<strong> avaliados <\/strong>para determinar se podem ser recondicionados ou se devem ser desmontados para reciclagem.<\/p>\n\n\n\n<p>Dispositivos eletr\u00f4nicos s\u00e3o <strong>desmontados<\/strong> para recuperar materiais valiosos, como metais preciosos (ouro, prata, platina) e outros recursos, como pl\u00e1stico e vidro.<\/p>\n\n\n\n<p>Esses materiais s\u00e3o <strong>separados e reciclados e\/ou recondicionados<\/strong>.<\/p>\n\n\n\n<p>Quando poss\u00edvel, alguns equipamentos eletr\u00f4nicos podem ser recondicionados e vendidos novamente no mercado secund\u00e1rio.<\/p>\n\n\n\n<p>Isso reduz a necessidade de fabrica\u00e7\u00e3o de novos dispositivos.<\/p>\n\n\n\n<p>Componentes que n\u00e3o podem ser reutilizados ou reciclados de forma eficiente s\u00e3o descartados de maneira ambientalmente respons\u00e1vel, seguindo regulamenta\u00e7\u00f5es e diretrizes espec\u00edficas para evitar a contamina\u00e7\u00e3o ambiental.<\/p>\n\n\n\n<h2 class=\"wp-block-heading\"><span class=\"ez-toc-section\" id=\"A_San_Lien_proporciona_a_coleta_de_sucata_de_equipamento_eletronico_adequada\"><\/span>A San Lien proporciona a coleta de sucata de equipamento eletr\u00f4nico adequada!<span class=\"ez-toc-section-end\"><\/span><\/h2>\n\n\n\n<p>D\u00ea um destino consciente aos seus equipamentos eletr\u00f4nicos antigos!<\/p>\n\n\n\n<p>A <strong>San Lien<\/strong> est\u00e1 aqui para ajudar voc\u00ea a se livrar da sua sucata eletr\u00f4nica de forma segura e sustent\u00e1vel.<\/p>\n\n\n\n<p>Com nossa expertise em gest\u00e3o de res\u00edduos, garantimos que seus dispositivos obsoletos sejam reciclados, recondicionados ou descartados adequadamente, <strong>protegendo o meio ambiente<\/strong> e <strong>evitando impactos negativos<\/strong> na sua comunidade.<\/p>\n\n\n\n<p>Contribua para um futuro mais limpo e sustent\u00e1vel, confie na <strong>San Lien<\/strong> para cuidar dos seus eletr\u00f4nicos descartados!<\/p>\n\n\n\n<p><strong><a href=\"https:\/\/www.sanlien.com.br\/contato\" target=\"_blank\" rel=\"noreferrer noopener\">Entre em contato<\/a> conosco<\/strong> e garanta j\u00e1!<\/p>\n\n\n<div class=\"wp-block-image\">\n<figure class=\"aligncenter size-full\"><img decoding=\"async\" loading=\"lazy\" width=\"750\" height=\"200\" src=\"https:\/\/sanlien.com.br\/blog\/wp-content\/uploads\/2023\/11\/cta-entre-em-contato-roxo.jpeg\" alt=\"\" class=\"wp-image-24\"\/><\/figure><\/div>\n\n\n<p>O que achou do conte\u00fado? Caso tenha gostado, continue acompanhando no <strong><a href=\"https:\/\/sanlien.com.br\/blog\/\" target=\"_blank\" rel=\"noreferrer noopener\">blog<\/a> da San Lien <\/strong>e encontre mais informa\u00e7\u00f5es sobre a import\u00e2ncia da coleta de sucata de equipamento eletr\u00f4nico!<\/p>\n\n\n\n<p>At\u00e9 a pr\u00f3xima!<\/p>\n","protected":false},"excerpt":{"rendered":"<p><span class=\"rt-reading-time\" style=\"display: block;\"><span class=\"rt-label rt-prefix\">Tempo de leitura: <\/span> <span class=\"rt-time\">4<\/span> <span class=\"rt-label rt-postfix\">minutos<\/span><\/span> Saiba mais sobre a import\u00e2ncia da coleta de sucata de equipamento eletr\u00f4nico, evitando danos ao meio ambiente e preservando os recursos naturais. Nos dias de hoje, a tecnologia avan\u00e7a a passos largos, proporcionando-nos dispositivos eletr\u00f4nicos cada vez mais modernos e eficientes. No entanto, essa evolu\u00e7\u00e3o tamb\u00e9m gera uma consequ\u00eancia que frequentemente passa despercebida: o descarte &hellip; <\/p>\n","protected":false},"author":1,"featured_media":26,"comment_status":"open","ping_status":"open","sticky":false,"template":"","format":"standard","meta":{"footnotes":""},"categories":[61],"tags":[79,89,73,71,77,91,75,87,93,83,69,85,78,88,72,70,76,90,74,86,92,82,68,84,65,64,67,66,63,62,81,80],"yoast_head":"<!-- This site is optimized with the Yoast SEO plugin v21.5 - https:\/\/yoast.com\/wordpress\/plugins\/seo\/ -->\n<title>Conhe\u00e7a a import\u00e2ncia da coleta de sucata de equipamento eletr\u00f4nico - San Lien<\/title>\n<meta name=\"description\" content=\"Saiba mais sobre a import\u00e2ncia da coleta de sucata de equipamento eletr\u00f4nico, evitando danos ao meio ambiente.\" \/>\n<meta name=\"robots\" content=\"index, follow, max-snippet:-1, max-image-preview:large, max-video-preview:-1\" \/>\n<link rel=\"canonical\" href=\"https:\/\/www.sanlien.com.br\/blog\/conheca-a-importancia-da-coleta-de-sucata-de-equipamento-eletronico\/\" \/>\n<meta property=\"og:locale\" content=\"pt_BR\" \/>\n<meta property=\"og:type\" content=\"article\" \/>\n<meta property=\"og:title\" content=\"Conhe\u00e7a a import\u00e2ncia da coleta de sucata de equipamento eletr\u00f4nico - San Lien\" \/>\n<meta property=\"og:description\" content=\"Saiba mais sobre a import\u00e2ncia da coleta de sucata de equipamento eletr\u00f4nico, evitando danos ao meio ambiente.\" \/>\n<meta property=\"og:url\" content=\"https:\/\/www.sanlien.com.br\/blog\/conheca-a-importancia-da-coleta-de-sucata-de-equipamento-eletronico\/\" \/>\n<meta property=\"og:site_name\" content=\"San Lien\" \/>\n<meta property=\"article:published_time\" content=\"2024-05-15T09:50:48+00:00\" \/>\n<meta property=\"article:modified_time\" content=\"2024-06-12T12:53:01+00:00\" \/>\n<meta property=\"og:image\" content=\"https:\/\/www.sanlien.com.br\/blog\/wp-content\/uploads\/2023\/11\/fpdl.in_variedade-de-objetos-despejados-sujos_23-2148996979_normal.jpg\" \/>\n\t<meta property=\"og:image:width\" content=\"626\" \/>\n\t<meta property=\"og:image:height\" content=\"417\" \/>\n\t<meta property=\"og:image:type\" content=\"image\/jpeg\" \/>\n<meta name=\"author\" content=\"admin\" \/>\n<meta name=\"twitter:card\" content=\"summary_large_image\" \/>\n<meta name=\"twitter:label1\" content=\"Escrito por\" \/>\n\t<meta name=\"twitter:data1\" content=\"admin\" \/>\n\t<meta name=\"twitter:label2\" content=\"Est. tempo de leitura\" \/>\n\t<meta name=\"twitter:data2\" content=\"6 minutos\" \/>\n<script type=\"application\/ld+json\" class=\"yoast-schema-graph\">{\"@context\":\"https:\/\/schema.org\",\"@graph\":[{\"@type\":\"Article\",\"@id\":\"https:\/\/www.sanlien.com.br\/blog\/conheca-a-importancia-da-coleta-de-sucata-de-equipamento-eletronico\/#article\",\"isPartOf\":{\"@id\":\"https:\/\/www.sanlien.com.br\/blog\/conheca-a-importancia-da-coleta-de-sucata-de-equipamento-eletronico\/\"},\"author\":{\"name\":\"admin\",\"@id\":\"https:\/\/www.sanlien.com.br\/blog\/#\/schema\/person\/85eb4a356aebbc1679ec5e4b8dac034a\"},\"headline\":\"Conhe\u00e7a a import\u00e2ncia da coleta de sucata de equipamento eletr\u00f4nico\",\"datePublished\":\"2024-05-15T09:50:48+00:00\",\"dateModified\":\"2024-06-12T12:53:01+00:00\",\"mainEntityOfPage\":{\"@id\":\"https:\/\/www.sanlien.com.br\/blog\/conheca-a-importancia-da-coleta-de-sucata-de-equipamento-eletronico\/\"},\"wordCount\":977,\"commentCount\":0,\"publisher\":{\"@id\":\"https:\/\/www.sanlien.com.br\/blog\/#organization\"},\"keywords\":[\"Coleta de equipamento eletr\u00f4nico em promo\u00e7\u00e3o\",\"Coleta de equipamento eletr\u00f4nico em Santana\",\"Coleta de equipamento eletr\u00f4nico em s\u00e3o paulo\",\"Coleta de equipamento eletr\u00f4nico em sp\",\"Coleta de equipamento eletr\u00f4nico na Vila Maria\",\"Coleta de equipamento eletr\u00f4nico na zona leste\",\"Coleta de equipamento eletr\u00f4nico na zona norte\",\"Coleta de equipamento eletr\u00f4nico no Parque Novo Mundo\",\"Coleta de equipamento eletr\u00f4nico no Tatuap\u00e9\",\"Coleta de equipamento eletr\u00f4nico perto de mim\",\"Coleta de equipamento eletr\u00f4nico pre\u00e7o\",\"Coleta de equipamento eletr\u00f4nico pr\u00f3ximo a mim\",\"Coleta de lixo eletr\u00f4nico em promo\u00e7\u00e3o\",\"Coleta de lixo eletr\u00f4nico em Santana\",\"Coleta de lixo eletr\u00f4nico em s\u00e3o paulo\",\"Coleta de lixo eletr\u00f4nico em sp\",\"Coleta de lixo eletr\u00f4nico na Vila Maria\",\"Coleta de lixo eletr\u00f4nico na zona leste\",\"Coleta de lixo eletr\u00f4nico na zona norte\",\"Coleta de lixo eletr\u00f4nico no Parque Novo Mundo\",\"Coleta de lixo eletr\u00f4nico no Tatuap\u00e9\",\"Coleta de lixo eletr\u00f4nico perto de mim\",\"Coleta de lixo eletr\u00f4nico pre\u00e7o\",\"Coleta de lixo eletr\u00f4nico pr\u00f3ximo a mim\",\"comprar Coleta de equipamento eletr\u00f4nico\",\"comprar Coleta de lixo eletr\u00f4nico\",\"empresa de Coleta de equipamento eletr\u00f4nico\",\"empresa de Coleta de lixo eletr\u00f4nico\",\"onde encontrar Coleta de equipamento eletr\u00f4nico\",\"onde encontrar Coleta de lixo eletr\u00f4nico\",\"servi\u00e7o de Coleta de equipamento eletr\u00f4nico\",\"servi\u00e7o de Coleta de lixo eletr\u00f4nico\"],\"articleSection\":[\"Sucata de equipamento eletr\u00f4nico\"],\"inLanguage\":\"pt-BR\",\"potentialAction\":[{\"@type\":\"CommentAction\",\"name\":\"Comment\",\"target\":[\"https:\/\/www.sanlien.com.br\/blog\/conheca-a-importancia-da-coleta-de-sucata-de-equipamento-eletronico\/#respond\"]}]},{\"@type\":\"WebPage\",\"@id\":\"https:\/\/www.sanlien.com.br\/blog\/conheca-a-importancia-da-coleta-de-sucata-de-equipamento-eletronico\/\",\"url\":\"https:\/\/www.sanlien.com.br\/blog\/conheca-a-importancia-da-coleta-de-sucata-de-equipamento-eletronico\/\",\"name\":\"Conhe\u00e7a a import\u00e2ncia da coleta de sucata de equipamento eletr\u00f4nico - San Lien\",\"isPartOf\":{\"@id\":\"https:\/\/www.sanlien.com.br\/blog\/#website\"},\"datePublished\":\"2024-05-15T09:50:48+00:00\",\"dateModified\":\"2024-06-12T12:53:01+00:00\",\"description\":\"Saiba mais sobre a import\u00e2ncia da coleta de sucata de equipamento eletr\u00f4nico, evitando danos ao meio ambiente.\",\"breadcrumb\":{\"@id\":\"https:\/\/www.sanlien.com.br\/blog\/conheca-a-importancia-da-coleta-de-sucata-de-equipamento-eletronico\/#breadcrumb\"},\"inLanguage\":\"pt-BR\",\"potentialAction\":[{\"@type\":\"ReadAction\",\"target\":[\"https:\/\/www.sanlien.com.br\/blog\/conheca-a-importancia-da-coleta-de-sucata-de-equipamento-eletronico\/\"]}]},{\"@type\":\"BreadcrumbList\",\"@id\":\"https:\/\/www.sanlien.com.br\/blog\/conheca-a-importancia-da-coleta-de-sucata-de-equipamento-eletronico\/#breadcrumb\",\"itemListElement\":[{\"@type\":\"ListItem\",\"position\":1,\"name\":\"In\u00edcio\",\"item\":\"https:\/\/www.sanlien.com.br\/blog\/\"},{\"@type\":\"ListItem\",\"position\":2,\"name\":\"Conhe\u00e7a a import\u00e2ncia da coleta de sucata de equipamento eletr\u00f4nico\"}]},{\"@type\":\"WebSite\",\"@id\":\"https:\/\/www.sanlien.com.br\/blog\/#website\",\"url\":\"https:\/\/www.sanlien.com.br\/blog\/\",\"name\":\"San Lien\",\"description\":\"Blog - San Lien\",\"publisher\":{\"@id\":\"https:\/\/www.sanlien.com.br\/blog\/#organization\"},\"potentialAction\":[{\"@type\":\"SearchAction\",\"target\":{\"@type\":\"EntryPoint\",\"urlTemplate\":\"https:\/\/www.sanlien.com.br\/blog\/?s={search_term_string}\"},\"query-input\":\"required name=search_term_string\"}],\"inLanguage\":\"pt-BR\"},{\"@type\":\"Organization\",\"@id\":\"https:\/\/www.sanlien.com.br\/blog\/#organization\",\"name\":\"San Lien\",\"url\":\"https:\/\/www.sanlien.com.br\/blog\/\",\"logo\":{\"@type\":\"ImageObject\",\"inLanguage\":\"pt-BR\",\"@id\":\"https:\/\/www.sanlien.com.br\/blog\/#\/schema\/logo\/image\/\",\"url\":\"https:\/\/www.sanlien.com.br\/blog\/wp-content\/uploads\/2023\/11\/logo.png\",\"contentUrl\":\"https:\/\/www.sanlien.com.br\/blog\/wp-content\/uploads\/2023\/11\/logo.png\",\"width\":500,\"height\":300,\"caption\":\"San Lien\"},\"image\":{\"@id\":\"https:\/\/www.sanlien.com.br\/blog\/#\/schema\/logo\/image\/\"}},{\"@type\":\"Person\",\"@id\":\"https:\/\/www.sanlien.com.br\/blog\/#\/schema\/person\/85eb4a356aebbc1679ec5e4b8dac034a\",\"name\":\"admin\",\"image\":{\"@type\":\"ImageObject\",\"inLanguage\":\"pt-BR\",\"@id\":\"https:\/\/www.sanlien.com.br\/blog\/#\/schema\/person\/image\/\",\"url\":\"https:\/\/secure.gravatar.com\/avatar\/bd8125b24775f217cdea35dcfa839469?s=96&d=mm&r=g\",\"contentUrl\":\"https:\/\/secure.gravatar.com\/avatar\/bd8125b24775f217cdea35dcfa839469?s=96&d=mm&r=g\",\"caption\":\"admin\"},\"sameAs\":[\"https:\/\/sanlien.com.br\/blog\"],\"url\":\"https:\/\/www.sanlien.com.br\/blog\/author\/admin\/\"}]}<\/script>\n<!-- \/ Yoast SEO plugin. -->","yoast_head_json":{"title":"Conhe\u00e7a a import\u00e2ncia da coleta de sucata de equipamento eletr\u00f4nico - San Lien","description":"Saiba mais sobre a import\u00e2ncia da coleta de sucata de equipamento eletr\u00f4nico, evitando danos ao meio ambiente.","robots":{"index":"index","follow":"follow","max-snippet":"max-snippet:-1","max-image-preview":"max-image-preview:large","max-video-preview":"max-video-preview:-1"},"canonical":"https:\/\/www.sanlien.com.br\/blog\/conheca-a-importancia-da-coleta-de-sucata-de-equipamento-eletronico\/","og_locale":"pt_BR","og_type":"article","og_title":"Conhe\u00e7a a import\u00e2ncia da coleta de sucata de equipamento eletr\u00f4nico - San Lien","og_description":"Saiba mais sobre a import\u00e2ncia da coleta de sucata de equipamento eletr\u00f4nico, evitando danos ao meio ambiente.","og_url":"https:\/\/www.sanlien.com.br\/blog\/conheca-a-importancia-da-coleta-de-sucata-de-equipamento-eletronico\/","og_site_name":"San Lien","article_published_time":"2024-05-15T09:50:48+00:00","article_modified_time":"2024-06-12T12:53:01+00:00","og_image":[{"width":626,"height":417,"url":"https:\/\/www.sanlien.com.br\/blog\/wp-content\/uploads\/2023\/11\/fpdl.in_variedade-de-objetos-despejados-sujos_23-2148996979_normal.jpg","type":"image\/jpeg"}],"author":"admin","twitter_card":"summary_large_image","twitter_misc":{"Escrito por":"admin","Est. tempo de leitura":"6 minutos"},"schema":{"@context":"https:\/\/schema.org","@graph":[{"@type":"Article","@id":"https:\/\/www.sanlien.com.br\/blog\/conheca-a-importancia-da-coleta-de-sucata-de-equipamento-eletronico\/#article","isPartOf":{"@id":"https:\/\/www.sanlien.com.br\/blog\/conheca-a-importancia-da-coleta-de-sucata-de-equipamento-eletronico\/"},"author":{"name":"admin","@id":"https:\/\/www.sanlien.com.br\/blog\/#\/schema\/person\/85eb4a356aebbc1679ec5e4b8dac034a"},"headline":"Conhe\u00e7a a import\u00e2ncia da coleta de sucata de equipamento eletr\u00f4nico","datePublished":"2024-05-15T09:50:48+00:00","dateModified":"2024-06-12T12:53:01+00:00","mainEntityOfPage":{"@id":"https:\/\/www.sanlien.com.br\/blog\/conheca-a-importancia-da-coleta-de-sucata-de-equipamento-eletronico\/"},"wordCount":977,"commentCount":0,"publisher":{"@id":"https:\/\/www.sanlien.com.br\/blog\/#organization"},"keywords":["Coleta de equipamento eletr\u00f4nico em promo\u00e7\u00e3o","Coleta de equipamento eletr\u00f4nico em Santana","Coleta de equipamento eletr\u00f4nico em s\u00e3o paulo","Coleta de equipamento eletr\u00f4nico em sp","Coleta de equipamento eletr\u00f4nico na Vila Maria","Coleta de equipamento eletr\u00f4nico na zona leste","Coleta de equipamento eletr\u00f4nico na zona norte","Coleta de equipamento eletr\u00f4nico no Parque Novo Mundo","Coleta de equipamento eletr\u00f4nico no Tatuap\u00e9","Coleta de equipamento eletr\u00f4nico perto de mim","Coleta de equipamento eletr\u00f4nico pre\u00e7o","Coleta de equipamento eletr\u00f4nico pr\u00f3ximo a mim","Coleta de lixo eletr\u00f4nico em promo\u00e7\u00e3o","Coleta de lixo eletr\u00f4nico em Santana","Coleta de lixo eletr\u00f4nico em s\u00e3o paulo","Coleta de lixo eletr\u00f4nico em sp","Coleta de lixo eletr\u00f4nico na Vila Maria","Coleta de lixo eletr\u00f4nico na zona leste","Coleta de lixo eletr\u00f4nico na zona norte","Coleta de lixo eletr\u00f4nico no Parque Novo Mundo","Coleta de lixo eletr\u00f4nico no Tatuap\u00e9","Coleta de lixo eletr\u00f4nico perto de mim","Coleta de lixo eletr\u00f4nico pre\u00e7o","Coleta de lixo eletr\u00f4nico pr\u00f3ximo a mim","comprar Coleta de equipamento eletr\u00f4nico","comprar Coleta de lixo eletr\u00f4nico","empresa de Coleta de equipamento eletr\u00f4nico","empresa de Coleta de lixo eletr\u00f4nico","onde encontrar Coleta de equipamento eletr\u00f4nico","onde encontrar Coleta de lixo eletr\u00f4nico","servi\u00e7o de Coleta de equipamento eletr\u00f4nico","servi\u00e7o de Coleta de lixo eletr\u00f4nico"],"articleSection":["Sucata de equipamento eletr\u00f4nico"],"inLanguage":"pt-BR","potentialAction":[{"@type":"CommentAction","name":"Comment","target":["https:\/\/www.sanlien.com.br\/blog\/conheca-a-importancia-da-coleta-de-sucata-de-equipamento-eletronico\/#respond"]}]},{"@type":"WebPage","@id":"https:\/\/www.sanlien.com.br\/blog\/conheca-a-importancia-da-coleta-de-sucata-de-equipamento-eletronico\/","url":"https:\/\/www.sanlien.com.br\/blog\/conheca-a-importancia-da-coleta-de-sucata-de-equipamento-eletronico\/","name":"Conhe\u00e7a a import\u00e2ncia da coleta de sucata de equipamento eletr\u00f4nico - San Lien","isPartOf":{"@id":"https:\/\/www.sanlien.com.br\/blog\/#website"},"datePublished":"2024-05-15T09:50:48+00:00","dateModified":"2024-06-12T12:53:01+00:00","description":"Saiba mais sobre a import\u00e2ncia da coleta de sucata de equipamento eletr\u00f4nico, evitando danos ao meio ambiente.","breadcrumb":{"@id":"https:\/\/www.sanlien.com.br\/blog\/conheca-a-importancia-da-coleta-de-sucata-de-equipamento-eletronico\/#breadcrumb"},"inLanguage":"pt-BR","potentialAction":[{"@type":"ReadAction","target":["https:\/\/www.sanlien.com.br\/blog\/conheca-a-importancia-da-coleta-de-sucata-de-equipamento-eletronico\/"]}]},{"@type":"BreadcrumbList","@id":"https:\/\/www.sanlien.com.br\/blog\/conheca-a-importancia-da-coleta-de-sucata-de-equipamento-eletronico\/#breadcrumb","itemListElement":[{"@type":"ListItem","position":1,"name":"In\u00edcio","item":"https:\/\/www.sanlien.com.br\/blog\/"},{"@type":"ListItem","position":2,"name":"Conhe\u00e7a a import\u00e2ncia da coleta de sucata de equipamento eletr\u00f4nico"}]},{"@type":"WebSite","@id":"https:\/\/www.sanlien.com.br\/blog\/#website","url":"https:\/\/www.sanlien.com.br\/blog\/","name":"San Lien","description":"Blog - San Lien","publisher":{"@id":"https:\/\/www.sanlien.com.br\/blog\/#organization"},"potentialAction":[{"@type":"SearchAction","target":{"@type":"EntryPoint","urlTemplate":"https:\/\/www.sanlien.com.br\/blog\/?s={search_term_string}"},"query-input":"required name=search_term_string"}],"inLanguage":"pt-BR"},{"@type":"Organization","@id":"https:\/\/www.sanlien.com.br\/blog\/#organization","name":"San Lien","url":"https:\/\/www.sanlien.com.br\/blog\/","logo":{"@type":"ImageObject","inLanguage":"pt-BR","@id":"https:\/\/www.sanlien.com.br\/blog\/#\/schema\/logo\/image\/","url":"https:\/\/www.sanlien.com.br\/blog\/wp-content\/uploads\/2023\/11\/logo.png","contentUrl":"https:\/\/www.sanlien.com.br\/blog\/wp-content\/uploads\/2023\/11\/logo.png","width":500,"height":300,"caption":"San Lien"},"image":{"@id":"https:\/\/www.sanlien.com.br\/blog\/#\/schema\/logo\/image\/"}},{"@type":"Person","@id":"https:\/\/www.sanlien.com.br\/blog\/#\/schema\/person\/85eb4a356aebbc1679ec5e4b8dac034a","name":"admin","image":{"@type":"ImageObject","inLanguage":"pt-BR","@id":"https:\/\/www.sanlien.com.br\/blog\/#\/schema\/person\/image\/","url":"https:\/\/secure.gravatar.com\/avatar\/bd8125b24775f217cdea35dcfa839469?s=96&d=mm&r=g","contentUrl":"https:\/\/secure.gravatar.com\/avatar\/bd8125b24775f217cdea35dcfa839469?s=96&d=mm&r=g","caption":"admin"},"sameAs":["https:\/\/sanlien.com.br\/blog"],"url":"https:\/\/www.sanlien.com.br\/blog\/author\/admin\/"}]}},"_links":{"self":[{"href":"https:\/\/www.sanlien.com.br\/blog\/wp-json\/wp\/v2\/posts\/19"}],"collection":[{"href":"https:\/\/www.sanlien.com.br\/blog\/wp-json\/wp\/v2\/posts"}],"about":[{"href":"https:\/\/www.sanlien.com.br\/blog\/wp-json\/wp\/v2\/types\/post"}],"author":[{"embeddable":true,"href":"https:\/\/www.sanlien.com.br\/blog\/wp-json\/wp\/v2\/users\/1"}],"replies":[{"embeddable":true,"href":"https:\/\/www.sanlien.com.br\/blog\/wp-json\/wp\/v2\/comments?post=19"}],"version-history":[{"count":2,"href":"https:\/\/www.sanlien.com.br\/blog\/wp-json\/wp\/v2\/posts\/19\/revisions"}],"predecessor-version":[{"id":162,"href":"https:\/\/www.sanlien.com.br\/blog\/wp-json\/wp\/v2\/posts\/19\/revisions\/162"}],"wp:featuredmedia":[{"embeddable":true,"href":"https:\/\/www.sanlien.com.br\/blog\/wp-json\/wp\/v2\/media\/26"}],"wp:attachment":[{"href":"https:\/\/www.sanlien.com.br\/blog\/wp-json\/wp\/v2\/media?parent=19"}],"wp:term":[{"taxonomy":"category","embeddable":true,"href":"https:\/\/www.sanlien.com.br\/blog\/wp-json\/wp\/v2\/categories?post=19"},{"taxonomy":"post_tag","embeddable":true,"href":"https:\/\/www.sanlien.com.br\/blog\/wp-json\/wp\/v2\/tags?post=19"}],"curies":[{"name":"wp","href":"https:\/\/api.w.org\/{rel}","templated":true}]}}