{"id":157,"date":"2024-05-08T16:38:19","date_gmt":"2024-05-08T16:38:19","guid":{"rendered":"https:\/\/www.sanlien.com.br\/blog\/?p=157"},"modified":"2024-05-08T16:40:42","modified_gmt":"2024-05-08T16:40:42","slug":"transforme-seu-lixo-em-recursos-valiosos-coleta-de-materiais-reciclaveis","status":"publish","type":"post","link":"https:\/\/www.sanlien.com.br\/blog\/transforme-seu-lixo-em-recursos-valiosos-coleta-de-materiais-reciclaveis\/","title":{"rendered":"Transforme seu lixo em recursos valiosos: coleta de materiais recicl\u00e1veis"},"content":{"rendered":"<span class=\"rt-reading-time\" style=\"display: block;\"><span class=\"rt-label rt-prefix\">Tempo de leitura: <\/span> <span class=\"rt-time\">3<\/span> <span class=\"rt-label rt-postfix\">minutos<\/span><\/span>\n<p class=\"has-medium-font-size\"><strong><em>Descubra como sua empresa pode contribuir para um mundo mais sustent\u00e1vel atrav\u00e9s da coleta de materiais recicl\u00e1veis.<\/em><\/strong><\/p>\n\n\n\n<p>A transforma\u00e7\u00e3o do lixo em recursos valiosos atrav\u00e9s da <strong>coleta de materiais recicl\u00e1veis <\/strong>\u00e9 mais do que uma atividade ambiental; \u00e9 uma necessidade urgente em nossa sociedade contempor\u00e2nea.&nbsp;<\/p>\n\n\n\n<p>Cada vez mais, os impactos ambientais gerados pelo ac\u00famulo de res\u00edduos n\u00e3o tratados s\u00e3o evidentes, afetando diretamente a biodiversidade, os ecossistemas e a sa\u00fade humana.&nbsp;<\/p>\n\n\n\n<p>Neste contexto, a reciclagem surge como uma solu\u00e7\u00e3o estrat\u00e9gica, n\u00e3o s\u00f3 para mitigar esses impactos, mas tamb\u00e9m para promover a sustentabilidade e o desenvolvimento econ\u00f4mico.&nbsp;<\/p>\n\n\n\n<p>Ao reciclar, n\u00e3o apenas reduzimos a quantidade de lixo destinada a aterros e incineradores, mas tamb\u00e9m transformamos esses materiais em novos produtos, economizando recursos naturais e energia.&nbsp;<\/p>\n\n\n\n<p>Este artigo explora a import\u00e2ncia da coleta de materiais recicl\u00e1veis, oferecendo um guia completo sobre como identificar materiais recicl\u00e1veis, onde descart\u00e1-los corretamente e as etapas envolvidas no processo de reciclagem, destacando a atua\u00e7\u00e3o exemplar de empresas como a San Lien, que h\u00e1 mais de vinte anos lidera o mercado com solu\u00e7\u00f5es inovadoras e sustent\u00e1veis.<\/p>\n\n\n\n<ul>\n<li><a href=\"https:\/\/www.sanlien.com.br\/blog\/quais-os-beneficios-da-reciclagem-para-empresas\/\">Quais os benef\u00edcios da reciclagem para empresas?<\/a><\/li>\n\n\n\n<li><a href=\"https:\/\/www.sanlien.com.br\/blog\/laudos-ambientais-descubra-os-diferentes-tipos-e-como-elabora-los\/\">Laudos ambientais: descubra os diferentes tipos e como elabor\u00e1-los<\/a><\/li>\n<\/ul>\n\n\n\n<div id=\"ez-toc-container\" class=\"ez-toc-v2_0_62 counter-hierarchy ez-toc-counter ez-toc-grey ez-toc-container-direction\">\n<div class=\"ez-toc-title-container\">\n<p class=\"ez-toc-title \" >T&oacute;picos do artigo<\/p>\n<span class=\"ez-toc-title-toggle\"><a href=\"#\" class=\"ez-toc-pull-right ez-toc-btn ez-toc-btn-xs ez-toc-btn-default ez-toc-toggle\" aria-label=\"Toggle Table of Content\"><span class=\"ez-toc-js-icon-con\"><span class=\"\"><span class=\"eztoc-hide\" style=\"display:none;\">Toggle<\/span><span class=\"ez-toc-icon-toggle-span\"><svg style=\"fill: #999;color:#999\" xmlns=\"http:\/\/www.w3.org\/2000\/svg\" class=\"list-377408\" width=\"20px\" height=\"20px\" viewBox=\"0 0 24 24\" fill=\"none\"><path d=\"M6 6H4v2h2V6zm14 0H8v2h12V6zM4 11h2v2H4v-2zm16 0H8v2h12v-2zM4 16h2v2H4v-2zm16 0H8v2h12v-2z\" fill=\"currentColor\"><\/path><\/svg><svg style=\"fill: #999;color:#999\" class=\"arrow-unsorted-368013\" xmlns=\"http:\/\/www.w3.org\/2000\/svg\" width=\"10px\" height=\"10px\" viewBox=\"0 0 24 24\" version=\"1.2\" baseProfile=\"tiny\"><path d=\"M18.2 9.3l-6.2-6.3-6.2 6.3c-.2.2-.3.4-.3.7s.1.5.3.7c.2.2.4.3.7.3h11c.3 0 .5-.1.7-.3.2-.2.3-.5.3-.7s-.1-.5-.3-.7zM5.8 14.7l6.2 6.3 6.2-6.3c.2-.2.3-.5.3-.7s-.1-.5-.3-.7c-.2-.2-.4-.3-.7-.3h-11c-.3 0-.5.1-.7.3-.2.2-.3.5-.3.7s.1.5.3.7z\"\/><\/svg><\/span><\/span><\/span><\/a><\/span><\/div>\n<nav><ul class='ez-toc-list ez-toc-list-level-1 ' ><li class='ez-toc-page-1 ez-toc-heading-level-2'><a class=\"ez-toc-link ez-toc-heading-1\" href=\"https:\/\/www.sanlien.com.br\/blog\/transforme-seu-lixo-em-recursos-valiosos-coleta-de-materiais-reciclaveis\/#O_que_e_a_coleta_de_materiais_reciclaveis\" title=\"O que \u00e9 a coleta de materiais recicl\u00e1veis?\">O que \u00e9 a coleta de materiais recicl\u00e1veis?<\/a><\/li><li class='ez-toc-page-1 ez-toc-heading-level-2'><a class=\"ez-toc-link ez-toc-heading-2\" href=\"https:\/\/www.sanlien.com.br\/blog\/transforme-seu-lixo-em-recursos-valiosos-coleta-de-materiais-reciclaveis\/#Como_saber_se_um_material_e_reciclavel\" title=\"Como saber se um material \u00e9 recicl\u00e1vel?\">Como saber se um material \u00e9 recicl\u00e1vel?<\/a><\/li><li class='ez-toc-page-1 ez-toc-heading-level-2'><a class=\"ez-toc-link ez-toc-heading-3\" href=\"https:\/\/www.sanlien.com.br\/blog\/transforme-seu-lixo-em-recursos-valiosos-coleta-de-materiais-reciclaveis\/#Onde_colocar_esse_material\" title=\"Onde colocar esse material?\">Onde colocar esse material?<\/a><\/li><li class='ez-toc-page-1 ez-toc-heading-level-2'><a class=\"ez-toc-link ez-toc-heading-4\" href=\"https:\/\/www.sanlien.com.br\/blog\/transforme-seu-lixo-em-recursos-valiosos-coleta-de-materiais-reciclaveis\/#Quais_as_etapas_da_coleta_de_materiais_reciclaveis\" title=\"Quais as etapas da coleta de materiais recicl\u00e1veis?&nbsp;\">Quais as etapas da coleta de materiais recicl\u00e1veis?&nbsp;<\/a><\/li><li class='ez-toc-page-1 ez-toc-heading-level-2'><a class=\"ez-toc-link ez-toc-heading-5\" href=\"https:\/\/www.sanlien.com.br\/blog\/transforme-seu-lixo-em-recursos-valiosos-coleta-de-materiais-reciclaveis\/#Onde_encontrar_uma_empresa_que_realiza_a_coleta_de_materiais_reciclaveis\" title=\"Onde encontrar uma empresa que realiza a coleta de materiais recicl\u00e1veis?\">Onde encontrar uma empresa que realiza a coleta de materiais recicl\u00e1veis?<\/a><\/li><\/ul><\/nav><\/div>\n<h2 class=\"wp-block-heading\"><span class=\"ez-toc-section\" id=\"O_que_e_a_coleta_de_materiais_reciclaveis\"><\/span>O que \u00e9 a coleta de materiais recicl\u00e1veis?<span class=\"ez-toc-section-end\"><\/span><\/h2>\n\n\n\n<p>A coleta de materiais recicl\u00e1veis \u00e9 um processo essencial para a gest\u00e3o sustent\u00e1vel do meio ambiente.&nbsp;<\/p>\n\n\n\n<p>Este processo envolve a<strong> coleta, a separa\u00e7\u00e3o e o encaminhamento de materiais que podem ser reprocessados e reintroduzidos na cadeia produtiva<\/strong>, substituindo recursos naturais e reduzindo a necessidade de disposi\u00e7\u00e3o em aterros.&nbsp;<\/p>\n\n\n\n<p>A reciclagem \u00e9 uma resposta direta ao crescente problema do ac\u00famulo de res\u00edduos, contribuindo para a economia circular e para a preserva\u00e7\u00e3o dos recursos naturais.<\/p>\n\n\n\n<h2 class=\"wp-block-heading\"><span class=\"ez-toc-section\" id=\"Como_saber_se_um_material_e_reciclavel\"><\/span>Como saber se um material \u00e9 recicl\u00e1vel?<span class=\"ez-toc-section-end\"><\/span><\/h2>\n\n\n\n<p>Identificar se um material \u00e9 recicl\u00e1vel depende de alguns fatores cruciais. Primeiramente, \u00e9 importante <strong>verificar a simbologia presente nas embalagens<\/strong>, que geralmente indica se o produto pode ser reciclado.\u00a0<\/p>\n\n\n<div class=\"wp-block-image is-style-rounded\">\n<figure class=\"alignright size-full is-resized\"><img decoding=\"async\" loading=\"lazy\" width=\"1000\" height=\"667\" src=\"https:\/\/www.sanlien.com.br\/blog\/wp-content\/uploads\/2024\/05\/34748-1.jpg\" alt=\"\" class=\"wp-image-159\" style=\"aspect-ratio:1.4992503748125936;width:260px;height:auto\"\/><\/figure><\/div>\n\n\n<p><strong>Pl\u00e1sticos, pap\u00e9is, vidros e metais<\/strong> s\u00e3o comumente recicl\u00e1veis, mas \u00e9 essencial que estejam <strong>limpos e livres de contamina\u00e7\u00f5es<\/strong>.&nbsp;<\/p>\n\n\n\n<p>Al\u00e9m disso, \u00e9 importante consultar as diretrizes locais de reciclagem, pois cada munic\u00edpio pode ter especifica\u00e7\u00f5es diferentes sobre o que \u00e9 aceito em seus programas de reciclagem.<\/p>\n\n\n\n<h2 class=\"wp-block-heading\"><span class=\"ez-toc-section\" id=\"Onde_colocar_esse_material\"><\/span>Onde colocar esse material?<span class=\"ez-toc-section-end\"><\/span><\/h2>\n\n\n\n<p>Os materiais recicl\u00e1veis devem ser depositados em <strong>cont\u00eaineres ou pontos de coleta espec\u00edficos<\/strong> designados para reciclagem.&nbsp;<\/p>\n\n\n\n<p>Muitas cidades possuem coleta seletiva, onde os res\u00edduos recicl\u00e1veis s\u00e3o coletados separadamente dos org\u00e2nicos e rejeitos.&nbsp;<\/p>\n\n\n\n<p>Para uma efici\u00eancia maior, \u00e9 recomend\u00e1vel que os materiais sejam separados por tipo \u2013 vidro, papel, pl\u00e1stico e metal \u2013 facilitando o processo de reciclagem posterior.<\/p>\n\n\n\n<ul>\n<li><a href=\"https:\/\/www.sanlien.com.br\/blog\/coleta-de-lixo-reciclavel-conheca-os-servicos-realizados-pela-san-lien\/\">Coleta de lixo recicl\u00e1vel: conhe\u00e7a os servi\u00e7os realizados pela San Lien<\/a><\/li>\n\n\n\n<li><a href=\"https:\/\/www.sanlien.com.br\/blog\/empresa-de-reciclagem-conheca-a-san-lien\/\">Empresa de reciclagem: conhe\u00e7a a San Lien\u00a0<\/a><\/li>\n<\/ul>\n\n\n\n<h2 class=\"wp-block-heading\"><span class=\"ez-toc-section\" id=\"Quais_as_etapas_da_coleta_de_materiais_reciclaveis\"><\/span>Quais as etapas da coleta de materiais recicl\u00e1veis?&nbsp;<span class=\"ez-toc-section-end\"><\/span><\/h2>\n\n\n\n<ol>\n<li><strong>Separa\u00e7\u00e3o em casa: <\/strong>o primeiro passo come\u00e7a no lar, onde os materiais recicl\u00e1veis s\u00e3o separados dos demais res\u00edduos.<\/li>\n<\/ol>\n\n\n\n<ol start=\"2\">\n<li><strong>Dep\u00f3sito em pontos de coleta: <\/strong>os materiais s\u00e3o ent\u00e3o levados para pontos de coleta espec\u00edficos ou coletados atrav\u00e9s de servi\u00e7os municipais.<\/li>\n<\/ol>\n\n\n\n<ol start=\"3\">\n<li><strong>Transporte para centros de reciclagem:<\/strong> ap\u00f3s a coleta, os materiais s\u00e3o transportados para centros de reciclagem, onde s\u00e3o classificados.<\/li>\n<\/ol>\n\n\n\n<ol start=\"4\">\n<li><strong>Processamento:<\/strong> no centro de reciclagem, os materiais s\u00e3o limpos, triturados e transformados em novos produtos.<\/li>\n<\/ol>\n\n\n\n<ol start=\"5\">\n<li><strong>Reintrodu\u00e7\u00e3o no mercado:<\/strong> os materiais reciclados s\u00e3o ent\u00e3o vendidos para empresas que os utilizam como mat\u00e9ria-prima na fabrica\u00e7\u00e3o de novos produtos.<\/li>\n<\/ol>\n\n\n\n<h2 class=\"wp-block-heading\"><span class=\"ez-toc-section\" id=\"Onde_encontrar_uma_empresa_que_realiza_a_coleta_de_materiais_reciclaveis\"><\/span>Onde encontrar uma empresa que realiza a coleta de materiais recicl\u00e1veis?<span class=\"ez-toc-section-end\"><\/span><\/h2>\n\n\n\n<p>Uma das empresas mais destacadas nesse setor \u00e9 a San Lien. H\u00e1 mais de 20 anos no mercado, a <strong><a href=\"https:\/\/www.sanlien.com.br\/\">San Lien<\/a><\/strong> oferece solu\u00e7\u00f5es completas e qualificadas em gest\u00e3o de res\u00edduos, consolidando-se como uma das mais conceituadas do pa\u00eds.\u00a0<\/p>\n\n\n\n<p>Com um enfoque na sustentabilidade e inova\u00e7\u00e3o, a San Lien \u00e9 parceira de numerosas empresas e munic\u00edpios na implementa\u00e7\u00e3o de programas eficazes de coleta seletiva e reciclagem, garantindo n\u00e3o apenas a conserva\u00e7\u00e3o ambiental, mas tamb\u00e9m a viabilidade econ\u00f4mica desses projetos.<\/p>\n\n\n\n<p>Entre em <a href=\"https:\/\/www.sanlien.com.br\/contato\">contato<\/a> conosco!<\/p>\n\n\n\n<p>O que achou do conte\u00fado? Caso tenha gostado, continue acompanhando o <a href=\"https:\/\/www.sanlien.com.br\/blog\/\">blog da San Lien<\/a> e saiba mais informa\u00e7\u00f5es sobre a coleta de res\u00edduos!<\/p>\n\n\n\n<p>At\u00e9 a pr\u00f3xima!<\/p>\n","protected":false},"excerpt":{"rendered":"<p><span class=\"rt-reading-time\" style=\"display: block;\"><span class=\"rt-label rt-prefix\">Tempo de leitura: <\/span> <span class=\"rt-time\">3<\/span> <span class=\"rt-label rt-postfix\">minutos<\/span><\/span> Descubra como sua empresa pode contribuir para um mundo mais sustent\u00e1vel atrav\u00e9s da coleta de materiais recicl\u00e1veis. A transforma\u00e7\u00e3o do lixo em recursos valiosos atrav\u00e9s da coleta de materiais recicl\u00e1veis \u00e9 mais do que uma atividade ambiental; \u00e9 uma necessidade urgente em nossa sociedade contempor\u00e2nea.&nbsp; Cada vez mais, os impactos ambientais gerados pelo ac\u00famulo de &hellip; <\/p>\n","protected":false},"author":1,"featured_media":158,"comment_status":"open","ping_status":"open","sticky":false,"template":"","format":"standard","meta":{"footnotes":""},"categories":[626,717],"tags":[969,995,986,983,1010,1016,989,1007,1013,992,1001,981,1004,996,987,984,1011,1017,990,1008,1014,993,1002,1005,997,988,985,1012,1018,991,1009,1015,994,1003,982,1006,973,974,270,975,976,977,7,978,979,980,970,971,972,968,269,998,999,1000],"yoast_head":"<!-- This site is optimized with the Yoast SEO plugin v21.5 - https:\/\/yoast.com\/wordpress\/plugins\/seo\/ -->\n<title>Transforme seu lixo em recursos valiosos: coleta de materiais recicl\u00e1veis - San Lien<\/title>\n<meta name=\"description\" content=\"Descubra como sua empresa pode contribuir para um mundo mais sustent\u00e1vel atrav\u00e9s da coleta de materiais recicl\u00e1veis.\" \/>\n<meta name=\"robots\" content=\"index, follow, max-snippet:-1, max-image-preview:large, max-video-preview:-1\" \/>\n<link rel=\"canonical\" href=\"https:\/\/www.sanlien.com.br\/blog\/transforme-seu-lixo-em-recursos-valiosos-coleta-de-materiais-reciclaveis\/\" \/>\n<meta property=\"og:locale\" content=\"pt_BR\" \/>\n<meta property=\"og:type\" content=\"article\" \/>\n<meta property=\"og:title\" content=\"Transforme seu lixo em recursos valiosos: coleta de materiais recicl\u00e1veis - San Lien\" \/>\n<meta property=\"og:description\" content=\"Descubra como sua empresa pode contribuir para um mundo mais sustent\u00e1vel atrav\u00e9s da coleta de materiais recicl\u00e1veis.\" \/>\n<meta property=\"og:url\" content=\"https:\/\/www.sanlien.com.br\/blog\/transforme-seu-lixo-em-recursos-valiosos-coleta-de-materiais-reciclaveis\/\" \/>\n<meta property=\"og:site_name\" content=\"San Lien\" \/>\n<meta property=\"article:published_time\" content=\"2024-05-08T16:38:19+00:00\" \/>\n<meta property=\"article:modified_time\" content=\"2024-05-08T16:40:42+00:00\" \/>\n<meta property=\"og:image\" content=\"https:\/\/www.sanlien.com.br\/blog\/wp-content\/uploads\/2024\/05\/104846-1.jpg\" \/>\n\t<meta property=\"og:image:width\" content=\"1000\" \/>\n\t<meta property=\"og:image:height\" content=\"667\" \/>\n\t<meta property=\"og:image:type\" content=\"image\/jpeg\" \/>\n<meta name=\"author\" content=\"admin\" \/>\n<meta name=\"twitter:card\" content=\"summary_large_image\" \/>\n<meta name=\"twitter:label1\" content=\"Escrito por\" \/>\n\t<meta name=\"twitter:data1\" content=\"admin\" \/>\n\t<meta name=\"twitter:label2\" content=\"Est. tempo de leitura\" \/>\n\t<meta name=\"twitter:data2\" content=\"4 minutos\" \/>\n<script type=\"application\/ld+json\" class=\"yoast-schema-graph\">{\"@context\":\"https:\/\/schema.org\",\"@graph\":[{\"@type\":\"Article\",\"@id\":\"https:\/\/www.sanlien.com.br\/blog\/transforme-seu-lixo-em-recursos-valiosos-coleta-de-materiais-reciclaveis\/#article\",\"isPartOf\":{\"@id\":\"https:\/\/www.sanlien.com.br\/blog\/transforme-seu-lixo-em-recursos-valiosos-coleta-de-materiais-reciclaveis\/\"},\"author\":{\"name\":\"admin\",\"@id\":\"https:\/\/www.sanlien.com.br\/blog\/#\/schema\/person\/85eb4a356aebbc1679ec5e4b8dac034a\"},\"headline\":\"Transforme seu lixo em recursos valiosos: coleta de materiais recicl\u00e1veis\",\"datePublished\":\"2024-05-08T16:38:19+00:00\",\"dateModified\":\"2024-05-08T16:40:42+00:00\",\"mainEntityOfPage\":{\"@id\":\"https:\/\/www.sanlien.com.br\/blog\/transforme-seu-lixo-em-recursos-valiosos-coleta-de-materiais-reciclaveis\/\"},\"wordCount\":758,\"commentCount\":0,\"publisher\":{\"@id\":\"https:\/\/www.sanlien.com.br\/blog\/#organization\"},\"keywords\":[\"coleta de materiais recicl\u00e1veis\",\"coleta de materiais recicl\u00e1veis direto da fabrica\",\"coleta de materiais recicl\u00e1veis em s\u00e3o paulo\",\"coleta de materiais recicl\u00e1veis em sp\",\"coleta de materiais recicl\u00e1veis na Penha\",\"coleta de materiais recicl\u00e1veis na Vila Maria\",\"coleta de materiais recicl\u00e1veis na zona norte\",\"coleta de materiais recicl\u00e1veis no Br\u00e1s\",\"coleta de materiais recicl\u00e1veis no Carr\u00e3o\",\"coleta de materiais recicl\u00e1veis no Tatuap\u00e9\",\"coleta de materiais recicl\u00e1veis perto de mim\",\"coleta de materiais recicl\u00e1veis pre\u00e7o\",\"coleta de materiais recicl\u00e1veis pr\u00f3ximo a mim\",\"coleta de recicl\u00e1veis direto da fabrica\",\"coleta de recicl\u00e1veis em s\u00e3o paulo\",\"coleta de recicl\u00e1veis em sp\",\"coleta de recicl\u00e1veis na Penha\",\"coleta de recicl\u00e1veis na Vila Maria\",\"coleta de recicl\u00e1veis na zona norte\",\"coleta de recicl\u00e1veis no Br\u00e1s\",\"coleta de recicl\u00e1veis no Carr\u00e3o\",\"coleta de recicl\u00e1veis no Tatuap\u00e9\",\"coleta de recicl\u00e1veis perto de mim\",\"coleta de recicl\u00e1veis pr\u00f3ximo a mim\",\"coleta de recicl\u00e1vel direto da fabrica\",\"coleta de recicl\u00e1vel em s\u00e3o paulo\",\"coleta de recicl\u00e1vel em sp\",\"coleta de recicl\u00e1vel na Penha\",\"coleta de recicl\u00e1vel na Vila Maria\",\"coleta de recicl\u00e1vel na zona norte\",\"coleta de recicl\u00e1vel no Br\u00e1s\",\"coleta de recicl\u00e1vel no Carr\u00e3o\",\"coleta de recicl\u00e1vel no Tatuap\u00e9\",\"coleta de recicl\u00e1vel perto de mim\",\"coleta de recicl\u00e1vel pre\u00e7o\",\"coleta de recicl\u00e1vel pr\u00f3ximo a mim\",\"comprar coleta de materiais recicl\u00e1veis\",\"comprar coleta de recicl\u00e1vel\",\"Economia circular\",\"empresa de coleta de materiais recicl\u00e1veis\",\"empresa de coleta de recicl\u00e1veis\",\"empresa de coleta de recicl\u00e1vel\",\"Gest\u00e3o de Res\u00edduos\",\"loja de coleta de materiais recicl\u00e1veis\",\"loja de coleta de recicl\u00e1veis\",\"loja de coleta de recicl\u00e1vel\",\"onde encontrar coleta de materiais recicl\u00e1veis\",\"onde encontrar coleta de recicl\u00e1veis\",\"onde encontrar coleta de recicl\u00e1vel\",\"reciclagem sustent\u00e1vel\",\"San Lien reciclagem\",\"servi\u00e7o de coleta de materiais recicl\u00e1veis\",\"servi\u00e7o de coleta de recicl\u00e1veis\",\"servi\u00e7o de coleta de recicl\u00e1vel\"],\"articleSection\":[\"Coleta de sucata\",\"Coleta seletiva\"],\"inLanguage\":\"pt-BR\",\"potentialAction\":[{\"@type\":\"CommentAction\",\"name\":\"Comment\",\"target\":[\"https:\/\/www.sanlien.com.br\/blog\/transforme-seu-lixo-em-recursos-valiosos-coleta-de-materiais-reciclaveis\/#respond\"]}]},{\"@type\":\"WebPage\",\"@id\":\"https:\/\/www.sanlien.com.br\/blog\/transforme-seu-lixo-em-recursos-valiosos-coleta-de-materiais-reciclaveis\/\",\"url\":\"https:\/\/www.sanlien.com.br\/blog\/transforme-seu-lixo-em-recursos-valiosos-coleta-de-materiais-reciclaveis\/\",\"name\":\"Transforme seu lixo em recursos valiosos: coleta de materiais recicl\u00e1veis - San Lien\",\"isPartOf\":{\"@id\":\"https:\/\/www.sanlien.com.br\/blog\/#website\"},\"datePublished\":\"2024-05-08T16:38:19+00:00\",\"dateModified\":\"2024-05-08T16:40:42+00:00\",\"description\":\"Descubra como sua empresa pode contribuir para um mundo mais sustent\u00e1vel atrav\u00e9s da coleta de materiais recicl\u00e1veis.\",\"breadcrumb\":{\"@id\":\"https:\/\/www.sanlien.com.br\/blog\/transforme-seu-lixo-em-recursos-valiosos-coleta-de-materiais-reciclaveis\/#breadcrumb\"},\"inLanguage\":\"pt-BR\",\"potentialAction\":[{\"@type\":\"ReadAction\",\"target\":[\"https:\/\/www.sanlien.com.br\/blog\/transforme-seu-lixo-em-recursos-valiosos-coleta-de-materiais-reciclaveis\/\"]}]},{\"@type\":\"BreadcrumbList\",\"@id\":\"https:\/\/www.sanlien.com.br\/blog\/transforme-seu-lixo-em-recursos-valiosos-coleta-de-materiais-reciclaveis\/#breadcrumb\",\"itemListElement\":[{\"@type\":\"ListItem\",\"position\":1,\"name\":\"In\u00edcio\",\"item\":\"https:\/\/www.sanlien.com.br\/blog\/\"},{\"@type\":\"ListItem\",\"position\":2,\"name\":\"Transforme seu lixo em recursos valiosos: coleta de materiais recicl\u00e1veis\"}]},{\"@type\":\"WebSite\",\"@id\":\"https:\/\/www.sanlien.com.br\/blog\/#website\",\"url\":\"https:\/\/www.sanlien.com.br\/blog\/\",\"name\":\"San Lien\",\"description\":\"Blog - San Lien\",\"publisher\":{\"@id\":\"https:\/\/www.sanlien.com.br\/blog\/#organization\"},\"potentialAction\":[{\"@type\":\"SearchAction\",\"target\":{\"@type\":\"EntryPoint\",\"urlTemplate\":\"https:\/\/www.sanlien.com.br\/blog\/?s={search_term_string}\"},\"query-input\":\"required name=search_term_string\"}],\"inLanguage\":\"pt-BR\"},{\"@type\":\"Organization\",\"@id\":\"https:\/\/www.sanlien.com.br\/blog\/#organization\",\"name\":\"San Lien\",\"url\":\"https:\/\/www.sanlien.com.br\/blog\/\",\"logo\":{\"@type\":\"ImageObject\",\"inLanguage\":\"pt-BR\",\"@id\":\"https:\/\/www.sanlien.com.br\/blog\/#\/schema\/logo\/image\/\",\"url\":\"https:\/\/www.sanlien.com.br\/blog\/wp-content\/uploads\/2023\/11\/logo.png\",\"contentUrl\":\"https:\/\/www.sanlien.com.br\/blog\/wp-content\/uploads\/2023\/11\/logo.png\",\"width\":500,\"height\":300,\"caption\":\"San Lien\"},\"image\":{\"@id\":\"https:\/\/www.sanlien.com.br\/blog\/#\/schema\/logo\/image\/\"}},{\"@type\":\"Person\",\"@id\":\"https:\/\/www.sanlien.com.br\/blog\/#\/schema\/person\/85eb4a356aebbc1679ec5e4b8dac034a\",\"name\":\"admin\",\"image\":{\"@type\":\"ImageObject\",\"inLanguage\":\"pt-BR\",\"@id\":\"https:\/\/www.sanlien.com.br\/blog\/#\/schema\/person\/image\/\",\"url\":\"https:\/\/secure.gravatar.com\/avatar\/bd8125b24775f217cdea35dcfa839469?s=96&d=mm&r=g\",\"contentUrl\":\"https:\/\/secure.gravatar.com\/avatar\/bd8125b24775f217cdea35dcfa839469?s=96&d=mm&r=g\",\"caption\":\"admin\"},\"sameAs\":[\"https:\/\/sanlien.com.br\/blog\"],\"url\":\"https:\/\/www.sanlien.com.br\/blog\/author\/admin\/\"}]}<\/script>\n<!-- \/ Yoast SEO plugin. -->","yoast_head_json":{"title":"Transforme seu lixo em recursos valiosos: coleta de materiais recicl\u00e1veis - San Lien","description":"Descubra como sua empresa pode contribuir para um mundo mais sustent\u00e1vel atrav\u00e9s da coleta de materiais recicl\u00e1veis.","robots":{"index":"index","follow":"follow","max-snippet":"max-snippet:-1","max-image-preview":"max-image-preview:large","max-video-preview":"max-video-preview:-1"},"canonical":"https:\/\/www.sanlien.com.br\/blog\/transforme-seu-lixo-em-recursos-valiosos-coleta-de-materiais-reciclaveis\/","og_locale":"pt_BR","og_type":"article","og_title":"Transforme seu lixo em recursos valiosos: coleta de materiais recicl\u00e1veis - San Lien","og_description":"Descubra como sua empresa pode contribuir para um mundo mais sustent\u00e1vel atrav\u00e9s da coleta de materiais recicl\u00e1veis.","og_url":"https:\/\/www.sanlien.com.br\/blog\/transforme-seu-lixo-em-recursos-valiosos-coleta-de-materiais-reciclaveis\/","og_site_name":"San Lien","article_published_time":"2024-05-08T16:38:19+00:00","article_modified_time":"2024-05-08T16:40:42+00:00","og_image":[{"width":1000,"height":667,"url":"https:\/\/www.sanlien.com.br\/blog\/wp-content\/uploads\/2024\/05\/104846-1.jpg","type":"image\/jpeg"}],"author":"admin","twitter_card":"summary_large_image","twitter_misc":{"Escrito por":"admin","Est. tempo de leitura":"4 minutos"},"schema":{"@context":"https:\/\/schema.org","@graph":[{"@type":"Article","@id":"https:\/\/www.sanlien.com.br\/blog\/transforme-seu-lixo-em-recursos-valiosos-coleta-de-materiais-reciclaveis\/#article","isPartOf":{"@id":"https:\/\/www.sanlien.com.br\/blog\/transforme-seu-lixo-em-recursos-valiosos-coleta-de-materiais-reciclaveis\/"},"author":{"name":"admin","@id":"https:\/\/www.sanlien.com.br\/blog\/#\/schema\/person\/85eb4a356aebbc1679ec5e4b8dac034a"},"headline":"Transforme seu lixo em recursos valiosos: coleta de materiais recicl\u00e1veis","datePublished":"2024-05-08T16:38:19+00:00","dateModified":"2024-05-08T16:40:42+00:00","mainEntityOfPage":{"@id":"https:\/\/www.sanlien.com.br\/blog\/transforme-seu-lixo-em-recursos-valiosos-coleta-de-materiais-reciclaveis\/"},"wordCount":758,"commentCount":0,"publisher":{"@id":"https:\/\/www.sanlien.com.br\/blog\/#organization"},"keywords":["coleta de materiais recicl\u00e1veis","coleta de materiais recicl\u00e1veis direto da fabrica","coleta de materiais recicl\u00e1veis em s\u00e3o paulo","coleta de materiais recicl\u00e1veis em sp","coleta de materiais recicl\u00e1veis na Penha","coleta de materiais recicl\u00e1veis na Vila Maria","coleta de materiais recicl\u00e1veis na zona norte","coleta de materiais recicl\u00e1veis no Br\u00e1s","coleta de materiais recicl\u00e1veis no Carr\u00e3o","coleta de materiais recicl\u00e1veis no Tatuap\u00e9","coleta de materiais recicl\u00e1veis perto de mim","coleta de materiais recicl\u00e1veis pre\u00e7o","coleta de materiais recicl\u00e1veis pr\u00f3ximo a mim","coleta de recicl\u00e1veis direto da fabrica","coleta de recicl\u00e1veis em s\u00e3o paulo","coleta de recicl\u00e1veis em sp","coleta de recicl\u00e1veis na Penha","coleta de recicl\u00e1veis na Vila Maria","coleta de recicl\u00e1veis na zona norte","coleta de recicl\u00e1veis no Br\u00e1s","coleta de recicl\u00e1veis no Carr\u00e3o","coleta de recicl\u00e1veis no Tatuap\u00e9","coleta de recicl\u00e1veis perto de mim","coleta de recicl\u00e1veis pr\u00f3ximo a mim","coleta de recicl\u00e1vel direto da fabrica","coleta de recicl\u00e1vel em s\u00e3o paulo","coleta de recicl\u00e1vel em sp","coleta de recicl\u00e1vel na Penha","coleta de recicl\u00e1vel na Vila Maria","coleta de recicl\u00e1vel na zona norte","coleta de recicl\u00e1vel no Br\u00e1s","coleta de recicl\u00e1vel no Carr\u00e3o","coleta de recicl\u00e1vel no Tatuap\u00e9","coleta de recicl\u00e1vel perto de mim","coleta de recicl\u00e1vel pre\u00e7o","coleta de recicl\u00e1vel pr\u00f3ximo a mim","comprar coleta de materiais recicl\u00e1veis","comprar coleta de recicl\u00e1vel","Economia circular","empresa de coleta de materiais recicl\u00e1veis","empresa de coleta de recicl\u00e1veis","empresa de coleta de recicl\u00e1vel","Gest\u00e3o de Res\u00edduos","loja de coleta de materiais recicl\u00e1veis","loja de coleta de recicl\u00e1veis","loja de coleta de recicl\u00e1vel","onde encontrar coleta de materiais recicl\u00e1veis","onde encontrar coleta de recicl\u00e1veis","onde encontrar coleta de recicl\u00e1vel","reciclagem sustent\u00e1vel","San Lien reciclagem","servi\u00e7o de coleta de materiais recicl\u00e1veis","servi\u00e7o de coleta de recicl\u00e1veis","servi\u00e7o de coleta de recicl\u00e1vel"],"articleSection":["Coleta de sucata","Coleta seletiva"],"inLanguage":"pt-BR","potentialAction":[{"@type":"CommentAction","name":"Comment","target":["https:\/\/www.sanlien.com.br\/blog\/transforme-seu-lixo-em-recursos-valiosos-coleta-de-materiais-reciclaveis\/#respond"]}]},{"@type":"WebPage","@id":"https:\/\/www.sanlien.com.br\/blog\/transforme-seu-lixo-em-recursos-valiosos-coleta-de-materiais-reciclaveis\/","url":"https:\/\/www.sanlien.com.br\/blog\/transforme-seu-lixo-em-recursos-valiosos-coleta-de-materiais-reciclaveis\/","name":"Transforme seu lixo em recursos valiosos: coleta de materiais recicl\u00e1veis - San Lien","isPartOf":{"@id":"https:\/\/www.sanlien.com.br\/blog\/#website"},"datePublished":"2024-05-08T16:38:19+00:00","dateModified":"2024-05-08T16:40:42+00:00","description":"Descubra como sua empresa pode contribuir para um mundo mais sustent\u00e1vel atrav\u00e9s da coleta de materiais recicl\u00e1veis.","breadcrumb":{"@id":"https:\/\/www.sanlien.com.br\/blog\/transforme-seu-lixo-em-recursos-valiosos-coleta-de-materiais-reciclaveis\/#breadcrumb"},"inLanguage":"pt-BR","potentialAction":[{"@type":"ReadAction","target":["https:\/\/www.sanlien.com.br\/blog\/transforme-seu-lixo-em-recursos-valiosos-coleta-de-materiais-reciclaveis\/"]}]},{"@type":"BreadcrumbList","@id":"https:\/\/www.sanlien.com.br\/blog\/transforme-seu-lixo-em-recursos-valiosos-coleta-de-materiais-reciclaveis\/#breadcrumb","itemListElement":[{"@type":"ListItem","position":1,"name":"In\u00edcio","item":"https:\/\/www.sanlien.com.br\/blog\/"},{"@type":"ListItem","position":2,"name":"Transforme seu lixo em recursos valiosos: coleta de materiais recicl\u00e1veis"}]},{"@type":"WebSite","@id":"https:\/\/www.sanlien.com.br\/blog\/#website","url":"https:\/\/www.sanlien.com.br\/blog\/","name":"San Lien","description":"Blog - San Lien","publisher":{"@id":"https:\/\/www.sanlien.com.br\/blog\/#organization"},"potentialAction":[{"@type":"SearchAction","target":{"@type":"EntryPoint","urlTemplate":"https:\/\/www.sanlien.com.br\/blog\/?s={search_term_string}"},"query-input":"required name=search_term_string"}],"inLanguage":"pt-BR"},{"@type":"Organization","@id":"https:\/\/www.sanlien.com.br\/blog\/#organization","name":"San Lien","url":"https:\/\/www.sanlien.com.br\/blog\/","logo":{"@type":"ImageObject","inLanguage":"pt-BR","@id":"https:\/\/www.sanlien.com.br\/blog\/#\/schema\/logo\/image\/","url":"https:\/\/www.sanlien.com.br\/blog\/wp-content\/uploads\/2023\/11\/logo.png","contentUrl":"https:\/\/www.sanlien.com.br\/blog\/wp-content\/uploads\/2023\/11\/logo.png","width":500,"height":300,"caption":"San Lien"},"image":{"@id":"https:\/\/www.sanlien.com.br\/blog\/#\/schema\/logo\/image\/"}},{"@type":"Person","@id":"https:\/\/www.sanlien.com.br\/blog\/#\/schema\/person\/85eb4a356aebbc1679ec5e4b8dac034a","name":"admin","image":{"@type":"ImageObject","inLanguage":"pt-BR","@id":"https:\/\/www.sanlien.com.br\/blog\/#\/schema\/person\/image\/","url":"https:\/\/secure.gravatar.com\/avatar\/bd8125b24775f217cdea35dcfa839469?s=96&d=mm&r=g","contentUrl":"https:\/\/secure.gravatar.com\/avatar\/bd8125b24775f217cdea35dcfa839469?s=96&d=mm&r=g","caption":"admin"},"sameAs":["https:\/\/sanlien.com.br\/blog"],"url":"https:\/\/www.sanlien.com.br\/blog\/author\/admin\/"}]}},"_links":{"self":[{"href":"https:\/\/www.sanlien.com.br\/blog\/wp-json\/wp\/v2\/posts\/157"}],"collection":[{"href":"https:\/\/www.sanlien.com.br\/blog\/wp-json\/wp\/v2\/posts"}],"about":[{"href":"https:\/\/www.sanlien.com.br\/blog\/wp-json\/wp\/v2\/types\/post"}],"author":[{"embeddable":true,"href":"https:\/\/www.sanlien.com.br\/blog\/wp-json\/wp\/v2\/users\/1"}],"replies":[{"embeddable":true,"href":"https:\/\/www.sanlien.com.br\/blog\/wp-json\/wp\/v2\/comments?post=157"}],"version-history":[{"count":1,"href":"https:\/\/www.sanlien.com.br\/blog\/wp-json\/wp\/v2\/posts\/157\/revisions"}],"predecessor-version":[{"id":160,"href":"https:\/\/www.sanlien.com.br\/blog\/wp-json\/wp\/v2\/posts\/157\/revisions\/160"}],"wp:featuredmedia":[{"embeddable":true,"href":"https:\/\/www.sanlien.com.br\/blog\/wp-json\/wp\/v2\/media\/158"}],"wp:attachment":[{"href":"https:\/\/www.sanlien.com.br\/blog\/wp-json\/wp\/v2\/media?parent=157"}],"wp:term":[{"taxonomy":"category","embeddable":true,"href":"https:\/\/www.sanlien.com.br\/blog\/wp-json\/wp\/v2\/categories?post=157"},{"taxonomy":"post_tag","embeddable":true,"href":"https:\/\/www.sanlien.com.br\/blog\/wp-json\/wp\/v2\/tags?post=157"}],"curies":[{"name":"wp","href":"https:\/\/api.w.org\/{rel}","templated":true}]}}