{"id":126,"date":"2025-12-11T19:52:24","date_gmt":"2025-12-11T19:52:24","guid":{"rendered":"https:\/\/www.sanlien.com.br\/blog\/?p=126"},"modified":"2025-12-11T19:52:25","modified_gmt":"2025-12-11T19:52:25","slug":"sustentabilidade-em-acao-estrategias-para-gestao-de-residuos-solidos","status":"publish","type":"post","link":"https:\/\/www.sanlien.com.br\/blog\/sustentabilidade-em-acao-estrategias-para-gestao-de-residuos-solidos\/","title":{"rendered":"Sustentabilidade em a\u00e7\u00e3o: estrat\u00e9gias para gest\u00e3o de res\u00edduos s\u00f3lidos"},"content":{"rendered":"<span class=\"rt-reading-time\" style=\"display: block;\"><span class=\"rt-label rt-prefix\">Tempo de leitura: <\/span> <span class=\"rt-time\">4<\/span> <span class=\"rt-label rt-postfix\">minutos<\/span><\/span>\n<p class=\"has-medium-font-size\"><strong><em>Descubra estrat\u00e9gias de gest\u00e3o de res\u00edduos s\u00f3lidos para um futuro sustent\u00e1vel com o l\u00edder de mercado San Lien.<\/em><\/strong><\/p>\n\n\n\n<p>A <strong>gest\u00e3o de res\u00edduos s\u00f3lidos <\/strong>tornou-se um dos pilares fundamentais para a sustentabilidade ambiental nas \u00faltimas d\u00e9cadas.<\/p>\n\n\n\n<p>Com o crescimento exponencial da produ\u00e7\u00e3o de lixo decorrente da atividade humana, torna-se imperativo adotar estrat\u00e9gias eficientes que n\u00e3o apenas minimizem o impacto ambiental, mas tamb\u00e9m promovam a reutiliza\u00e7\u00e3o e reciclagem de materiais.<\/p>\n\n\n\n<ul>\n<li><a href=\"https:\/\/www.sanlien.com.br\/blog\/como-descartar-o-lixo-eletronico-de-forma-correta\/\">Como descartar o lixo eletr\u00f4nico de forma correta?<\/a><\/li>\n\n\n\n<li><a href=\"https:\/\/www.sanlien.com.br\/blog\/o-que-e-a-gestao-de-residuos\/\">O que \u00e9 a gest\u00e3o de res\u00edduos?<\/a><\/li>\n<\/ul>\n\n\n\n<div id=\"ez-toc-container\" class=\"ez-toc-v2_0_62 counter-hierarchy ez-toc-counter ez-toc-grey ez-toc-container-direction\">\n<div class=\"ez-toc-title-container\">\n<p class=\"ez-toc-title \" >T&oacute;picos do artigo<\/p>\n<span class=\"ez-toc-title-toggle\"><a href=\"#\" class=\"ez-toc-pull-right ez-toc-btn ez-toc-btn-xs ez-toc-btn-default ez-toc-toggle\" aria-label=\"Toggle Table of Content\"><span class=\"ez-toc-js-icon-con\"><span class=\"\"><span class=\"eztoc-hide\" style=\"display:none;\">Toggle<\/span><span class=\"ez-toc-icon-toggle-span\"><svg style=\"fill: #999;color:#999\" xmlns=\"http:\/\/www.w3.org\/2000\/svg\" class=\"list-377408\" width=\"20px\" height=\"20px\" viewBox=\"0 0 24 24\" fill=\"none\"><path d=\"M6 6H4v2h2V6zm14 0H8v2h12V6zM4 11h2v2H4v-2zm16 0H8v2h12v-2zM4 16h2v2H4v-2zm16 0H8v2h12v-2z\" fill=\"currentColor\"><\/path><\/svg><svg style=\"fill: #999;color:#999\" class=\"arrow-unsorted-368013\" xmlns=\"http:\/\/www.w3.org\/2000\/svg\" width=\"10px\" height=\"10px\" viewBox=\"0 0 24 24\" version=\"1.2\" baseProfile=\"tiny\"><path d=\"M18.2 9.3l-6.2-6.3-6.2 6.3c-.2.2-.3.4-.3.7s.1.5.3.7c.2.2.4.3.7.3h11c.3 0 .5-.1.7-.3.2-.2.3-.5.3-.7s-.1-.5-.3-.7zM5.8 14.7l6.2 6.3 6.2-6.3c.2-.2.3-.5.3-.7s-.1-.5-.3-.7c-.2-.2-.4-.3-.7-.3h-11c-.3 0-.5.1-.7.3-.2.2-.3.5-.3.7s.1.5.3.7z\"\/><\/svg><\/span><\/span><\/span><\/a><\/span><\/div>\n<nav><ul class='ez-toc-list ez-toc-list-level-1 ' ><li class='ez-toc-page-1 ez-toc-heading-level-2'><a class=\"ez-toc-link ez-toc-heading-1\" href=\"https:\/\/www.sanlien.com.br\/blog\/sustentabilidade-em-acao-estrategias-para-gestao-de-residuos-solidos\/#O_que_e_uma_gestao_de_residuos_solidos\" title=\"O que \u00e9 uma gest\u00e3o de res\u00edduos s\u00f3lidos?\">O que \u00e9 uma gest\u00e3o de res\u00edduos s\u00f3lidos?<\/a><\/li><li class='ez-toc-page-1 ez-toc-heading-level-2'><a class=\"ez-toc-link ez-toc-heading-2\" href=\"https:\/\/www.sanlien.com.br\/blog\/sustentabilidade-em-acao-estrategias-para-gestao-de-residuos-solidos\/#Como_funciona_a_gestao_de_residuos_solidos\" title=\"Como funciona a gest\u00e3o de res\u00edduos s\u00f3lidos?\">Como funciona a gest\u00e3o de res\u00edduos s\u00f3lidos?<\/a><\/li><li class='ez-toc-page-1 ez-toc-heading-level-2'><a class=\"ez-toc-link ez-toc-heading-3\" href=\"https:\/\/www.sanlien.com.br\/blog\/sustentabilidade-em-acao-estrategias-para-gestao-de-residuos-solidos\/#Quais_sao_os_beneficios_dessa_gestao\" title=\"Quais s\u00e3o os benef\u00edcios dessa gest\u00e3o?\">Quais s\u00e3o os benef\u00edcios dessa gest\u00e3o?<\/a><\/li><li class='ez-toc-page-1 ez-toc-heading-level-2'><a class=\"ez-toc-link ez-toc-heading-4\" href=\"https:\/\/www.sanlien.com.br\/blog\/sustentabilidade-em-acao-estrategias-para-gestao-de-residuos-solidos\/#Qual_empresa_escolher_para_realizar_a_gestao_de_residuos_solidos\" title=\"Qual empresa escolher para realizar a gest\u00e3o de res\u00edduos s\u00f3lidos?\">Qual empresa escolher para realizar a gest\u00e3o de res\u00edduos s\u00f3lidos?<\/a><\/li><\/ul><\/nav><\/div>\n<h2 class=\"wp-block-heading\"><span class=\"ez-toc-section\" id=\"O_que_e_uma_gestao_de_residuos_solidos\"><\/span>O que \u00e9 uma gest\u00e3o de res\u00edduos s\u00f3lidos?<span class=\"ez-toc-section-end\"><\/span><\/h2>\n\n\n\n<p>A gest\u00e3o de res\u00edduos s\u00f3lidos engloba o<strong> conjunto de pr\u00e1ticas externas para coleta, transporte, tratamento e fornecimento final adequado de res\u00edduos.<\/strong>&nbsp;<\/p>\n\n\n\n<p>Este processo visa reduzir os efeitos de contrata\u00e7\u00e3o de res\u00edduos ao meio ambiente e \u00e0 sa\u00fade p\u00fablica, transformando-os, quando poss\u00edvel, em novos recursos.<\/p>\n\n\n\n<h2 class=\"wp-block-heading\"><span class=\"ez-toc-section\" id=\"Como_funciona_a_gestao_de_residuos_solidos\"><\/span>Como funciona a gest\u00e3o de res\u00edduos s\u00f3lidos?<span class=\"ez-toc-section-end\"><\/span><\/h2>\n\n\n\n<p>O funcionamento da gest\u00e3o de res\u00edduos s\u00f3lidos inicia-se com a<strong> separa\u00e7\u00e3o na fonte<\/strong>, visando uma coleta seletiva.&nbsp;<\/p>\n\n\n\n<p>Posteriormente, os materiais s\u00e3o <strong>direcionados para centros de triagem<\/strong>, onde s\u00e3o separados conforme sua natureza e potencial de reciclagem.&nbsp;<\/p>\n\n\n\n<p>Os <strong>res\u00edduos que n\u00e3o podem ser reciclados s\u00e3o ent\u00e3o destinados a aterros sanit\u00e1rios ou incineradores<\/strong>, sempre respeitando os mais rigorosos padr\u00f5es ambientais.<\/p>\n\n\n\n<ul>\n<li><a href=\"https:\/\/www.sanlien.com.br\/blog\/certificado-de-destinacao-de-residuos-o-que-e-e-como-emitir\/\">Certificado de destina\u00e7\u00e3o de res\u00edduos: o que \u00e9 e como emitir?<\/a><\/li>\n\n\n\n<li><a href=\"https:\/\/www.sanlien.com.br\/blog\/coleta-de-sucata-ferrosa-onde-encontrar-esse-servico\/\">Coleta de sucata ferrosa: onde encontrar esse servi\u00e7o?<\/a><\/li>\n<\/ul>\n\n\n\n<h2 class=\"wp-block-heading\"><span class=\"ez-toc-section\" id=\"Quais_sao_os_beneficios_dessa_gestao\"><\/span>Quais s\u00e3o os benef\u00edcios dessa gest\u00e3o?<span class=\"ez-toc-section-end\"><\/span><\/h2>\n\n\n\n<p>Os benef\u00edcios da gest\u00e3o de res\u00edduos s\u00f3lidos s\u00e3o amplos e impactam positivamente n\u00e3o apenas o meio ambiente, mas tamb\u00e9m a economia e a sociedade em geral. Entre os principais benef\u00edcios, podemos destacar:<\/p>\n\n\n<div class=\"wp-block-image is-style-rounded\">\n<figure class=\"alignright size-full is-resized\"><img decoding=\"async\" loading=\"lazy\" width=\"1000\" height=\"667\" src=\"https:\/\/www.sanlien.com.br\/blog\/wp-content\/uploads\/2024\/03\/5326-1.jpg\" alt=\"\" class=\"wp-image-129\" style=\"aspect-ratio:1.4992503748125936;width:255px;height:auto\"\/><\/figure><\/div>\n\n\n<ol>\n<li><strong>Prote\u00e7\u00e3o ambiental: <\/strong>uma gest\u00e3o eficiente reduz significativamente a polui\u00e7\u00e3o do solo, da \u00e1gua e do ar, minimizando os impactos negativos sobre os ecossistemas e a biodiversidade.<\/li>\n<\/ol>\n\n\n\n<ol start=\"2\">\n<li><strong>Redu\u00e7\u00e3o da emiss\u00e3o de gases de efeito estufa:<\/strong> a concentra\u00e7\u00e3o de res\u00edduos org\u00e2nicos em aterros produz metano, um poderoso g\u00e1s de efeito estufa. A gest\u00e3o adequada, atrav\u00e9s da compostagem ou da gera\u00e7\u00e3o de energia a partir de res\u00edduos, pode reduzir essas emiss\u00f5es.<\/li>\n<\/ol>\n\n\n\n<ol start=\"3\">\n<li><strong>Conserva\u00e7\u00e3o de recursos naturais: <\/strong>a reciclagem de materiais, uma parte integral da gest\u00e3o de res\u00edduos, conserva recursos naturais como \u00e1gua, minerais e madeira, eliminando a necessidade de extra\u00e7\u00e3o de novos recursos.<\/li>\n<\/ol>\n\n\n\n<ol start=\"4\">\n<li><strong>Economia de energia:<\/strong> a produ\u00e7\u00e3o de novos produtos a partir de materiais reciclados geralmente consome menos energia do que a fabrica\u00e7\u00e3o a partir de materiais virgens, contribuindo para a economia de energia em escala global.<\/li>\n<\/ol>\n\n\n\n<ol start=\"5\">\n<li><strong>Gera\u00e7\u00e3o de empregos: <\/strong>A ind\u00fastria de reciclagem e gest\u00e3o de res\u00edduos \u00e9 uma fonte significativa de empregos, desde a coleta e triagem de res\u00edduos at\u00e9 a transforma\u00e7\u00e3o de materiais recicl\u00e1veis \u200b\u200bem novos produtos.<\/li>\n<\/ol>\n\n\n\n<ol start=\"6\">\n<li><strong>Redu\u00e7\u00e3o de custos:<\/strong> A diminui\u00e7\u00e3o da quantidade de res\u00edduos destinados aos aterros pode resultar em economias significativas em taxas de aterramento e manuten\u00e7\u00e3o, al\u00e9m de prolongar a vida \u00fatil dos aterros existentes.<\/li>\n<\/ol>\n\n\n\n<ol start=\"7\">\n<li><strong>Melhoria da sa\u00fade p\u00fablica:<\/strong> a gest\u00e3o adequada dos res\u00edduos reduz os riscos de doen\u00e7as associadas \u00e0 contamina\u00e7\u00e3o por res\u00edduos, melhorando assim a qualidade de vida e a sa\u00fade p\u00fablica.<\/li>\n<\/ol>\n\n\n\n<ol start=\"8\">\n<li><strong>Fortalecimento da responsabilidade social corporativa:<\/strong> empresas que adotam pr\u00e1ticas sustent\u00e1veis \u200b\u200bna gest\u00e3o de res\u00edduos refor\u00e7am sua imagem e responsabilidade social, atraindo consumidores conscientes e melhorando sua competitividade no mercado.<\/li>\n<\/ol>\n\n\n\n<h2 class=\"wp-block-heading\"><span class=\"ez-toc-section\" id=\"Qual_empresa_escolher_para_realizar_a_gestao_de_residuos_solidos\"><\/span>Qual empresa escolher para realizar a gest\u00e3o de res\u00edduos s\u00f3lidos?<span class=\"ez-toc-section-end\"><\/span><\/h2>\n\n\n\n<p>Ao escolher uma empresa para realizar a gest\u00e3o de res\u00edduos s\u00f3lidos, \u00e9 essencial optar por uma que demonstre comprometimento com a sustentabilidade e possua um hist\u00f3rico comprovado de efici\u00eancia e inova\u00e7\u00e3o.&nbsp;<\/p>\n\n\n\n<p>A <strong><a href=\"https:\/\/www.sanlien.com.br\/\">San Lien<\/a> <\/strong>destaca-se nesse cen\u00e1rio. H\u00e1 mais de 20 anos no mercado , a San Lien oferece <strong>solu\u00e7\u00f5es completas e habilidades em gest\u00e3o de res\u00edduos<\/strong>, consolidando-se como uma das mais conceituadas do pa\u00eds.&nbsp;<\/p>\n\n\n\n<p>Com uma abordagem que engloba <strong>desde a consultoria at\u00e9 a execu\u00e7\u00e3o de projetos personalizados<\/strong>, a San Lien garante que seus clientes atinjam os mais altos padr\u00f5es de responsabilidade ambiental.<\/p>\n\n\n\n<p>A gest\u00e3o eficiente de res\u00edduos s\u00f3lidos \u00e9 um desafio que requer o envolvimento de todos, desde indiv\u00edduos at\u00e9 grandes corpora\u00e7\u00f5es.&nbsp;<\/p>\n\n\n\n<p>Escolher parceiros comprometidos com a excel\u00eancia e inova\u00e7\u00e3o, como a San Lien, \u00e9 um passo crucial para garantir um futuro mais sustent\u00e1vel para as pr\u00f3ximas gera\u00e7\u00f5es.<\/p>\n\n\n\n<p>Entre em <a href=\"https:\/\/www.sanlien.com.br\/contato\">contato<\/a> conosco!<\/p>\n\n\n<div class=\"wp-block-image\">\n<figure class=\"aligncenter size-full\"><a href=\"https:\/\/www.sanlien.com.br\/contato\"><img decoding=\"async\" loading=\"lazy\" width=\"750\" height=\"200\" src=\"https:\/\/www.sanlien.com.br\/blog\/wp-content\/uploads\/2023\/11\/cta-entre-em-contato-roxo.jpeg\" alt=\"\" class=\"wp-image-24\"\/><\/a><\/figure><\/div>\n\n\n<p>O que achou do conte\u00fado? Caso tenha gostado, continue acompanhando o <a href=\"https:\/\/www.sanlien.com.br\/blog\/\">blog da San Lien<\/a> e saiba mais informa\u00e7\u00f5es sobre gest\u00e3o de res\u00edduos s\u00f3lidos!<\/p>\n\n\n\n<p>At\u00e9 a pr\u00f3xima!<\/p>\n","protected":false},"excerpt":{"rendered":"<p><span class=\"rt-reading-time\" style=\"display: block;\"><span class=\"rt-label rt-prefix\">Tempo de leitura: <\/span> <span class=\"rt-time\">4<\/span> <span class=\"rt-label rt-postfix\">minutos<\/span><\/span> Descubra estrat\u00e9gias de gest\u00e3o de res\u00edduos s\u00f3lidos para um futuro sustent\u00e1vel com o l\u00edder de mercado San Lien. A gest\u00e3o de res\u00edduos s\u00f3lidos tornou-se um dos pilares fundamentais para a sustentabilidade ambiental nas \u00faltimas d\u00e9cadas. Com o crescimento exponencial da produ\u00e7\u00e3o de lixo decorrente da atividade humana, torna-se imperativo adotar estrat\u00e9gias eficientes que n\u00e3o apenas &hellip; <\/p>\n","protected":false},"author":1,"featured_media":128,"comment_status":"open","ping_status":"open","sticky":false,"template":"","format":"standard","meta":{"footnotes":""},"categories":[424],"tags":[871,872,865,873,885,880,878,895,899,881,893,897,883,889,876,891,866,886,879,896,900,882,894,898,884,890,877,892,867,874,875,869,870,330,414,887,888,868,412],"yoast_head":"<!-- This site is optimized with the Yoast SEO plugin v21.5 - https:\/\/yoast.com\/wordpress\/plugins\/seo\/ -->\n<title>Sustentabilidade em a\u00e7\u00e3o: estrat\u00e9gias para gest\u00e3o de res\u00edduos s\u00f3lidos - San Lien<\/title>\n<meta name=\"description\" content=\"Descubra estrat\u00e9gias de gest\u00e3o de res\u00edduos s\u00f3lidos para um futuro sustent\u00e1vel com o l\u00edder de mercado San Lien.\" \/>\n<meta name=\"robots\" content=\"index, follow, max-snippet:-1, max-image-preview:large, max-video-preview:-1\" \/>\n<link rel=\"canonical\" href=\"https:\/\/www.sanlien.com.br\/blog\/sustentabilidade-em-acao-estrategias-para-gestao-de-residuos-solidos\/\" \/>\n<meta property=\"og:locale\" content=\"pt_BR\" \/>\n<meta property=\"og:type\" content=\"article\" \/>\n<meta property=\"og:title\" content=\"Sustentabilidade em a\u00e7\u00e3o: estrat\u00e9gias para gest\u00e3o de res\u00edduos s\u00f3lidos - San Lien\" \/>\n<meta property=\"og:description\" content=\"Descubra estrat\u00e9gias de gest\u00e3o de res\u00edduos s\u00f3lidos para um futuro sustent\u00e1vel com o l\u00edder de mercado San Lien.\" \/>\n<meta property=\"og:url\" content=\"https:\/\/www.sanlien.com.br\/blog\/sustentabilidade-em-acao-estrategias-para-gestao-de-residuos-solidos\/\" \/>\n<meta property=\"og:site_name\" content=\"San Lien\" \/>\n<meta property=\"article:published_time\" content=\"2025-12-11T19:52:24+00:00\" \/>\n<meta property=\"article:modified_time\" content=\"2025-12-11T19:52:25+00:00\" \/>\n<meta property=\"og:image\" content=\"https:\/\/www.sanlien.com.br\/blog\/wp-content\/uploads\/2024\/03\/2149232511-1.jpg\" \/>\n\t<meta property=\"og:image:width\" content=\"1000\" \/>\n\t<meta property=\"og:image:height\" content=\"667\" \/>\n\t<meta property=\"og:image:type\" content=\"image\/jpeg\" \/>\n<meta name=\"author\" content=\"admin\" \/>\n<meta name=\"twitter:card\" content=\"summary_large_image\" \/>\n<meta name=\"twitter:label1\" content=\"Escrito por\" \/>\n\t<meta name=\"twitter:data1\" content=\"admin\" \/>\n\t<meta name=\"twitter:label2\" content=\"Est. tempo de leitura\" \/>\n\t<meta name=\"twitter:data2\" content=\"5 minutos\" \/>\n<script type=\"application\/ld+json\" class=\"yoast-schema-graph\">{\"@context\":\"https:\/\/schema.org\",\"@graph\":[{\"@type\":\"Article\",\"@id\":\"https:\/\/www.sanlien.com.br\/blog\/sustentabilidade-em-acao-estrategias-para-gestao-de-residuos-solidos\/#article\",\"isPartOf\":{\"@id\":\"https:\/\/www.sanlien.com.br\/blog\/sustentabilidade-em-acao-estrategias-para-gestao-de-residuos-solidos\/\"},\"author\":{\"name\":\"admin\",\"@id\":\"https:\/\/www.sanlien.com.br\/blog\/#\/schema\/person\/85eb4a356aebbc1679ec5e4b8dac034a\"},\"headline\":\"Sustentabilidade em a\u00e7\u00e3o: estrat\u00e9gias para gest\u00e3o de res\u00edduos s\u00f3lidos\",\"datePublished\":\"2025-12-11T19:52:24+00:00\",\"dateModified\":\"2025-12-11T19:52:25+00:00\",\"mainEntityOfPage\":{\"@id\":\"https:\/\/www.sanlien.com.br\/blog\/sustentabilidade-em-acao-estrategias-para-gestao-de-residuos-solidos\/\"},\"wordCount\":842,\"commentCount\":0,\"publisher\":{\"@id\":\"https:\/\/www.sanlien.com.br\/blog\/#organization\"},\"keywords\":[\"comprar gerenciamento de res\u00edduos s\u00f3lidos\",\"comprar gest\u00e3o de res\u00edduos s\u00f3lidos\",\"Educa\u00e7\u00e3o Ambiental\",\"empresa de gest\u00e3o de res\u00edduos s\u00f3lidos\",\"gerenciamento de res\u00edduos s\u00f3lidos direto da fabrica\",\"gerenciamento de res\u00edduos s\u00f3lidos em s\u00e3o paulo\",\"gerenciamento de res\u00edduos s\u00f3lidos em sp\",\"gerenciamento de res\u00edduos s\u00f3lidos na Penha\",\"gerenciamento de res\u00edduos s\u00f3lidos na Vila Maria\",\"gerenciamento de res\u00edduos s\u00f3lidos na zona norte\",\"gerenciamento de res\u00edduos s\u00f3lidos no Br\u00e1s\",\"gerenciamento de res\u00edduos s\u00f3lidos no Carr\u00e3o\",\"gerenciamento de res\u00edduos s\u00f3lidos no Tatuap\u00e9\",\"gerenciamento de res\u00edduos s\u00f3lidos perto de mim\",\"gerenciamento de res\u00edduos s\u00f3lidos pre\u00e7o\",\"gerenciamento de res\u00edduos s\u00f3lidos pr\u00f3ximo a mim\",\"Gest\u00e3o de Res\u00edduos S\u00f3lidos\",\"gest\u00e3o de res\u00edduos s\u00f3lidos direto da fabrica\",\"gest\u00e3o de res\u00edduos s\u00f3lidos em sp\",\"gest\u00e3o de res\u00edduos s\u00f3lidos na Penha\",\"gest\u00e3o de res\u00edduos s\u00f3lidos na Vila Maria\",\"gest\u00e3o de res\u00edduos s\u00f3lidos na zona norte\",\"gest\u00e3o de res\u00edduos s\u00f3lidos no Br\u00e1s\",\"gest\u00e3o de res\u00edduos s\u00f3lidos no Carr\u00e3o\",\"gest\u00e3o de res\u00edduos s\u00f3lidos no Tatuap\u00e9\",\"gest\u00e3o de res\u00edduos s\u00f3lidos perto de mim\",\"gest\u00e3o de res\u00edduos s\u00f3lidos pre\u00e7o\",\"gest\u00e3o de res\u00edduos s\u00f3lidos pr\u00f3ximo a mim\",\"Inova\u00e7\u00e3o em Sustentabilidade\",\"loja de gerenciamento de res\u00edduos s\u00f3lidos\",\"loja de gest\u00e3o de res\u00edduos s\u00f3lidos\",\"onde encontrar gerenciamento de res\u00edduos s\u00f3lidos\",\"onde encontrar gest\u00e3o de res\u00edduos s\u00f3lidos\",\"reciclagem\",\"San Lien\",\"servi\u00e7o de gerenciamento de res\u00edduos s\u00f3lidos\",\"servi\u00e7o de gest\u00e3o de res\u00edduos s\u00f3lidos\",\"Solu\u00e7\u00f5es Ambientais\",\"sustentabilidade\"],\"articleSection\":[\"Gerenciamento de res\u00edduos\"],\"inLanguage\":\"pt-BR\",\"potentialAction\":[{\"@type\":\"CommentAction\",\"name\":\"Comment\",\"target\":[\"https:\/\/www.sanlien.com.br\/blog\/sustentabilidade-em-acao-estrategias-para-gestao-de-residuos-solidos\/#respond\"]}]},{\"@type\":\"WebPage\",\"@id\":\"https:\/\/www.sanlien.com.br\/blog\/sustentabilidade-em-acao-estrategias-para-gestao-de-residuos-solidos\/\",\"url\":\"https:\/\/www.sanlien.com.br\/blog\/sustentabilidade-em-acao-estrategias-para-gestao-de-residuos-solidos\/\",\"name\":\"Sustentabilidade em a\u00e7\u00e3o: estrat\u00e9gias para gest\u00e3o de res\u00edduos s\u00f3lidos - San Lien\",\"isPartOf\":{\"@id\":\"https:\/\/www.sanlien.com.br\/blog\/#website\"},\"datePublished\":\"2025-12-11T19:52:24+00:00\",\"dateModified\":\"2025-12-11T19:52:25+00:00\",\"description\":\"Descubra estrat\u00e9gias de gest\u00e3o de res\u00edduos s\u00f3lidos para um futuro sustent\u00e1vel com o l\u00edder de mercado San Lien.\",\"breadcrumb\":{\"@id\":\"https:\/\/www.sanlien.com.br\/blog\/sustentabilidade-em-acao-estrategias-para-gestao-de-residuos-solidos\/#breadcrumb\"},\"inLanguage\":\"pt-BR\",\"potentialAction\":[{\"@type\":\"ReadAction\",\"target\":[\"https:\/\/www.sanlien.com.br\/blog\/sustentabilidade-em-acao-estrategias-para-gestao-de-residuos-solidos\/\"]}]},{\"@type\":\"BreadcrumbList\",\"@id\":\"https:\/\/www.sanlien.com.br\/blog\/sustentabilidade-em-acao-estrategias-para-gestao-de-residuos-solidos\/#breadcrumb\",\"itemListElement\":[{\"@type\":\"ListItem\",\"position\":1,\"name\":\"In\u00edcio\",\"item\":\"https:\/\/www.sanlien.com.br\/blog\/\"},{\"@type\":\"ListItem\",\"position\":2,\"name\":\"Sustentabilidade em a\u00e7\u00e3o: estrat\u00e9gias para gest\u00e3o de res\u00edduos s\u00f3lidos\"}]},{\"@type\":\"WebSite\",\"@id\":\"https:\/\/www.sanlien.com.br\/blog\/#website\",\"url\":\"https:\/\/www.sanlien.com.br\/blog\/\",\"name\":\"San Lien\",\"description\":\"Blog - San Lien\",\"publisher\":{\"@id\":\"https:\/\/www.sanlien.com.br\/blog\/#organization\"},\"potentialAction\":[{\"@type\":\"SearchAction\",\"target\":{\"@type\":\"EntryPoint\",\"urlTemplate\":\"https:\/\/www.sanlien.com.br\/blog\/?s={search_term_string}\"},\"query-input\":\"required name=search_term_string\"}],\"inLanguage\":\"pt-BR\"},{\"@type\":\"Organization\",\"@id\":\"https:\/\/www.sanlien.com.br\/blog\/#organization\",\"name\":\"San Lien\",\"url\":\"https:\/\/www.sanlien.com.br\/blog\/\",\"logo\":{\"@type\":\"ImageObject\",\"inLanguage\":\"pt-BR\",\"@id\":\"https:\/\/www.sanlien.com.br\/blog\/#\/schema\/logo\/image\/\",\"url\":\"https:\/\/www.sanlien.com.br\/blog\/wp-content\/uploads\/2023\/11\/logo.png\",\"contentUrl\":\"https:\/\/www.sanlien.com.br\/blog\/wp-content\/uploads\/2023\/11\/logo.png\",\"width\":500,\"height\":300,\"caption\":\"San Lien\"},\"image\":{\"@id\":\"https:\/\/www.sanlien.com.br\/blog\/#\/schema\/logo\/image\/\"}},{\"@type\":\"Person\",\"@id\":\"https:\/\/www.sanlien.com.br\/blog\/#\/schema\/person\/85eb4a356aebbc1679ec5e4b8dac034a\",\"name\":\"admin\",\"image\":{\"@type\":\"ImageObject\",\"inLanguage\":\"pt-BR\",\"@id\":\"https:\/\/www.sanlien.com.br\/blog\/#\/schema\/person\/image\/\",\"url\":\"https:\/\/secure.gravatar.com\/avatar\/bd8125b24775f217cdea35dcfa839469?s=96&d=mm&r=g\",\"contentUrl\":\"https:\/\/secure.gravatar.com\/avatar\/bd8125b24775f217cdea35dcfa839469?s=96&d=mm&r=g\",\"caption\":\"admin\"},\"sameAs\":[\"https:\/\/sanlien.com.br\/blog\"],\"url\":\"https:\/\/www.sanlien.com.br\/blog\/author\/admin\/\"}]}<\/script>\n<!-- \/ Yoast SEO plugin. -->","yoast_head_json":{"title":"Sustentabilidade em a\u00e7\u00e3o: estrat\u00e9gias para gest\u00e3o de res\u00edduos s\u00f3lidos - San Lien","description":"Descubra estrat\u00e9gias de gest\u00e3o de res\u00edduos s\u00f3lidos para um futuro sustent\u00e1vel com o l\u00edder de mercado San Lien.","robots":{"index":"index","follow":"follow","max-snippet":"max-snippet:-1","max-image-preview":"max-image-preview:large","max-video-preview":"max-video-preview:-1"},"canonical":"https:\/\/www.sanlien.com.br\/blog\/sustentabilidade-em-acao-estrategias-para-gestao-de-residuos-solidos\/","og_locale":"pt_BR","og_type":"article","og_title":"Sustentabilidade em a\u00e7\u00e3o: estrat\u00e9gias para gest\u00e3o de res\u00edduos s\u00f3lidos - San Lien","og_description":"Descubra estrat\u00e9gias de gest\u00e3o de res\u00edduos s\u00f3lidos para um futuro sustent\u00e1vel com o l\u00edder de mercado San Lien.","og_url":"https:\/\/www.sanlien.com.br\/blog\/sustentabilidade-em-acao-estrategias-para-gestao-de-residuos-solidos\/","og_site_name":"San Lien","article_published_time":"2025-12-11T19:52:24+00:00","article_modified_time":"2025-12-11T19:52:25+00:00","og_image":[{"width":1000,"height":667,"url":"https:\/\/www.sanlien.com.br\/blog\/wp-content\/uploads\/2024\/03\/2149232511-1.jpg","type":"image\/jpeg"}],"author":"admin","twitter_card":"summary_large_image","twitter_misc":{"Escrito por":"admin","Est. tempo de leitura":"5 minutos"},"schema":{"@context":"https:\/\/schema.org","@graph":[{"@type":"Article","@id":"https:\/\/www.sanlien.com.br\/blog\/sustentabilidade-em-acao-estrategias-para-gestao-de-residuos-solidos\/#article","isPartOf":{"@id":"https:\/\/www.sanlien.com.br\/blog\/sustentabilidade-em-acao-estrategias-para-gestao-de-residuos-solidos\/"},"author":{"name":"admin","@id":"https:\/\/www.sanlien.com.br\/blog\/#\/schema\/person\/85eb4a356aebbc1679ec5e4b8dac034a"},"headline":"Sustentabilidade em a\u00e7\u00e3o: estrat\u00e9gias para gest\u00e3o de res\u00edduos s\u00f3lidos","datePublished":"2025-12-11T19:52:24+00:00","dateModified":"2025-12-11T19:52:25+00:00","mainEntityOfPage":{"@id":"https:\/\/www.sanlien.com.br\/blog\/sustentabilidade-em-acao-estrategias-para-gestao-de-residuos-solidos\/"},"wordCount":842,"commentCount":0,"publisher":{"@id":"https:\/\/www.sanlien.com.br\/blog\/#organization"},"keywords":["comprar gerenciamento de res\u00edduos s\u00f3lidos","comprar gest\u00e3o de res\u00edduos s\u00f3lidos","Educa\u00e7\u00e3o Ambiental","empresa de gest\u00e3o de res\u00edduos s\u00f3lidos","gerenciamento de res\u00edduos s\u00f3lidos direto da fabrica","gerenciamento de res\u00edduos s\u00f3lidos em s\u00e3o paulo","gerenciamento de res\u00edduos s\u00f3lidos em sp","gerenciamento de res\u00edduos s\u00f3lidos na Penha","gerenciamento de res\u00edduos s\u00f3lidos na Vila Maria","gerenciamento de res\u00edduos s\u00f3lidos na zona norte","gerenciamento de res\u00edduos s\u00f3lidos no Br\u00e1s","gerenciamento de res\u00edduos s\u00f3lidos no Carr\u00e3o","gerenciamento de res\u00edduos s\u00f3lidos no Tatuap\u00e9","gerenciamento de res\u00edduos s\u00f3lidos perto de mim","gerenciamento de res\u00edduos s\u00f3lidos pre\u00e7o","gerenciamento de res\u00edduos s\u00f3lidos pr\u00f3ximo a mim","Gest\u00e3o de Res\u00edduos S\u00f3lidos","gest\u00e3o de res\u00edduos s\u00f3lidos direto da fabrica","gest\u00e3o de res\u00edduos s\u00f3lidos em sp","gest\u00e3o de res\u00edduos s\u00f3lidos na Penha","gest\u00e3o de res\u00edduos s\u00f3lidos na Vila Maria","gest\u00e3o de res\u00edduos s\u00f3lidos na zona norte","gest\u00e3o de res\u00edduos s\u00f3lidos no Br\u00e1s","gest\u00e3o de res\u00edduos s\u00f3lidos no Carr\u00e3o","gest\u00e3o de res\u00edduos s\u00f3lidos no Tatuap\u00e9","gest\u00e3o de res\u00edduos s\u00f3lidos perto de mim","gest\u00e3o de res\u00edduos s\u00f3lidos pre\u00e7o","gest\u00e3o de res\u00edduos s\u00f3lidos pr\u00f3ximo a mim","Inova\u00e7\u00e3o em Sustentabilidade","loja de gerenciamento de res\u00edduos s\u00f3lidos","loja de gest\u00e3o de res\u00edduos s\u00f3lidos","onde encontrar gerenciamento de res\u00edduos s\u00f3lidos","onde encontrar gest\u00e3o de res\u00edduos s\u00f3lidos","reciclagem","San Lien","servi\u00e7o de gerenciamento de res\u00edduos s\u00f3lidos","servi\u00e7o de gest\u00e3o de res\u00edduos s\u00f3lidos","Solu\u00e7\u00f5es Ambientais","sustentabilidade"],"articleSection":["Gerenciamento de res\u00edduos"],"inLanguage":"pt-BR","potentialAction":[{"@type":"CommentAction","name":"Comment","target":["https:\/\/www.sanlien.com.br\/blog\/sustentabilidade-em-acao-estrategias-para-gestao-de-residuos-solidos\/#respond"]}]},{"@type":"WebPage","@id":"https:\/\/www.sanlien.com.br\/blog\/sustentabilidade-em-acao-estrategias-para-gestao-de-residuos-solidos\/","url":"https:\/\/www.sanlien.com.br\/blog\/sustentabilidade-em-acao-estrategias-para-gestao-de-residuos-solidos\/","name":"Sustentabilidade em a\u00e7\u00e3o: estrat\u00e9gias para gest\u00e3o de res\u00edduos s\u00f3lidos - San Lien","isPartOf":{"@id":"https:\/\/www.sanlien.com.br\/blog\/#website"},"datePublished":"2025-12-11T19:52:24+00:00","dateModified":"2025-12-11T19:52:25+00:00","description":"Descubra estrat\u00e9gias de gest\u00e3o de res\u00edduos s\u00f3lidos para um futuro sustent\u00e1vel com o l\u00edder de mercado San Lien.","breadcrumb":{"@id":"https:\/\/www.sanlien.com.br\/blog\/sustentabilidade-em-acao-estrategias-para-gestao-de-residuos-solidos\/#breadcrumb"},"inLanguage":"pt-BR","potentialAction":[{"@type":"ReadAction","target":["https:\/\/www.sanlien.com.br\/blog\/sustentabilidade-em-acao-estrategias-para-gestao-de-residuos-solidos\/"]}]},{"@type":"BreadcrumbList","@id":"https:\/\/www.sanlien.com.br\/blog\/sustentabilidade-em-acao-estrategias-para-gestao-de-residuos-solidos\/#breadcrumb","itemListElement":[{"@type":"ListItem","position":1,"name":"In\u00edcio","item":"https:\/\/www.sanlien.com.br\/blog\/"},{"@type":"ListItem","position":2,"name":"Sustentabilidade em a\u00e7\u00e3o: estrat\u00e9gias para gest\u00e3o de res\u00edduos s\u00f3lidos"}]},{"@type":"WebSite","@id":"https:\/\/www.sanlien.com.br\/blog\/#website","url":"https:\/\/www.sanlien.com.br\/blog\/","name":"San Lien","description":"Blog - San Lien","publisher":{"@id":"https:\/\/www.sanlien.com.br\/blog\/#organization"},"potentialAction":[{"@type":"SearchAction","target":{"@type":"EntryPoint","urlTemplate":"https:\/\/www.sanlien.com.br\/blog\/?s={search_term_string}"},"query-input":"required name=search_term_string"}],"inLanguage":"pt-BR"},{"@type":"Organization","@id":"https:\/\/www.sanlien.com.br\/blog\/#organization","name":"San Lien","url":"https:\/\/www.sanlien.com.br\/blog\/","logo":{"@type":"ImageObject","inLanguage":"pt-BR","@id":"https:\/\/www.sanlien.com.br\/blog\/#\/schema\/logo\/image\/","url":"https:\/\/www.sanlien.com.br\/blog\/wp-content\/uploads\/2023\/11\/logo.png","contentUrl":"https:\/\/www.sanlien.com.br\/blog\/wp-content\/uploads\/2023\/11\/logo.png","width":500,"height":300,"caption":"San Lien"},"image":{"@id":"https:\/\/www.sanlien.com.br\/blog\/#\/schema\/logo\/image\/"}},{"@type":"Person","@id":"https:\/\/www.sanlien.com.br\/blog\/#\/schema\/person\/85eb4a356aebbc1679ec5e4b8dac034a","name":"admin","image":{"@type":"ImageObject","inLanguage":"pt-BR","@id":"https:\/\/www.sanlien.com.br\/blog\/#\/schema\/person\/image\/","url":"https:\/\/secure.gravatar.com\/avatar\/bd8125b24775f217cdea35dcfa839469?s=96&d=mm&r=g","contentUrl":"https:\/\/secure.gravatar.com\/avatar\/bd8125b24775f217cdea35dcfa839469?s=96&d=mm&r=g","caption":"admin"},"sameAs":["https:\/\/sanlien.com.br\/blog"],"url":"https:\/\/www.sanlien.com.br\/blog\/author\/admin\/"}]}},"_links":{"self":[{"href":"https:\/\/www.sanlien.com.br\/blog\/wp-json\/wp\/v2\/posts\/126"}],"collection":[{"href":"https:\/\/www.sanlien.com.br\/blog\/wp-json\/wp\/v2\/posts"}],"about":[{"href":"https:\/\/www.sanlien.com.br\/blog\/wp-json\/wp\/v2\/types\/post"}],"author":[{"embeddable":true,"href":"https:\/\/www.sanlien.com.br\/blog\/wp-json\/wp\/v2\/users\/1"}],"replies":[{"embeddable":true,"href":"https:\/\/www.sanlien.com.br\/blog\/wp-json\/wp\/v2\/comments?post=126"}],"version-history":[{"count":3,"href":"https:\/\/www.sanlien.com.br\/blog\/wp-json\/wp\/v2\/posts\/126\/revisions"}],"predecessor-version":[{"id":470,"href":"https:\/\/www.sanlien.com.br\/blog\/wp-json\/wp\/v2\/posts\/126\/revisions\/470"}],"wp:featuredmedia":[{"embeddable":true,"href":"https:\/\/www.sanlien.com.br\/blog\/wp-json\/wp\/v2\/media\/128"}],"wp:attachment":[{"href":"https:\/\/www.sanlien.com.br\/blog\/wp-json\/wp\/v2\/media?parent=126"}],"wp:term":[{"taxonomy":"category","embeddable":true,"href":"https:\/\/www.sanlien.com.br\/blog\/wp-json\/wp\/v2\/categories?post=126"},{"taxonomy":"post_tag","embeddable":true,"href":"https:\/\/www.sanlien.com.br\/blog\/wp-json\/wp\/v2\/tags?post=126"}],"curies":[{"name":"wp","href":"https:\/\/api.w.org\/{rel}","templated":true}]}}